

{"id":14610,"date":"2025-12-15T06:55:00","date_gmt":"2025-12-15T06:55:00","guid":{"rendered":"https:\/\/www.in-magazines.com\/magazine\/?p=14610"},"modified":"2025-12-12T09:42:03","modified_gmt":"2025-12-12T09:42:03","slug":"paul-jean-baptiste-mauvenu-deux-freres-en-lumiere","status":"publish","type":"post","link":"https:\/\/www.in-magazines.com\/magazine\/sommaire\/inmagazine-43\/paul-jean-baptiste-mauvenu-deux-freres-en-lumiere\/","title":{"rendered":"PAUL &amp; JEAN-BAPTISTE MAUVENU : DEUX FR\u00c8RES en Lumi\u00e8re"},"content":{"rendered":"\n<p>Si leur nom vous dit vaguement quelque chose, c\u2019est peut-\u00eatre bien parce que vous l\u2019avez vu s\u2019afficher sur l\u2019un des cent salons d\u2019esth\u00e9tique sp\u00e9cialis\u00e9s dans la lumi\u00e8re puls\u00e9e et le laser, sous la marque D\u00e9pil Tech. L\u2019enseigne fond\u00e9e en 2011 \u00e0 Nice par Paul &amp; Jean-Baptiste Mauvenu va cette ann\u00e9e prendre des vitamines, car les deux fr\u00e8res entrepreneurs ne manquent ni d\u2019id\u00e9es, ni d\u2019ambition pour asseoir l\u2019expertise et l\u2019h\u00e9ritage de D\u00e9pil Tech, qui aura connu de nombreuses temp\u00eates avant d\u2019aborder 2026 toutes voiles dehors, \u00e0 la conqu\u00eate de nouveaux march\u00e9s.<\/p>\n\n\n\n<h2 class=\"wp-block-heading\">La Trajectoire<\/h2>\n\n\n\n<p>Fin 2022, plus de dix ans apr\u00e8s avoir fond\u00e9 D\u00e9pil Tech, leur r\u00e9seau de centres esth\u00e9tiques d\u00e9di\u00e9s \u00e0 la r\u00e9volutionnaire technique d\u2019\u00e9pilation d\u00e9finitive \u00e0 la lumi\u00e8re puls\u00e9e, Paul et Jean-Baptiste reviennent \u00e0 la direction op\u00e9rationnelle de leur enseigne. On peut dire qu\u2019ils\u2026 reprennent du poil de la b\u00eate. Car leur marque a tout connu depuis 2011 : tout d\u2019abord une ascension fulgurante avec jusqu\u2019\u00e0 25 ouvertures de centres par an, des milliers d\u2019esth\u00e9ticiennes form\u00e9es dans leur acad\u00e9mie d\u00e9di\u00e9e \u00e0 la lumi\u00e8re puls\u00e9e, bas\u00e9e au si\u00e8ge ni\u00e7ois, l\u2019extravagant Ch\u00e2teau n\u00e9o-gothique Leliwa, \u00e0 l\u2019Ouest de la ville. Un lieu qui correspond bien \u00e0 l\u2019attachante personnalit\u00e9 des deux fr\u00e8res, dont l\u2019\u00e9l\u00e9gant bureau d\u2019\u00e9poque contraste avec les technologies que leurs lasers dernier cri d\u00e9ploient tous les jours sur des centaines de clients en France. L\u2019histoire de D\u00e9pil Tech connait aussi des d\u00e9boires et des difficult\u00e9s : la croissance du r\u00e9seau, qui se d\u00e9veloppe en franchise, est rapide mais le succ\u00e8s attire les convoitises. Des concurrents imitent Paul et Jean-Baptiste et bient\u00f4t, c\u2019est le corps m\u00e9dical qui intente des proc\u00e8s \u00e0 D\u00e9pil Tech : certains m\u00e9decins veulent conserver le monopole de cette activit\u00e9 esth\u00e9tique et tentent par tous les moyens de les interdire d\u2019exercer.<\/p>\n\n\n<a href=\"#\" class=\"_3d-flip-book  fb3d-link-lightbox-mode\" data-id=\"14558\" data-mode=\"link-lightbox\" data-title=\"false\" data-template=\"short-white-book-view\" data-lightbox=\"dark\" data-urlparam=\"fb3d-page\" data-page-n=\"0\" data-pdf=\"\" data-tax=\"null\" data-thumbnail=\"\" data-cols=\"3\" data-query=\"\"><img decoding=\"async\" src=\"http:\/\/www.in-magazines.com\/magazine\/wp-content\/uploads\/2021\/05\/btn.jpg\"><\/a>\n","protected":false},"excerpt":{"rendered":"<p>Si leur nom vous dit vaguement quelque chose, c&rsquo;est peut-&ecirc;tre bien parce que vous l&rsquo;avez vu s&rsquo;afficher sur l&rsquo;un des cent salons d&rsquo;esth&eacute;tique sp&eacute;cialis&eacute;s dans la lumi&egrave;re puls&eacute;e et le laser, sous la marque D&eacute;pil Tech. L&rsquo;enseigne fond&eacute;e en 2011 &agrave; Nice par Paul &amp; Jean-Baptiste Mauvenu va cette ann&eacute;e prendre des vitamines, car les&hellip; <a class=\"more-link\" href=\"https:\/\/www.in-magazines.com\/magazine\/sommaire\/inmagazine-43\/paul-jean-baptiste-mauvenu-deux-freres-en-lumiere\/\">Poursuivre la lecture <span class=\"screen-reader-text\">PAUL &amp; JEAN-BAPTISTE MAUVENU : DEUX FR\u00c8RES en Lumi\u00e8re<\/span><\/a><\/p>\n","protected":false},"author":1,"featured_media":14611,"comment_status":"open","ping_status":"open","sticky":false,"template":"","format":"standard","meta":{"footnotes":""},"categories":[2179,2752],"tags":[2753],"yoast_head":"<!-- This site is optimized with the Yoast SEO plugin v16.2 - https:\/\/yoast.com\/wordpress\/plugins\/seo\/ -->\n<title>PAUL &amp; JEAN-BAPTISTE MAUVENU : DEUX FR\u00c8RES en Lumi\u00e8re - In Magazines<\/title>\n<meta name=\"robots\" content=\"index, follow, max-snippet:-1, max-image-preview:large, max-video-preview:-1\" \/>\n<link rel=\"canonical\" href=\"https:\/\/www.in-magazines.com\/magazine\/sommaire\/inmagazine-43\/paul-jean-baptiste-mauvenu-deux-freres-en-lumiere\/\" \/>\n<meta property=\"og:locale\" content=\"fr_FR\" \/>\n<meta property=\"og:type\" content=\"article\" \/>\n<meta property=\"og:title\" content=\"PAUL &amp; JEAN-BAPTISTE MAUVENU : DEUX FR\u00c8RES en Lumi\u00e8re - In Magazines\" \/>\n<meta property=\"og:description\" content=\"Si leur nom vous dit vaguement quelque chose, c&rsquo;est peut-&ecirc;tre bien parce que vous l&rsquo;avez vu s&rsquo;afficher sur l&rsquo;un des cent salons d&rsquo;esth&eacute;tique sp&eacute;cialis&eacute;s dans la lumi&egrave;re puls&eacute;e et le laser, sous la marque D&eacute;pil Tech. L&rsquo;enseigne fond&eacute;e en 2011 &agrave; Nice par Paul &amp; Jean-Baptiste Mauvenu va cette ann&eacute;e prendre des vitamines, car les&hellip; Poursuivre la lecture PAUL &amp; JEAN-BAPTISTE MAUVENU : DEUX FR\u00c8RES en Lumi\u00e8re\" \/>\n<meta property=\"og:url\" content=\"https:\/\/www.in-magazines.com\/magazine\/sommaire\/inmagazine-43\/paul-jean-baptiste-mauvenu-deux-freres-en-lumiere\/\" \/>\n<meta property=\"og:site_name\" content=\"In Magazines\" \/>\n<meta property=\"article:published_time\" content=\"2025-12-15T06:55:00+00:00\" \/>\n<meta property=\"article:modified_time\" content=\"2025-12-12T09:42:03+00:00\" \/>\n<meta property=\"og:image\" content=\"https:\/\/www.in-magazines.com\/magazine\/wp-content\/uploads\/2025\/12\/PAUL-JEAN-BAPTISTE-MAUVENU-DEUX-FRERES-en-Lumiere.jpg\" \/>\n\t<meta property=\"og:image:width\" content=\"600\" \/>\n\t<meta property=\"og:image:height\" content=\"600\" \/>\n<meta name=\"twitter:label1\" content=\"Dur\u00e9e de lecture est.\">\n\t<meta name=\"twitter:data1\" content=\"2 minutes\">\n<script type=\"application\/ld+json\" class=\"yoast-schema-graph\">{\"@context\":\"https:\/\/schema.org\",\"@graph\":[{\"@type\":\"WebSite\",\"@id\":\"https:\/\/www.in-magazines.com\/magazine\/#website\",\"url\":\"https:\/\/www.in-magazines.com\/magazine\/\",\"name\":\"In Magazines\",\"description\":\"\",\"potentialAction\":[{\"@type\":\"SearchAction\",\"target\":\"https:\/\/www.in-magazines.com\/magazine\/?s={search_term_string}\",\"query-input\":\"required name=search_term_string\"}],\"inLanguage\":\"fr-FR\"},{\"@type\":\"ImageObject\",\"@id\":\"https:\/\/www.in-magazines.com\/magazine\/sommaire\/inmagazine-43\/paul-jean-baptiste-mauvenu-deux-freres-en-lumiere\/#primaryimage\",\"inLanguage\":\"fr-FR\",\"url\":\"https:\/\/www.in-magazines.com\/magazine\/wp-content\/uploads\/2025\/12\/PAUL-JEAN-BAPTISTE-MAUVENU-DEUX-FRERES-en-Lumiere.jpg\",\"contentUrl\":\"https:\/\/www.in-magazines.com\/magazine\/wp-content\/uploads\/2025\/12\/PAUL-JEAN-BAPTISTE-MAUVENU-DEUX-FRERES-en-Lumiere.jpg\",\"width\":600,\"height\":600},{\"@type\":\"WebPage\",\"@id\":\"https:\/\/www.in-magazines.com\/magazine\/sommaire\/inmagazine-43\/paul-jean-baptiste-mauvenu-deux-freres-en-lumiere\/#webpage\",\"url\":\"https:\/\/www.in-magazines.com\/magazine\/sommaire\/inmagazine-43\/paul-jean-baptiste-mauvenu-deux-freres-en-lumiere\/\",\"name\":\"PAUL &amp; JEAN-BAPTISTE MAUVENU : DEUX FR\\u00c8RES en Lumi\\u00e8re - In Magazines\",\"isPartOf\":{\"@id\":\"https:\/\/www.in-magazines.com\/magazine\/#website\"},\"primaryImageOfPage\":{\"@id\":\"https:\/\/www.in-magazines.com\/magazine\/sommaire\/inmagazine-43\/paul-jean-baptiste-mauvenu-deux-freres-en-lumiere\/#primaryimage\"},\"datePublished\":\"2025-12-15T06:55:00+00:00\",\"dateModified\":\"2025-12-12T09:42:03+00:00\",\"author\":{\"@id\":\"https:\/\/www.in-magazines.com\/magazine\/#\/schema\/person\/c27e7dabb9a1ef380814bdd5636d07e3\"},\"breadcrumb\":{\"@id\":\"https:\/\/www.in-magazines.com\/magazine\/sommaire\/inmagazine-43\/paul-jean-baptiste-mauvenu-deux-freres-en-lumiere\/#breadcrumb\"},\"inLanguage\":\"fr-FR\",\"potentialAction\":[{\"@type\":\"ReadAction\",\"target\":[\"https:\/\/www.in-magazines.com\/magazine\/sommaire\/inmagazine-43\/paul-jean-baptiste-mauvenu-deux-freres-en-lumiere\/\"]}]},{\"@type\":\"BreadcrumbList\",\"@id\":\"https:\/\/www.in-magazines.com\/magazine\/sommaire\/inmagazine-43\/paul-jean-baptiste-mauvenu-deux-freres-en-lumiere\/#breadcrumb\",\"itemListElement\":[{\"@type\":\"ListItem\",\"position\":1,\"item\":{\"@id\":\"https:\/\/www.in-magazines.com\/magazine\/sommaire\/inmagazine-43\/paul-jean-baptiste-mauvenu-deux-freres-en-lumiere\/#webpage\"}}]},{\"@type\":\"Person\",\"@id\":\"https:\/\/www.in-magazines.com\/magazine\/#\/schema\/person\/c27e7dabb9a1ef380814bdd5636d07e3\",\"name\":\"backinmag\",\"image\":{\"@type\":\"ImageObject\",\"@id\":\"https:\/\/www.in-magazines.com\/magazine\/#personlogo\",\"inLanguage\":\"fr-FR\",\"url\":\"https:\/\/secure.gravatar.com\/avatar\/13a234bb19dc4fd04793d73c3472fbdb?s=96&d=mm&r=g\",\"contentUrl\":\"https:\/\/secure.gravatar.com\/avatar\/13a234bb19dc4fd04793d73c3472fbdb?s=96&d=mm&r=g\",\"caption\":\"backinmag\"},\"sameAs\":[\"http:\/\/www.in-magazines.com\/magazin\"]}]}<\/script>\n<!-- \/ Yoast SEO plugin. -->","_links":{"self":[{"href":"https:\/\/www.in-magazines.com\/magazine\/wp-json\/wp\/v2\/posts\/14610"}],"collection":[{"href":"https:\/\/www.in-magazines.com\/magazine\/wp-json\/wp\/v2\/posts"}],"about":[{"href":"https:\/\/www.in-magazines.com\/magazine\/wp-json\/wp\/v2\/types\/post"}],"author":[{"embeddable":true,"href":"https:\/\/www.in-magazines.com\/magazine\/wp-json\/wp\/v2\/users\/1"}],"replies":[{"embeddable":true,"href":"https:\/\/www.in-magazines.com\/magazine\/wp-json\/wp\/v2\/comments?post=14610"}],"version-history":[{"count":5,"href":"https:\/\/www.in-magazines.com\/magazine\/wp-json\/wp\/v2\/posts\/14610\/revisions"}],"predecessor-version":[{"id":14872,"href":"https:\/\/www.in-magazines.com\/magazine\/wp-json\/wp\/v2\/posts\/14610\/revisions\/14872"}],"wp:featuredmedia":[{"embeddable":true,"href":"https:\/\/www.in-magazines.com\/magazine\/wp-json\/wp\/v2\/media\/14611"}],"wp:attachment":[{"href":"https:\/\/www.in-magazines.com\/magazine\/wp-json\/wp\/v2\/media?parent=14610"}],"wp:term":[{"taxonomy":"category","embeddable":true,"href":"https:\/\/www.in-magazines.com\/magazine\/wp-json\/wp\/v2\/categories?post=14610"},{"taxonomy":"post_tag","embeddable":true,"href":"https:\/\/www.in-magazines.com\/magazine\/wp-json\/wp\/v2\/tags?post=14610"}],"curies":[{"name":"wp","href":"https:\/\/api.w.org\/{rel}","templated":true}]}}