

{"id":14617,"date":"2025-12-15T06:54:00","date_gmt":"2025-12-15T06:54:00","guid":{"rendered":"https:\/\/www.in-magazines.com\/magazine\/?p=14617"},"modified":"2025-12-11T13:37:46","modified_gmt":"2025-12-11T13:37:46","slug":"christophe-debrabandere-carnet-de-route","status":"publish","type":"post","link":"https:\/\/www.in-magazines.com\/magazine\/sommaire\/inmagazine-43\/christophe-debrabandere-carnet-de-route\/","title":{"rendered":"CHRISTOPHE DEBRABAND\u00c8RE : Carnet de ROUTE"},"content":{"rendered":"\n<p>Avec Franck Cannata, ils forment un duo performant qui bouleverse les codes du transport et des mobilit\u00e9s depuis pr\u00e8s de 15 ans \u00e0 Nice. Christophe Debraband\u00e8re, Directeur g\u00e9n\u00e9ral du groupe Transcan fond\u00e9 par Franck il y a 25 ans, entame une quatorzi\u00e8me saison \u00e0 la t\u00eate de la Transcan Team, sur une route exigeante mais riche de satisfactions, entre innovations techniques, conqu\u00eates commerciales et audace entrepreneuriale.<\/p>\n\n\n\n<h2 class=\"wp-block-heading\">Les d\u00e9buts<\/h2>\n\n\n\n<p>S\u2019il a adopt\u00e9 la C\u00f4te d\u2019Azur il y a pr\u00e8s de 20 ans, son accent chantant trahit vite les origines marseillaises de Christophe Debraband\u00e8re. Il compte une petite incursion de 3 ann\u00e9es en r\u00e9gion parisienne, mais son parcours professionnel l\u2019aura surtout vu \u00e9voluer dans le sud, dans le monde de la logistique et du transport m\u00e9ridional. Tout commence par un cursus d\u2019\u00e9tudes durant lequel Christophe est recrut\u00e9 en alternance chez Gefco, \u00e0 Bouc-Bel-Air dans les Bouches du Rh\u00f4ne. C\u2019est pour le m\u00eame groupe de transport qu\u2019il poursuit sa formation en Master des Op\u00e9rations Logistiques \u00e0 Nice, puis \u00e0 Gennevilliers. Ambitieux, Christophe se voit par la suite proposer un poste de responsable d\u2019exploitation \u00e0 Nice, chez Graveleau (aujourd\u2019hui groupe Dachser). Le retour sur la C\u00f4te d\u2019Azur a lieu en 2005. Nouvel objectif : devenir directeur d\u2019agence. Il l\u2019atteindra en revenant chez Gefco, \u00e0 Carros. C\u2019est l\u00e0 qu\u2019il fait la rencontre d\u2019un partenaire qui va changer le cours de son ascension professionnelle : Franck Cannata. En attendant, Christophe part sur un nouveau challenge pour d\u00e9velopper la partie commerce du groupe industriel Ragni, expert de l\u2019\u00e9clairage public et des luminaires. Une exp\u00e9rience qui le fera grandir dans son approche du d\u00e9veloppement commercial et de la croissance des PME de dimensions nationale et internationale mais surtout, qui le confortera dans son envie de d\u00e9velopper les relations humaines dans des PME qui donnent la chance au potentiel.<\/p>\n\n\n<a href=\"#\" class=\"_3d-flip-book  fb3d-link-lightbox-mode\" data-id=\"14559\" data-mode=\"link-lightbox\" data-title=\"false\" data-template=\"short-white-book-view\" data-lightbox=\"dark\" data-urlparam=\"fb3d-page\" data-page-n=\"0\" data-pdf=\"\" data-tax=\"null\" data-thumbnail=\"\" data-cols=\"3\" data-query=\"\"><img decoding=\"async\" src=\"http:\/\/www.in-magazines.com\/magazine\/wp-content\/uploads\/2021\/05\/btn.jpg\"><\/a>\n","protected":false},"excerpt":{"rendered":"<p>Avec Franck Cannata, ils forment un duo performant qui bouleverse les codes du transport et des mobilit&eacute;s depuis pr&egrave;s de 15 ans &agrave; Nice. Christophe Debraband&egrave;re, Directeur g&eacute;n&eacute;ral du groupe Transcan fond&eacute; par Franck il y a 25 ans, entame une quatorzi&egrave;me saison &agrave; la t&ecirc;te de la Transcan Team, sur une route exigeante mais&hellip; <a class=\"more-link\" href=\"https:\/\/www.in-magazines.com\/magazine\/sommaire\/inmagazine-43\/christophe-debrabandere-carnet-de-route\/\">Poursuivre la lecture <span class=\"screen-reader-text\">CHRISTOPHE DEBRABAND\u00c8RE : Carnet de ROUTE<\/span><\/a><\/p>\n","protected":false},"author":1,"featured_media":14621,"comment_status":"open","ping_status":"open","sticky":false,"template":"","format":"standard","meta":{"footnotes":""},"categories":[2752,2179],"tags":[2754],"yoast_head":"<!-- This site is optimized with the Yoast SEO plugin v16.2 - https:\/\/yoast.com\/wordpress\/plugins\/seo\/ -->\n<title>CHRISTOPHE DEBRABAND\u00c8RE : Carnet de ROUTE - In Magazines<\/title>\n<meta name=\"robots\" content=\"index, follow, max-snippet:-1, max-image-preview:large, max-video-preview:-1\" \/>\n<link rel=\"canonical\" href=\"https:\/\/www.in-magazines.com\/magazine\/sommaire\/inmagazine-43\/christophe-debrabandere-carnet-de-route\/\" \/>\n<meta property=\"og:locale\" content=\"fr_FR\" \/>\n<meta property=\"og:type\" content=\"article\" \/>\n<meta property=\"og:title\" content=\"CHRISTOPHE DEBRABAND\u00c8RE : Carnet de ROUTE - In Magazines\" \/>\n<meta property=\"og:description\" content=\"Avec Franck Cannata, ils forment un duo performant qui bouleverse les codes du transport et des mobilit&eacute;s depuis pr&egrave;s de 15 ans &agrave; Nice. Christophe Debraband&egrave;re, Directeur g&eacute;n&eacute;ral du groupe Transcan fond&eacute; par Franck il y a 25 ans, entame une quatorzi&egrave;me saison &agrave; la t&ecirc;te de la Transcan Team, sur une route exigeante mais&hellip; Poursuivre la lecture CHRISTOPHE DEBRABAND\u00c8RE : Carnet de ROUTE\" \/>\n<meta property=\"og:url\" content=\"https:\/\/www.in-magazines.com\/magazine\/sommaire\/inmagazine-43\/christophe-debrabandere-carnet-de-route\/\" \/>\n<meta property=\"og:site_name\" content=\"In Magazines\" \/>\n<meta property=\"article:published_time\" content=\"2025-12-15T06:54:00+00:00\" \/>\n<meta property=\"article:modified_time\" content=\"2025-12-11T13:37:46+00:00\" \/>\n<meta property=\"og:image\" content=\"https:\/\/www.in-magazines.com\/magazine\/wp-content\/uploads\/2025\/12\/CHRISTOPHE-DEBRABANDERE-Carnet-de-ROUTE-1.jpg\" \/>\n\t<meta property=\"og:image:width\" content=\"600\" \/>\n\t<meta property=\"og:image:height\" content=\"600\" \/>\n<meta name=\"twitter:label1\" content=\"Dur\u00e9e de lecture est.\">\n\t<meta name=\"twitter:data1\" content=\"2 minutes\">\n<script type=\"application\/ld+json\" class=\"yoast-schema-graph\">{\"@context\":\"https:\/\/schema.org\",\"@graph\":[{\"@type\":\"WebSite\",\"@id\":\"https:\/\/www.in-magazines.com\/magazine\/#website\",\"url\":\"https:\/\/www.in-magazines.com\/magazine\/\",\"name\":\"In Magazines\",\"description\":\"\",\"potentialAction\":[{\"@type\":\"SearchAction\",\"target\":\"https:\/\/www.in-magazines.com\/magazine\/?s={search_term_string}\",\"query-input\":\"required name=search_term_string\"}],\"inLanguage\":\"fr-FR\"},{\"@type\":\"ImageObject\",\"@id\":\"https:\/\/www.in-magazines.com\/magazine\/sommaire\/inmagazine-43\/christophe-debrabandere-carnet-de-route\/#primaryimage\",\"inLanguage\":\"fr-FR\",\"url\":\"https:\/\/www.in-magazines.com\/magazine\/wp-content\/uploads\/2025\/12\/CHRISTOPHE-DEBRABANDERE-Carnet-de-ROUTE-1.jpg\",\"contentUrl\":\"https:\/\/www.in-magazines.com\/magazine\/wp-content\/uploads\/2025\/12\/CHRISTOPHE-DEBRABANDERE-Carnet-de-ROUTE-1.jpg\",\"width\":600,\"height\":600},{\"@type\":\"WebPage\",\"@id\":\"https:\/\/www.in-magazines.com\/magazine\/sommaire\/inmagazine-43\/christophe-debrabandere-carnet-de-route\/#webpage\",\"url\":\"https:\/\/www.in-magazines.com\/magazine\/sommaire\/inmagazine-43\/christophe-debrabandere-carnet-de-route\/\",\"name\":\"CHRISTOPHE DEBRABAND\\u00c8RE : Carnet de ROUTE - In Magazines\",\"isPartOf\":{\"@id\":\"https:\/\/www.in-magazines.com\/magazine\/#website\"},\"primaryImageOfPage\":{\"@id\":\"https:\/\/www.in-magazines.com\/magazine\/sommaire\/inmagazine-43\/christophe-debrabandere-carnet-de-route\/#primaryimage\"},\"datePublished\":\"2025-12-15T06:54:00+00:00\",\"dateModified\":\"2025-12-11T13:37:46+00:00\",\"author\":{\"@id\":\"https:\/\/www.in-magazines.com\/magazine\/#\/schema\/person\/c27e7dabb9a1ef380814bdd5636d07e3\"},\"breadcrumb\":{\"@id\":\"https:\/\/www.in-magazines.com\/magazine\/sommaire\/inmagazine-43\/christophe-debrabandere-carnet-de-route\/#breadcrumb\"},\"inLanguage\":\"fr-FR\",\"potentialAction\":[{\"@type\":\"ReadAction\",\"target\":[\"https:\/\/www.in-magazines.com\/magazine\/sommaire\/inmagazine-43\/christophe-debrabandere-carnet-de-route\/\"]}]},{\"@type\":\"BreadcrumbList\",\"@id\":\"https:\/\/www.in-magazines.com\/magazine\/sommaire\/inmagazine-43\/christophe-debrabandere-carnet-de-route\/#breadcrumb\",\"itemListElement\":[{\"@type\":\"ListItem\",\"position\":1,\"item\":{\"@id\":\"https:\/\/www.in-magazines.com\/magazine\/sommaire\/inmagazine-43\/christophe-debrabandere-carnet-de-route\/#webpage\"}}]},{\"@type\":\"Person\",\"@id\":\"https:\/\/www.in-magazines.com\/magazine\/#\/schema\/person\/c27e7dabb9a1ef380814bdd5636d07e3\",\"name\":\"backinmag\",\"image\":{\"@type\":\"ImageObject\",\"@id\":\"https:\/\/www.in-magazines.com\/magazine\/#personlogo\",\"inLanguage\":\"fr-FR\",\"url\":\"https:\/\/secure.gravatar.com\/avatar\/13a234bb19dc4fd04793d73c3472fbdb?s=96&d=mm&r=g\",\"contentUrl\":\"https:\/\/secure.gravatar.com\/avatar\/13a234bb19dc4fd04793d73c3472fbdb?s=96&d=mm&r=g\",\"caption\":\"backinmag\"},\"sameAs\":[\"http:\/\/www.in-magazines.com\/magazin\"]}]}<\/script>\n<!-- \/ Yoast SEO plugin. -->","_links":{"self":[{"href":"https:\/\/www.in-magazines.com\/magazine\/wp-json\/wp\/v2\/posts\/14617"}],"collection":[{"href":"https:\/\/www.in-magazines.com\/magazine\/wp-json\/wp\/v2\/posts"}],"about":[{"href":"https:\/\/www.in-magazines.com\/magazine\/wp-json\/wp\/v2\/types\/post"}],"author":[{"embeddable":true,"href":"https:\/\/www.in-magazines.com\/magazine\/wp-json\/wp\/v2\/users\/1"}],"replies":[{"embeddable":true,"href":"https:\/\/www.in-magazines.com\/magazine\/wp-json\/wp\/v2\/comments?post=14617"}],"version-history":[{"count":4,"href":"https:\/\/www.in-magazines.com\/magazine\/wp-json\/wp\/v2\/posts\/14617\/revisions"}],"predecessor-version":[{"id":14784,"href":"https:\/\/www.in-magazines.com\/magazine\/wp-json\/wp\/v2\/posts\/14617\/revisions\/14784"}],"wp:featuredmedia":[{"embeddable":true,"href":"https:\/\/www.in-magazines.com\/magazine\/wp-json\/wp\/v2\/media\/14621"}],"wp:attachment":[{"href":"https:\/\/www.in-magazines.com\/magazine\/wp-json\/wp\/v2\/media?parent=14617"}],"wp:term":[{"taxonomy":"category","embeddable":true,"href":"https:\/\/www.in-magazines.com\/magazine\/wp-json\/wp\/v2\/categories?post=14617"},{"taxonomy":"post_tag","embeddable":true,"href":"https:\/\/www.in-magazines.com\/magazine\/wp-json\/wp\/v2\/tags?post=14617"}],"curies":[{"name":"wp","href":"https:\/\/api.w.org\/{rel}","templated":true}]}}