

{"id":14688,"date":"2025-12-15T06:38:00","date_gmt":"2025-12-15T06:38:00","guid":{"rendered":"https:\/\/www.in-magazines.com\/magazine\/?p=14688"},"modified":"2025-12-11T10:38:01","modified_gmt":"2025-12-11T10:38:01","slug":"controle-technique-une-enseigne-low-cost-debarque-sur-la-cote-dazur","status":"publish","type":"post","link":"https:\/\/www.in-magazines.com\/magazine\/categories\/services-aux-entreprises-mobilite\/controle-technique-une-enseigne-low-cost-debarque-sur-la-cote-dazur\/","title":{"rendered":"CONTR\u00d4LE TECHNIQUE : une enseigne low cost d\u00e9barque sur la C\u00f4te d\u2019Azur"},"content":{"rendered":"\n<p>Avec des budgets de plus en plus serr\u00e9s, les automobilistes gardent leurs v\u00e9hicules plus longtemps. L\u2019\u00e2ge moyen des voitures particuli\u00e8res contr\u00f4l\u00e9es est pass\u00e9 \u00e0 12,9 ans en 2024, soit un an et demi de plus en dix ans. Dans ce contexte, ma\u00eetriser les co\u00fbts de maintenance est devenu crucial. Tous les deux ans, le contr\u00f4le technique est obligatoire. D\u00e9sormais, la ville de Mougins accueille un nouveau Centre de Contr\u00f4le Technique Low Cost en France. Une ouverture qui s\u2019inscrit dans un plan national ambitieux : 12 centres op\u00e9rationnels d\u2019ici fi n 2025, aux c\u00f4t\u00e9s d\u2019un r\u00e9seau de 14 franchis\u00e9s. L\u2019enseigne propose un accueil soign\u00e9 et des prix bas toute l\u2019ann\u00e9e, sans se limiter aux promotions ponctuelles : r\u00e9ductions permanentes de 33 % \u00e0 50 % sur un prix affich\u00e9 \u00e0 89 euros. Sur les 400 m\u00b2 du centre, pr\u00e8s de 30 m\u00b2 sont d\u00e9di\u00e9s \u00e0 l\u2019accueil, pens\u00e9 comme une v\u00e9ritable parenth\u00e8se d\u00e9tente.<\/p>\n\n\n<a href=\"#\" class=\"_3d-flip-book  fb3d-link-lightbox-mode\" data-id=\"14574\" data-mode=\"link-lightbox\" data-title=\"false\" data-template=\"short-white-book-view\" data-lightbox=\"dark\" data-urlparam=\"fb3d-page\" data-page-n=\"0\" data-pdf=\"\" data-tax=\"null\" data-thumbnail=\"\" data-cols=\"3\" data-query=\"\"><img decoding=\"async\" src=\"http:\/\/www.in-magazines.com\/magazine\/wp-content\/uploads\/2021\/05\/btn.jpg\"><\/a>\n","protected":false},"excerpt":{"rendered":"<p>Avec des budgets de plus en plus serr&eacute;s, les automobilistes gardent leurs v&eacute;hicules plus longtemps. L&rsquo;&acirc;ge moyen des voitures particuli&egrave;res contr&ocirc;l&eacute;es est pass&eacute; &agrave; 12,9 ans en 2024, soit un an et demi de plus en dix ans. Dans ce contexte, ma&icirc;triser les co&ucirc;ts de maintenance est devenu crucial. Tous les deux ans, le contr&ocirc;le&hellip; <a class=\"more-link\" href=\"https:\/\/www.in-magazines.com\/magazine\/categories\/services-aux-entreprises-mobilite\/controle-technique-une-enseigne-low-cost-debarque-sur-la-cote-dazur\/\">Poursuivre la lecture <span class=\"screen-reader-text\">CONTR\u00d4LE TECHNIQUE : une enseigne low cost d\u00e9barque sur la C\u00f4te d\u2019Azur<\/span><\/a><\/p>\n","protected":false},"author":1,"featured_media":14697,"comment_status":"open","ping_status":"open","sticky":false,"template":"","format":"standard","meta":{"footnotes":""},"categories":[1694],"tags":[2765],"yoast_head":"<!-- This site is optimized with the Yoast SEO plugin v16.2 - https:\/\/yoast.com\/wordpress\/plugins\/seo\/ -->\n<title>CONTR\u00d4LE TECHNIQUE : une enseigne low cost d\u00e9barque sur la C\u00f4te d\u2019Azur - In Magazines<\/title>\n<meta name=\"robots\" content=\"index, follow, max-snippet:-1, max-image-preview:large, max-video-preview:-1\" \/>\n<link rel=\"canonical\" href=\"https:\/\/www.in-magazines.com\/magazine\/categories\/services-aux-entreprises-mobilite\/controle-technique-une-enseigne-low-cost-debarque-sur-la-cote-dazur\/\" \/>\n<meta property=\"og:locale\" content=\"fr_FR\" \/>\n<meta property=\"og:type\" content=\"article\" \/>\n<meta property=\"og:title\" content=\"CONTR\u00d4LE TECHNIQUE : une enseigne low cost d\u00e9barque sur la C\u00f4te d\u2019Azur - In Magazines\" \/>\n<meta property=\"og:description\" content=\"Avec des budgets de plus en plus serr&eacute;s, les automobilistes gardent leurs v&eacute;hicules plus longtemps. L&rsquo;&acirc;ge moyen des voitures particuli&egrave;res contr&ocirc;l&eacute;es est pass&eacute; &agrave; 12,9 ans en 2024, soit un an et demi de plus en dix ans. Dans ce contexte, ma&icirc;triser les co&ucirc;ts de maintenance est devenu crucial. Tous les deux ans, le contr&ocirc;le&hellip; Poursuivre la lecture CONTR\u00d4LE TECHNIQUE : une enseigne low cost d\u00e9barque sur la C\u00f4te d\u2019Azur\" \/>\n<meta property=\"og:url\" content=\"https:\/\/www.in-magazines.com\/magazine\/categories\/services-aux-entreprises-mobilite\/controle-technique-une-enseigne-low-cost-debarque-sur-la-cote-dazur\/\" \/>\n<meta property=\"og:site_name\" content=\"In Magazines\" \/>\n<meta property=\"article:published_time\" content=\"2025-12-15T06:38:00+00:00\" \/>\n<meta property=\"article:modified_time\" content=\"2025-12-11T10:38:01+00:00\" \/>\n<meta property=\"og:image\" content=\"https:\/\/www.in-magazines.com\/magazine\/wp-content\/uploads\/2025\/12\/CONTROLE-TECHNIQUE-une-enseigne-low-cost-debarque-sur-la-Cote-d-Azur-2.jpg\" \/>\n\t<meta property=\"og:image:width\" content=\"387\" \/>\n\t<meta property=\"og:image:height\" content=\"153\" \/>\n<meta name=\"twitter:label1\" content=\"Dur\u00e9e de lecture est.\">\n\t<meta name=\"twitter:data1\" content=\"1 minute\">\n<script type=\"application\/ld+json\" class=\"yoast-schema-graph\">{\"@context\":\"https:\/\/schema.org\",\"@graph\":[{\"@type\":\"WebSite\",\"@id\":\"https:\/\/www.in-magazines.com\/magazine\/#website\",\"url\":\"https:\/\/www.in-magazines.com\/magazine\/\",\"name\":\"In Magazines\",\"description\":\"\",\"potentialAction\":[{\"@type\":\"SearchAction\",\"target\":\"https:\/\/www.in-magazines.com\/magazine\/?s={search_term_string}\",\"query-input\":\"required name=search_term_string\"}],\"inLanguage\":\"fr-FR\"},{\"@type\":\"ImageObject\",\"@id\":\"https:\/\/www.in-magazines.com\/magazine\/categories\/services-aux-entreprises-mobilite\/controle-technique-une-enseigne-low-cost-debarque-sur-la-cote-dazur\/#primaryimage\",\"inLanguage\":\"fr-FR\",\"url\":\"https:\/\/www.in-magazines.com\/magazine\/wp-content\/uploads\/2025\/12\/CONTROLE-TECHNIQUE-une-enseigne-low-cost-debarque-sur-la-Cote-d-Azur-2.jpg\",\"contentUrl\":\"https:\/\/www.in-magazines.com\/magazine\/wp-content\/uploads\/2025\/12\/CONTROLE-TECHNIQUE-une-enseigne-low-cost-debarque-sur-la-Cote-d-Azur-2.jpg\",\"width\":387,\"height\":153},{\"@type\":\"WebPage\",\"@id\":\"https:\/\/www.in-magazines.com\/magazine\/categories\/services-aux-entreprises-mobilite\/controle-technique-une-enseigne-low-cost-debarque-sur-la-cote-dazur\/#webpage\",\"url\":\"https:\/\/www.in-magazines.com\/magazine\/categories\/services-aux-entreprises-mobilite\/controle-technique-une-enseigne-low-cost-debarque-sur-la-cote-dazur\/\",\"name\":\"CONTR\\u00d4LE TECHNIQUE : une enseigne low cost d\\u00e9barque sur la C\\u00f4te d\\u2019Azur - In Magazines\",\"isPartOf\":{\"@id\":\"https:\/\/www.in-magazines.com\/magazine\/#website\"},\"primaryImageOfPage\":{\"@id\":\"https:\/\/www.in-magazines.com\/magazine\/categories\/services-aux-entreprises-mobilite\/controle-technique-une-enseigne-low-cost-debarque-sur-la-cote-dazur\/#primaryimage\"},\"datePublished\":\"2025-12-15T06:38:00+00:00\",\"dateModified\":\"2025-12-11T10:38:01+00:00\",\"author\":{\"@id\":\"https:\/\/www.in-magazines.com\/magazine\/#\/schema\/person\/c27e7dabb9a1ef380814bdd5636d07e3\"},\"breadcrumb\":{\"@id\":\"https:\/\/www.in-magazines.com\/magazine\/categories\/services-aux-entreprises-mobilite\/controle-technique-une-enseigne-low-cost-debarque-sur-la-cote-dazur\/#breadcrumb\"},\"inLanguage\":\"fr-FR\",\"potentialAction\":[{\"@type\":\"ReadAction\",\"target\":[\"https:\/\/www.in-magazines.com\/magazine\/categories\/services-aux-entreprises-mobilite\/controle-technique-une-enseigne-low-cost-debarque-sur-la-cote-dazur\/\"]}]},{\"@type\":\"BreadcrumbList\",\"@id\":\"https:\/\/www.in-magazines.com\/magazine\/categories\/services-aux-entreprises-mobilite\/controle-technique-une-enseigne-low-cost-debarque-sur-la-cote-dazur\/#breadcrumb\",\"itemListElement\":[{\"@type\":\"ListItem\",\"position\":1,\"item\":{\"@id\":\"https:\/\/www.in-magazines.com\/magazine\/categories\/services-aux-entreprises-mobilite\/controle-technique-une-enseigne-low-cost-debarque-sur-la-cote-dazur\/#webpage\"}}]},{\"@type\":\"Person\",\"@id\":\"https:\/\/www.in-magazines.com\/magazine\/#\/schema\/person\/c27e7dabb9a1ef380814bdd5636d07e3\",\"name\":\"backinmag\",\"image\":{\"@type\":\"ImageObject\",\"@id\":\"https:\/\/www.in-magazines.com\/magazine\/#personlogo\",\"inLanguage\":\"fr-FR\",\"url\":\"https:\/\/secure.gravatar.com\/avatar\/13a234bb19dc4fd04793d73c3472fbdb?s=96&d=mm&r=g\",\"contentUrl\":\"https:\/\/secure.gravatar.com\/avatar\/13a234bb19dc4fd04793d73c3472fbdb?s=96&d=mm&r=g\",\"caption\":\"backinmag\"},\"sameAs\":[\"http:\/\/www.in-magazines.com\/magazin\"]}]}<\/script>\n<!-- \/ Yoast SEO plugin. -->","_links":{"self":[{"href":"https:\/\/www.in-magazines.com\/magazine\/wp-json\/wp\/v2\/posts\/14688"}],"collection":[{"href":"https:\/\/www.in-magazines.com\/magazine\/wp-json\/wp\/v2\/posts"}],"about":[{"href":"https:\/\/www.in-magazines.com\/magazine\/wp-json\/wp\/v2\/types\/post"}],"author":[{"embeddable":true,"href":"https:\/\/www.in-magazines.com\/magazine\/wp-json\/wp\/v2\/users\/1"}],"replies":[{"embeddable":true,"href":"https:\/\/www.in-magazines.com\/magazine\/wp-json\/wp\/v2\/comments?post=14688"}],"version-history":[{"count":2,"href":"https:\/\/www.in-magazines.com\/magazine\/wp-json\/wp\/v2\/posts\/14688\/revisions"}],"predecessor-version":[{"id":14692,"href":"https:\/\/www.in-magazines.com\/magazine\/wp-json\/wp\/v2\/posts\/14688\/revisions\/14692"}],"wp:featuredmedia":[{"embeddable":true,"href":"https:\/\/www.in-magazines.com\/magazine\/wp-json\/wp\/v2\/media\/14697"}],"wp:attachment":[{"href":"https:\/\/www.in-magazines.com\/magazine\/wp-json\/wp\/v2\/media?parent=14688"}],"wp:term":[{"taxonomy":"category","embeddable":true,"href":"https:\/\/www.in-magazines.com\/magazine\/wp-json\/wp\/v2\/categories?post=14688"},{"taxonomy":"post_tag","embeddable":true,"href":"https:\/\/www.in-magazines.com\/magazine\/wp-json\/wp\/v2\/tags?post=14688"}],"curies":[{"name":"wp","href":"https:\/\/api.w.org\/{rel}","templated":true}]}}