

{"id":14693,"date":"2025-12-15T06:37:00","date_gmt":"2025-12-15T06:37:00","guid":{"rendered":"https:\/\/www.in-magazines.com\/magazine\/?p=14693"},"modified":"2025-12-12T08:38:23","modified_gmt":"2025-12-12T08:38:23","slug":"paca-les-transports-du-quotidien-beneficieront-de-leffet-jo-2030","status":"publish","type":"post","link":"https:\/\/www.in-magazines.com\/magazine\/sommaire\/inmagazine-43\/paca-les-transports-du-quotidien-beneficieront-de-leffet-jo-2030\/","title":{"rendered":"PACA : LES TRANSPORTS DU QUOTIDIEN b\u00e9n\u00e9ficieront de l\u2019effet JO 2030"},"content":{"rendered":"\n<p>D\u00e9but novembre, \u00e9tape importante de l\u2019engagement de l\u2019Etat en faveur de l\u2019investissement dans les infrastructures de transport r\u00e9gionales, Philippe Tabarot, ministre des Transports, Georges-Fran\u00e7ois Leclerc, pr\u00e9fet de la r\u00e9gion PACA et des Bouches-du-Rh\u00f4ne, Renaud Muselier, Pr\u00e9sident de la R\u00e9gion PACA et Martine Vassal, Pr\u00e9sidente du conseil d\u00e9partemental des Bouches-du-Rh\u00f4ne et de la M\u00e9tropole Aix-Marseille-Provence, ont sign\u00e9 le volet mobilit\u00e9 du Contrat de Plan \u00c9tat-R\u00e9gion 2021-2027.<\/p>\n\n\n\n<p>Cet avenant, d\u00e9fini notamment afi n de pr\u00e9parer les Jeux Olympiques et Paralympiques d\u2019Hiver 2030, augmente les engagements de l\u2019Etat et de la R\u00e9gion de pr\u00e8s de 300 M\u20ac pour les transports dans la r\u00e9gion, pour atteindre 1,8 milliard d\u2019\u20ac d\u2019investissements, qui b\u00e9n\u00e9ficieront aux 6 d\u00e9partements de la r\u00e9gion Provence-Alpes-C\u00f4te d\u2019Azur.<\/p>\n\n\n\n<h2 class=\"wp-block-heading\">\u00ab Ce ne sont pas des promesses \u00e0 10 ou 20 ans \u00bb <\/h2>\n\n\n\n<p>Pour Renaud Muselier, \u00ab Tous les projets que nous lan\u00e7ons aujourd\u2019hui sont des r\u00e9ponses concr\u00e8tes et proches aux besoins d\u2019am\u00e9nagement des territoires et de d\u00e9placement des habitants. Ce ne sont pas des promesses \u00e0 10 ou 20 ans mais des projets qui sont pour la plupart d\u00e9j\u00e0 entr\u00e9s en phase op\u00e9rationnelle. Nous y d\u00e9dions une enveloppe financi\u00e8re exceptionnelle, tr\u00e8s sensiblement augment\u00e9e par les Jeux d\u2019Hiver 2030 \u00bb.<\/p>\n\n\n\n<h2 class=\"wp-block-heading\">Trois axes majeurs ont \u00e9t\u00e9 d\u00e9termin\u00e9s d\u2019ici \u00e0 2030 : <\/h2>\n\n\n\n<p><strong>D\u00e9senclaver les Alpes (532 millions d\u2019\u20ac)<\/strong> : cela inclut la modernisation de la ligne Marseille\u2013Brian\u00e7on et la r\u00e9novation des gares et s\u00e9curisation des grands axes routiers, afin de faire face \u00e0 la hausse de la demande en mati\u00e8re de transports lors des Jeux d\u2019hiver 2030 et de permettre un d\u00e9senclavement durable du territoire. > <strong>Am\u00e9liorer la desserte routi\u00e8re de la Zone Industrialo-Portuaire de Fos et l\u2019\u00c9tang de Berre (210 millions d\u2019\u20ac)<\/strong>, \u00e0 travers le contournement de Martigues-Port-de-Bouc et la liaison Fos\u2013Salon. > <strong>Moderniser les transports du quotidien (plus d\u20191 milliard d\u2019\u20ac)<\/strong> : la r\u00e9novation des petites lignes ferroviaires (Nice\u2013Breil, Coni\u2013Vintimille, Nice-Digne), la r\u00e9novation de gares, l\u2019am\u00e9lioration des routes d\u00e9partementales, le d\u00e9veloppement du fret ferroviaire ainsi que l\u2019am\u00e9nagement de pistes cyclables.<\/p>\n\n\n<a href=\"#\" class=\"_3d-flip-book  fb3d-link-lightbox-mode\" data-id=\"14575\" data-mode=\"link-lightbox\" data-title=\"false\" data-template=\"short-white-book-view\" data-lightbox=\"dark\" data-urlparam=\"fb3d-page\" data-page-n=\"0\" data-pdf=\"\" data-tax=\"null\" data-thumbnail=\"\" data-cols=\"3\" data-query=\"\"><img decoding=\"async\" src=\"http:\/\/www.in-magazines.com\/magazine\/wp-content\/uploads\/2021\/05\/btn.jpg\"><\/a>\n","protected":false},"excerpt":{"rendered":"<p>D&eacute;but novembre, &eacute;tape importante de l&rsquo;engagement de l&rsquo;Etat en faveur de l&rsquo;investissement dans les infrastructures de transport r&eacute;gionales, Philippe Tabarot, ministre des Transports, Georges-Fran&ccedil;ois Leclerc, pr&eacute;fet de la r&eacute;gion PACA et des Bouches-du-Rh&ocirc;ne, Renaud Muselier, Pr&eacute;sident de la R&eacute;gion PACA et Martine Vassal, Pr&eacute;sidente du conseil d&eacute;partemental des Bouches-du-Rh&ocirc;ne et de la M&eacute;tropole Aix-Marseille-Provence, ont&hellip; <a class=\"more-link\" href=\"https:\/\/www.in-magazines.com\/magazine\/sommaire\/inmagazine-43\/paca-les-transports-du-quotidien-beneficieront-de-leffet-jo-2030\/\">Poursuivre la lecture <span class=\"screen-reader-text\">PACA : LES TRANSPORTS DU QUOTIDIEN b\u00e9n\u00e9ficieront de l\u2019effet JO 2030<\/span><\/a><\/p>\n","protected":false},"author":1,"featured_media":14698,"comment_status":"open","ping_status":"open","sticky":false,"template":"","format":"standard","meta":{"footnotes":""},"categories":[2752,1694],"tags":[1710,2765],"yoast_head":"<!-- This site is optimized with the Yoast SEO plugin v16.2 - https:\/\/yoast.com\/wordpress\/plugins\/seo\/ -->\n<title>PACA : LES TRANSPORTS DU QUOTIDIEN b\u00e9n\u00e9ficieront de l\u2019effet JO 2030 - In Magazines<\/title>\n<meta name=\"robots\" content=\"index, follow, max-snippet:-1, max-image-preview:large, max-video-preview:-1\" \/>\n<link rel=\"canonical\" href=\"https:\/\/www.in-magazines.com\/magazine\/sommaire\/inmagazine-43\/paca-les-transports-du-quotidien-beneficieront-de-leffet-jo-2030\/\" \/>\n<meta property=\"og:locale\" content=\"fr_FR\" \/>\n<meta property=\"og:type\" content=\"article\" \/>\n<meta property=\"og:title\" content=\"PACA : LES TRANSPORTS DU QUOTIDIEN b\u00e9n\u00e9ficieront de l\u2019effet JO 2030 - In Magazines\" \/>\n<meta property=\"og:description\" content=\"D&eacute;but novembre, &eacute;tape importante de l&rsquo;engagement de l&rsquo;Etat en faveur de l&rsquo;investissement dans les infrastructures de transport r&eacute;gionales, Philippe Tabarot, ministre des Transports, Georges-Fran&ccedil;ois Leclerc, pr&eacute;fet de la r&eacute;gion PACA et des Bouches-du-Rh&ocirc;ne, Renaud Muselier, Pr&eacute;sident de la R&eacute;gion PACA et Martine Vassal, Pr&eacute;sidente du conseil d&eacute;partemental des Bouches-du-Rh&ocirc;ne et de la M&eacute;tropole Aix-Marseille-Provence, ont&hellip; Poursuivre la lecture PACA : LES TRANSPORTS DU QUOTIDIEN b\u00e9n\u00e9ficieront de l\u2019effet JO 2030\" \/>\n<meta property=\"og:url\" content=\"https:\/\/www.in-magazines.com\/magazine\/sommaire\/inmagazine-43\/paca-les-transports-du-quotidien-beneficieront-de-leffet-jo-2030\/\" \/>\n<meta property=\"og:site_name\" content=\"In Magazines\" \/>\n<meta property=\"article:published_time\" content=\"2025-12-15T06:37:00+00:00\" \/>\n<meta property=\"article:modified_time\" content=\"2025-12-12T08:38:23+00:00\" \/>\n<meta property=\"og:image\" content=\"https:\/\/www.in-magazines.com\/magazine\/wp-content\/uploads\/2025\/12\/PACA-LES-TRANSPORTS-DU-QUOTIDIEN-beneficieront-de-l-effet-JO-2030.jpg\" \/>\n\t<meta property=\"og:image:width\" content=\"600\" \/>\n\t<meta property=\"og:image:height\" content=\"252\" \/>\n<meta name=\"twitter:label1\" content=\"Dur\u00e9e de lecture est.\">\n\t<meta name=\"twitter:data1\" content=\"2 minutes\">\n<script type=\"application\/ld+json\" class=\"yoast-schema-graph\">{\"@context\":\"https:\/\/schema.org\",\"@graph\":[{\"@type\":\"WebSite\",\"@id\":\"https:\/\/www.in-magazines.com\/magazine\/#website\",\"url\":\"https:\/\/www.in-magazines.com\/magazine\/\",\"name\":\"In Magazines\",\"description\":\"\",\"potentialAction\":[{\"@type\":\"SearchAction\",\"target\":\"https:\/\/www.in-magazines.com\/magazine\/?s={search_term_string}\",\"query-input\":\"required name=search_term_string\"}],\"inLanguage\":\"fr-FR\"},{\"@type\":\"ImageObject\",\"@id\":\"https:\/\/www.in-magazines.com\/magazine\/sommaire\/inmagazine-43\/paca-les-transports-du-quotidien-beneficieront-de-leffet-jo-2030\/#primaryimage\",\"inLanguage\":\"fr-FR\",\"url\":\"https:\/\/www.in-magazines.com\/magazine\/wp-content\/uploads\/2025\/12\/PACA-LES-TRANSPORTS-DU-QUOTIDIEN-beneficieront-de-l-effet-JO-2030.jpg\",\"contentUrl\":\"https:\/\/www.in-magazines.com\/magazine\/wp-content\/uploads\/2025\/12\/PACA-LES-TRANSPORTS-DU-QUOTIDIEN-beneficieront-de-l-effet-JO-2030.jpg\",\"width\":600,\"height\":252},{\"@type\":\"WebPage\",\"@id\":\"https:\/\/www.in-magazines.com\/magazine\/sommaire\/inmagazine-43\/paca-les-transports-du-quotidien-beneficieront-de-leffet-jo-2030\/#webpage\",\"url\":\"https:\/\/www.in-magazines.com\/magazine\/sommaire\/inmagazine-43\/paca-les-transports-du-quotidien-beneficieront-de-leffet-jo-2030\/\",\"name\":\"PACA : LES TRANSPORTS DU QUOTIDIEN b\\u00e9n\\u00e9ficieront de l\\u2019effet JO 2030 - In Magazines\",\"isPartOf\":{\"@id\":\"https:\/\/www.in-magazines.com\/magazine\/#website\"},\"primaryImageOfPage\":{\"@id\":\"https:\/\/www.in-magazines.com\/magazine\/sommaire\/inmagazine-43\/paca-les-transports-du-quotidien-beneficieront-de-leffet-jo-2030\/#primaryimage\"},\"datePublished\":\"2025-12-15T06:37:00+00:00\",\"dateModified\":\"2025-12-12T08:38:23+00:00\",\"author\":{\"@id\":\"https:\/\/www.in-magazines.com\/magazine\/#\/schema\/person\/c27e7dabb9a1ef380814bdd5636d07e3\"},\"breadcrumb\":{\"@id\":\"https:\/\/www.in-magazines.com\/magazine\/sommaire\/inmagazine-43\/paca-les-transports-du-quotidien-beneficieront-de-leffet-jo-2030\/#breadcrumb\"},\"inLanguage\":\"fr-FR\",\"potentialAction\":[{\"@type\":\"ReadAction\",\"target\":[\"https:\/\/www.in-magazines.com\/magazine\/sommaire\/inmagazine-43\/paca-les-transports-du-quotidien-beneficieront-de-leffet-jo-2030\/\"]}]},{\"@type\":\"BreadcrumbList\",\"@id\":\"https:\/\/www.in-magazines.com\/magazine\/sommaire\/inmagazine-43\/paca-les-transports-du-quotidien-beneficieront-de-leffet-jo-2030\/#breadcrumb\",\"itemListElement\":[{\"@type\":\"ListItem\",\"position\":1,\"item\":{\"@id\":\"https:\/\/www.in-magazines.com\/magazine\/sommaire\/inmagazine-43\/paca-les-transports-du-quotidien-beneficieront-de-leffet-jo-2030\/#webpage\"}}]},{\"@type\":\"Person\",\"@id\":\"https:\/\/www.in-magazines.com\/magazine\/#\/schema\/person\/c27e7dabb9a1ef380814bdd5636d07e3\",\"name\":\"backinmag\",\"image\":{\"@type\":\"ImageObject\",\"@id\":\"https:\/\/www.in-magazines.com\/magazine\/#personlogo\",\"inLanguage\":\"fr-FR\",\"url\":\"https:\/\/secure.gravatar.com\/avatar\/13a234bb19dc4fd04793d73c3472fbdb?s=96&d=mm&r=g\",\"contentUrl\":\"https:\/\/secure.gravatar.com\/avatar\/13a234bb19dc4fd04793d73c3472fbdb?s=96&d=mm&r=g\",\"caption\":\"backinmag\"},\"sameAs\":[\"http:\/\/www.in-magazines.com\/magazin\"]}]}<\/script>\n<!-- \/ Yoast SEO plugin. -->","_links":{"self":[{"href":"https:\/\/www.in-magazines.com\/magazine\/wp-json\/wp\/v2\/posts\/14693"}],"collection":[{"href":"https:\/\/www.in-magazines.com\/magazine\/wp-json\/wp\/v2\/posts"}],"about":[{"href":"https:\/\/www.in-magazines.com\/magazine\/wp-json\/wp\/v2\/types\/post"}],"author":[{"embeddable":true,"href":"https:\/\/www.in-magazines.com\/magazine\/wp-json\/wp\/v2\/users\/1"}],"replies":[{"embeddable":true,"href":"https:\/\/www.in-magazines.com\/magazine\/wp-json\/wp\/v2\/comments?post=14693"}],"version-history":[{"count":7,"href":"https:\/\/www.in-magazines.com\/magazine\/wp-json\/wp\/v2\/posts\/14693\/revisions"}],"predecessor-version":[{"id":14881,"href":"https:\/\/www.in-magazines.com\/magazine\/wp-json\/wp\/v2\/posts\/14693\/revisions\/14881"}],"wp:featuredmedia":[{"embeddable":true,"href":"https:\/\/www.in-magazines.com\/magazine\/wp-json\/wp\/v2\/media\/14698"}],"wp:attachment":[{"href":"https:\/\/www.in-magazines.com\/magazine\/wp-json\/wp\/v2\/media?parent=14693"}],"wp:term":[{"taxonomy":"category","embeddable":true,"href":"https:\/\/www.in-magazines.com\/magazine\/wp-json\/wp\/v2\/categories?post=14693"},{"taxonomy":"post_tag","embeddable":true,"href":"https:\/\/www.in-magazines.com\/magazine\/wp-json\/wp\/v2\/tags?post=14693"}],"curies":[{"name":"wp","href":"https:\/\/api.w.org\/{rel}","templated":true}]}}