

{"id":14722,"date":"2025-12-15T06:32:00","date_gmt":"2025-12-15T06:32:00","guid":{"rendered":"https:\/\/www.in-magazines.com\/magazine\/?p=14722"},"modified":"2025-12-11T11:44:05","modified_gmt":"2025-12-11T11:44:05","slug":"ever-monaco-20-ans-dinnovations-et-danticipations","status":"publish","type":"post","link":"https:\/\/www.in-magazines.com\/magazine\/sommaire\/inmagazine-43\/ever-monaco-20-ans-dinnovations-et-danticipations\/","title":{"rendered":"EVER MONACO : 20 ans d\u2019innovations et d\u2019anticipations"},"content":{"rendered":"\n<p>La 20e \u00e9dition d\u2019Ever Monaco vient de s\u2019achever au One Monte-Carlo, dans un format exceptionnel c\u00e9l\u00e9brant deux d\u00e9cennies d\u2019innovation, de dialogue et d\u2019engagement en faveur de la mobilit\u00e9 durable et des \u00e9nergies renouvelables.<\/p>\n\n\n\n<p>Au fi l des 20 derni\u00e8res ann\u00e9es, le salon a su anticiper les mutations du secteur : de la d\u00e9mocratisation des v\u00e9hicules \u00e9lectriques \u00e0 l\u2019\u00e9mergence de l\u2019hydrog\u00e8ne, en passant par le d\u00e9veloppement des \u00e9nergies renouvelables et vertes. L\u2019\u00e9dition 2025 a \u00e9galement \u00e9t\u00e9 marqu\u00e9e par la visite officielle de S.A.S. le Prince Albert II de Monaco, fid\u00e8le soutien d\u2019Ever depuis sa cr\u00e9ation. Comme chaque ann\u00e9e, les jeunes pousses de la Green Tech ont tenu une place centrale. Un jury d\u2019experts a \u00e9valu\u00e9 plusieurs aspects de leurs projets : innovation et originalit\u00e9, impact environnemental, viabilit\u00e9 \u00e9conomique, mobilit\u00e9 durable et qualit\u00e9 du pitch. Apr\u00e8s des d\u00e9lib\u00e9rations approfondies, le jury du concours a d\u00e9cern\u00e9 cinq prix aux entreprises les plus innovantes : <strong>le 1er prix est revenu \u00e0 La technologie Sun-Ways<\/strong> qui permet d\u2019installer sur les voies ferr\u00e9es des centrales solaires amovibles constitu\u00e9es de panneaux photovolta\u00efques standards. <strong>Deuxi\u00e8me prix pour Marny Energie<\/strong> qui produit des batteries vertueuses en revalorisant des batteries de v\u00e9hicules \u00e9lectriques dans un container de 10 pieds pour proposer une grande capacit\u00e9 de stockage et une forte puissance. <strong>Anyos, 3e prix<\/strong>, fabrique des bornes de recharge \u00e9co-con\u00e7ues, 100 % \u00e9volutives et reconditionnables, fabriqu\u00e9es en France.<\/p>\n\n\n<a href=\"#\" class=\"_3d-flip-book  fb3d-link-lightbox-mode\" data-id=\"14579\" data-mode=\"link-lightbox\" data-title=\"false\" data-template=\"short-white-book-view\" data-lightbox=\"dark\" data-urlparam=\"fb3d-page\" data-page-n=\"0\" data-pdf=\"\" data-tax=\"null\" data-thumbnail=\"\" data-cols=\"3\" data-query=\"\"><img decoding=\"async\" src=\"http:\/\/www.in-magazines.com\/magazine\/wp-content\/uploads\/2021\/05\/btn.jpg\"><\/a>\n","protected":false},"excerpt":{"rendered":"<p>La 20e &eacute;dition d&rsquo;Ever Monaco vient de s&rsquo;achever au One Monte-Carlo, dans un format exceptionnel c&eacute;l&eacute;brant deux d&eacute;cennies d&rsquo;innovation, de dialogue et d&rsquo;engagement en faveur de la mobilit&eacute; durable et des &eacute;nergies renouvelables. Au fi l des 20 derni&egrave;res ann&eacute;es, le salon a su anticiper les mutations du secteur : de la d&eacute;mocratisation des v&eacute;hicules&hellip; <a class=\"more-link\" href=\"https:\/\/www.in-magazines.com\/magazine\/sommaire\/inmagazine-43\/ever-monaco-20-ans-dinnovations-et-danticipations\/\">Poursuivre la lecture <span class=\"screen-reader-text\">EVER MONACO : 20 ans d\u2019innovations et d\u2019anticipations<\/span><\/a><\/p>\n","protected":false},"author":1,"featured_media":14724,"comment_status":"open","ping_status":"open","sticky":false,"template":"","format":"standard","meta":{"footnotes":""},"categories":[2752,2766],"tags":[509],"yoast_head":"<!-- This site is optimized with the Yoast SEO plugin v16.2 - https:\/\/yoast.com\/wordpress\/plugins\/seo\/ -->\n<title>EVER MONACO : 20 ans d\u2019innovations et d\u2019anticipations - In Magazines<\/title>\n<meta name=\"robots\" content=\"index, follow, max-snippet:-1, max-image-preview:large, max-video-preview:-1\" \/>\n<link rel=\"canonical\" href=\"https:\/\/www.in-magazines.com\/magazine\/sommaire\/inmagazine-43\/ever-monaco-20-ans-dinnovations-et-danticipations\/\" \/>\n<meta property=\"og:locale\" content=\"fr_FR\" \/>\n<meta property=\"og:type\" content=\"article\" \/>\n<meta property=\"og:title\" content=\"EVER MONACO : 20 ans d\u2019innovations et d\u2019anticipations - In Magazines\" \/>\n<meta property=\"og:description\" content=\"La 20e &eacute;dition d&rsquo;Ever Monaco vient de s&rsquo;achever au One Monte-Carlo, dans un format exceptionnel c&eacute;l&eacute;brant deux d&eacute;cennies d&rsquo;innovation, de dialogue et d&rsquo;engagement en faveur de la mobilit&eacute; durable et des &eacute;nergies renouvelables. Au fi l des 20 derni&egrave;res ann&eacute;es, le salon a su anticiper les mutations du secteur : de la d&eacute;mocratisation des v&eacute;hicules&hellip; Poursuivre la lecture EVER MONACO : 20 ans d\u2019innovations et d\u2019anticipations\" \/>\n<meta property=\"og:url\" content=\"https:\/\/www.in-magazines.com\/magazine\/sommaire\/inmagazine-43\/ever-monaco-20-ans-dinnovations-et-danticipations\/\" \/>\n<meta property=\"og:site_name\" content=\"In Magazines\" \/>\n<meta property=\"article:published_time\" content=\"2025-12-15T06:32:00+00:00\" \/>\n<meta property=\"article:modified_time\" content=\"2025-12-11T11:44:05+00:00\" \/>\n<meta property=\"og:image\" content=\"https:\/\/www.in-magazines.com\/magazine\/wp-content\/uploads\/2025\/12\/EVER-MONACO-20-ans-d-innovations-et-d-anticipations.jpg\" \/>\n\t<meta property=\"og:image:width\" content=\"494\" \/>\n\t<meta property=\"og:image:height\" content=\"293\" \/>\n<meta name=\"twitter:label1\" content=\"Dur\u00e9e de lecture est.\">\n\t<meta name=\"twitter:data1\" content=\"2 minutes\">\n<script type=\"application\/ld+json\" class=\"yoast-schema-graph\">{\"@context\":\"https:\/\/schema.org\",\"@graph\":[{\"@type\":\"WebSite\",\"@id\":\"https:\/\/www.in-magazines.com\/magazine\/#website\",\"url\":\"https:\/\/www.in-magazines.com\/magazine\/\",\"name\":\"In Magazines\",\"description\":\"\",\"potentialAction\":[{\"@type\":\"SearchAction\",\"target\":\"https:\/\/www.in-magazines.com\/magazine\/?s={search_term_string}\",\"query-input\":\"required name=search_term_string\"}],\"inLanguage\":\"fr-FR\"},{\"@type\":\"ImageObject\",\"@id\":\"https:\/\/www.in-magazines.com\/magazine\/sommaire\/inmagazine-43\/ever-monaco-20-ans-dinnovations-et-danticipations\/#primaryimage\",\"inLanguage\":\"fr-FR\",\"url\":\"https:\/\/www.in-magazines.com\/magazine\/wp-content\/uploads\/2025\/12\/EVER-MONACO-20-ans-d-innovations-et-d-anticipations.jpg\",\"contentUrl\":\"https:\/\/www.in-magazines.com\/magazine\/wp-content\/uploads\/2025\/12\/EVER-MONACO-20-ans-d-innovations-et-d-anticipations.jpg\",\"width\":494,\"height\":293},{\"@type\":\"WebPage\",\"@id\":\"https:\/\/www.in-magazines.com\/magazine\/sommaire\/inmagazine-43\/ever-monaco-20-ans-dinnovations-et-danticipations\/#webpage\",\"url\":\"https:\/\/www.in-magazines.com\/magazine\/sommaire\/inmagazine-43\/ever-monaco-20-ans-dinnovations-et-danticipations\/\",\"name\":\"EVER MONACO : 20 ans d\\u2019innovations et d\\u2019anticipations - In Magazines\",\"isPartOf\":{\"@id\":\"https:\/\/www.in-magazines.com\/magazine\/#website\"},\"primaryImageOfPage\":{\"@id\":\"https:\/\/www.in-magazines.com\/magazine\/sommaire\/inmagazine-43\/ever-monaco-20-ans-dinnovations-et-danticipations\/#primaryimage\"},\"datePublished\":\"2025-12-15T06:32:00+00:00\",\"dateModified\":\"2025-12-11T11:44:05+00:00\",\"author\":{\"@id\":\"https:\/\/www.in-magazines.com\/magazine\/#\/schema\/person\/c27e7dabb9a1ef380814bdd5636d07e3\"},\"breadcrumb\":{\"@id\":\"https:\/\/www.in-magazines.com\/magazine\/sommaire\/inmagazine-43\/ever-monaco-20-ans-dinnovations-et-danticipations\/#breadcrumb\"},\"inLanguage\":\"fr-FR\",\"potentialAction\":[{\"@type\":\"ReadAction\",\"target\":[\"https:\/\/www.in-magazines.com\/magazine\/sommaire\/inmagazine-43\/ever-monaco-20-ans-dinnovations-et-danticipations\/\"]}]},{\"@type\":\"BreadcrumbList\",\"@id\":\"https:\/\/www.in-magazines.com\/magazine\/sommaire\/inmagazine-43\/ever-monaco-20-ans-dinnovations-et-danticipations\/#breadcrumb\",\"itemListElement\":[{\"@type\":\"ListItem\",\"position\":1,\"item\":{\"@id\":\"https:\/\/www.in-magazines.com\/magazine\/sommaire\/inmagazine-43\/ever-monaco-20-ans-dinnovations-et-danticipations\/#webpage\"}}]},{\"@type\":\"Person\",\"@id\":\"https:\/\/www.in-magazines.com\/magazine\/#\/schema\/person\/c27e7dabb9a1ef380814bdd5636d07e3\",\"name\":\"backinmag\",\"image\":{\"@type\":\"ImageObject\",\"@id\":\"https:\/\/www.in-magazines.com\/magazine\/#personlogo\",\"inLanguage\":\"fr-FR\",\"url\":\"https:\/\/secure.gravatar.com\/avatar\/13a234bb19dc4fd04793d73c3472fbdb?s=96&d=mm&r=g\",\"contentUrl\":\"https:\/\/secure.gravatar.com\/avatar\/13a234bb19dc4fd04793d73c3472fbdb?s=96&d=mm&r=g\",\"caption\":\"backinmag\"},\"sameAs\":[\"http:\/\/www.in-magazines.com\/magazin\"]}]}<\/script>\n<!-- \/ Yoast SEO plugin. -->","_links":{"self":[{"href":"https:\/\/www.in-magazines.com\/magazine\/wp-json\/wp\/v2\/posts\/14722"}],"collection":[{"href":"https:\/\/www.in-magazines.com\/magazine\/wp-json\/wp\/v2\/posts"}],"about":[{"href":"https:\/\/www.in-magazines.com\/magazine\/wp-json\/wp\/v2\/types\/post"}],"author":[{"embeddable":true,"href":"https:\/\/www.in-magazines.com\/magazine\/wp-json\/wp\/v2\/users\/1"}],"replies":[{"embeddable":true,"href":"https:\/\/www.in-magazines.com\/magazine\/wp-json\/wp\/v2\/comments?post=14722"}],"version-history":[{"count":2,"href":"https:\/\/www.in-magazines.com\/magazine\/wp-json\/wp\/v2\/posts\/14722\/revisions"}],"predecessor-version":[{"id":14726,"href":"https:\/\/www.in-magazines.com\/magazine\/wp-json\/wp\/v2\/posts\/14722\/revisions\/14726"}],"wp:featuredmedia":[{"embeddable":true,"href":"https:\/\/www.in-magazines.com\/magazine\/wp-json\/wp\/v2\/media\/14724"}],"wp:attachment":[{"href":"https:\/\/www.in-magazines.com\/magazine\/wp-json\/wp\/v2\/media?parent=14722"}],"wp:term":[{"taxonomy":"category","embeddable":true,"href":"https:\/\/www.in-magazines.com\/magazine\/wp-json\/wp\/v2\/categories?post=14722"},{"taxonomy":"post_tag","embeddable":true,"href":"https:\/\/www.in-magazines.com\/magazine\/wp-json\/wp\/v2\/tags?post=14722"}],"curies":[{"name":"wp","href":"https:\/\/api.w.org\/{rel}","templated":true}]}}