

{"id":14732,"date":"2025-12-15T06:30:00","date_gmt":"2025-12-15T06:30:00","guid":{"rendered":"https:\/\/www.in-magazines.com\/magazine\/?p=14732"},"modified":"2025-12-11T11:54:51","modified_gmt":"2025-12-11T11:54:51","slug":"un-chauffage-aerothermique-revolutionnaire-pour-une-ecole-du-var","status":"publish","type":"post","link":"https:\/\/www.in-magazines.com\/magazine\/sommaire\/inmagazine-43\/un-chauffage-aerothermique-revolutionnaire-pour-une-ecole-du-var\/","title":{"rendered":"UN CHAUFFAGE A\u00c9ROTHERMIQUE r\u00e9volutionnaire pour une \u00e9cole du Var"},"content":{"rendered":"\n<p>Solar Brother, acteur engag\u00e9 depuis pr\u00e8s de 10 ans dans la conception de solutions solaires \u00e9cologiques, annonce l\u2019arriv\u00e9e de SunA\u00e9ro (M\u00e9daill\u00e9 d\u2019Or du concours L\u00e9pine 2025), son nouveau syst\u00e8me de chauffage solaire a\u00e9rothermique connect\u00e9, sur le march\u00e9 des b\u00e2timents scolaires et publics.<\/p>\n\n\n\n<p>Une premi\u00e8re installation pilote vient d\u2019\u00eatre r\u00e9alis\u00e9e dans une classe \u00e9l\u00e9mentaire de l\u2019\u00e9cole Marie-Claude Vaillant-Couturier \u00e0 Carnoules (83). Ce projet s\u2019inscrit dans une volont\u00e9 locale forte de mieux ventiler et chauffer durablement les b\u00e2timents scolaires, dans un contexte national o\u00f9 la qualit\u00e9 de l\u2019air int\u00e9rieur dans les \u00e9coles est de plus en plus scrut\u00e9e. Un b\u00e2timent modulaire Algeco de 40 m\u00b2 accueillant 24 \u00e9l\u00e8ves de CE1 \u2013 a \u00e9t\u00e9 \u00e9quip\u00e9 du syst\u00e8me il y a quelques semaines, avec des premiers r\u00e9sultats tr\u00e8s encourageants : une temp\u00e9rature int\u00e9rieure jusqu\u2019\u00e0 25\u00b0C atteinte naturellement en journ\u00e9e, une r\u00e9duction de l\u2019humidit\u00e9 de 60 \u00e0 40 % pendant la pr\u00e9sence des enfants, et une ventilation efficace permettant un renouvellement complet de l\u2019air chaque heure. Avec d\u00e9j\u00e0 plus de 500 unit\u00e9s vendues en France et en Europe aupr\u00e8s des particuliers, l\u2019entreprise \u00e9toffe son r\u00e9seau de partenaires installateurs pour r\u00e9pondre \u00e0 une demande croissante. Elle ambitionne d\u00e9sormais une forte acc\u00e9l\u00e9ration sur le march\u00e9 B to B. Accompagn\u00e9e par la R\u00e9gion Sud, la mairie de Carnoules et son partenaire installateur La Maison Autonome, Solar Brother pr\u00e9voit d\u00e9j\u00e0 de nouvelles installations dans le Var et \u00e0 Marseille et vise \u00e0 court terme les b\u00e2timents scolaires, les bureaux et m\u00eame des habitats de loisirs comme des bungalows de camping, souvent confront\u00e9s aux m\u00eames probl\u00e9matiques de ventilation et de chauffage.<\/p>\n\n\n<a href=\"#\" class=\"_3d-flip-book  fb3d-link-lightbox-mode\" data-id=\"14580\" data-mode=\"link-lightbox\" data-title=\"false\" data-template=\"short-white-book-view\" data-lightbox=\"dark\" data-urlparam=\"fb3d-page\" data-page-n=\"0\" data-pdf=\"\" data-tax=\"null\" data-thumbnail=\"\" data-cols=\"3\" data-query=\"\"><img decoding=\"async\" src=\"http:\/\/www.in-magazines.com\/magazine\/wp-content\/uploads\/2021\/05\/btn.jpg\"><\/a>\n","protected":false},"excerpt":{"rendered":"<p>Solar Brother, acteur engag&eacute; depuis pr&egrave;s de 10 ans dans la conception de solutions solaires &eacute;cologiques, annonce l&rsquo;arriv&eacute;e de SunA&eacute;ro (M&eacute;daill&eacute; d&rsquo;Or du concours L&eacute;pine 2025), son nouveau syst&egrave;me de chauffage solaire a&eacute;rothermique connect&eacute;, sur le march&eacute; des b&acirc;timents scolaires et publics. Une premi&egrave;re installation pilote vient d&rsquo;&ecirc;tre r&eacute;alis&eacute;e dans une classe &eacute;l&eacute;mentaire de l&rsquo;&eacute;cole&hellip; <a class=\"more-link\" href=\"https:\/\/www.in-magazines.com\/magazine\/sommaire\/inmagazine-43\/un-chauffage-aerothermique-revolutionnaire-pour-une-ecole-du-var\/\">Poursuivre la lecture <span class=\"screen-reader-text\">UN CHAUFFAGE A\u00c9ROTHERMIQUE r\u00e9volutionnaire pour une \u00e9cole du Var<\/span><\/a><\/p>\n","protected":false},"author":1,"featured_media":14734,"comment_status":"open","ping_status":"open","sticky":false,"template":"","format":"standard","meta":{"footnotes":""},"categories":[2752,2766],"tags":[2767],"yoast_head":"<!-- This site is optimized with the Yoast SEO plugin v16.2 - https:\/\/yoast.com\/wordpress\/plugins\/seo\/ -->\n<title>UN CHAUFFAGE A\u00c9ROTHERMIQUE r\u00e9volutionnaire pour une \u00e9cole du Var - In Magazines<\/title>\n<meta name=\"robots\" content=\"index, follow, max-snippet:-1, max-image-preview:large, max-video-preview:-1\" \/>\n<link rel=\"canonical\" href=\"https:\/\/www.in-magazines.com\/magazine\/sommaire\/inmagazine-43\/un-chauffage-aerothermique-revolutionnaire-pour-une-ecole-du-var\/\" \/>\n<meta property=\"og:locale\" content=\"fr_FR\" \/>\n<meta property=\"og:type\" content=\"article\" \/>\n<meta property=\"og:title\" content=\"UN CHAUFFAGE A\u00c9ROTHERMIQUE r\u00e9volutionnaire pour une \u00e9cole du Var - In Magazines\" \/>\n<meta property=\"og:description\" content=\"Solar Brother, acteur engag&eacute; depuis pr&egrave;s de 10 ans dans la conception de solutions solaires &eacute;cologiques, annonce l&rsquo;arriv&eacute;e de SunA&eacute;ro (M&eacute;daill&eacute; d&rsquo;Or du concours L&eacute;pine 2025), son nouveau syst&egrave;me de chauffage solaire a&eacute;rothermique connect&eacute;, sur le march&eacute; des b&acirc;timents scolaires et publics. Une premi&egrave;re installation pilote vient d&rsquo;&ecirc;tre r&eacute;alis&eacute;e dans une classe &eacute;l&eacute;mentaire de l&rsquo;&eacute;cole&hellip; Poursuivre la lecture UN CHAUFFAGE A\u00c9ROTHERMIQUE r\u00e9volutionnaire pour une \u00e9cole du Var\" \/>\n<meta property=\"og:url\" content=\"https:\/\/www.in-magazines.com\/magazine\/sommaire\/inmagazine-43\/un-chauffage-aerothermique-revolutionnaire-pour-une-ecole-du-var\/\" \/>\n<meta property=\"og:site_name\" content=\"In Magazines\" \/>\n<meta property=\"article:published_time\" content=\"2025-12-15T06:30:00+00:00\" \/>\n<meta property=\"article:modified_time\" content=\"2025-12-11T11:54:51+00:00\" \/>\n<meta property=\"og:image\" content=\"https:\/\/www.in-magazines.com\/magazine\/wp-content\/uploads\/2025\/12\/UN-CHAUFFAGE-AEROTHERMIQUE-revolutionnaire-pour-une-ecole-du-Var.jpg\" \/>\n\t<meta property=\"og:image:width\" content=\"270\" \/>\n\t<meta property=\"og:image:height\" content=\"195\" \/>\n<meta name=\"twitter:label1\" content=\"Dur\u00e9e de lecture est.\">\n\t<meta name=\"twitter:data1\" content=\"2 minutes\">\n<script type=\"application\/ld+json\" class=\"yoast-schema-graph\">{\"@context\":\"https:\/\/schema.org\",\"@graph\":[{\"@type\":\"WebSite\",\"@id\":\"https:\/\/www.in-magazines.com\/magazine\/#website\",\"url\":\"https:\/\/www.in-magazines.com\/magazine\/\",\"name\":\"In Magazines\",\"description\":\"\",\"potentialAction\":[{\"@type\":\"SearchAction\",\"target\":\"https:\/\/www.in-magazines.com\/magazine\/?s={search_term_string}\",\"query-input\":\"required name=search_term_string\"}],\"inLanguage\":\"fr-FR\"},{\"@type\":\"ImageObject\",\"@id\":\"https:\/\/www.in-magazines.com\/magazine\/sommaire\/inmagazine-43\/un-chauffage-aerothermique-revolutionnaire-pour-une-ecole-du-var\/#primaryimage\",\"inLanguage\":\"fr-FR\",\"url\":\"https:\/\/www.in-magazines.com\/magazine\/wp-content\/uploads\/2025\/12\/UN-CHAUFFAGE-AEROTHERMIQUE-revolutionnaire-pour-une-ecole-du-Var.jpg\",\"contentUrl\":\"https:\/\/www.in-magazines.com\/magazine\/wp-content\/uploads\/2025\/12\/UN-CHAUFFAGE-AEROTHERMIQUE-revolutionnaire-pour-une-ecole-du-Var.jpg\",\"width\":270,\"height\":195},{\"@type\":\"WebPage\",\"@id\":\"https:\/\/www.in-magazines.com\/magazine\/sommaire\/inmagazine-43\/un-chauffage-aerothermique-revolutionnaire-pour-une-ecole-du-var\/#webpage\",\"url\":\"https:\/\/www.in-magazines.com\/magazine\/sommaire\/inmagazine-43\/un-chauffage-aerothermique-revolutionnaire-pour-une-ecole-du-var\/\",\"name\":\"UN CHAUFFAGE A\\u00c9ROTHERMIQUE r\\u00e9volutionnaire pour une \\u00e9cole du Var - In Magazines\",\"isPartOf\":{\"@id\":\"https:\/\/www.in-magazines.com\/magazine\/#website\"},\"primaryImageOfPage\":{\"@id\":\"https:\/\/www.in-magazines.com\/magazine\/sommaire\/inmagazine-43\/un-chauffage-aerothermique-revolutionnaire-pour-une-ecole-du-var\/#primaryimage\"},\"datePublished\":\"2025-12-15T06:30:00+00:00\",\"dateModified\":\"2025-12-11T11:54:51+00:00\",\"author\":{\"@id\":\"https:\/\/www.in-magazines.com\/magazine\/#\/schema\/person\/c27e7dabb9a1ef380814bdd5636d07e3\"},\"breadcrumb\":{\"@id\":\"https:\/\/www.in-magazines.com\/magazine\/sommaire\/inmagazine-43\/un-chauffage-aerothermique-revolutionnaire-pour-une-ecole-du-var\/#breadcrumb\"},\"inLanguage\":\"fr-FR\",\"potentialAction\":[{\"@type\":\"ReadAction\",\"target\":[\"https:\/\/www.in-magazines.com\/magazine\/sommaire\/inmagazine-43\/un-chauffage-aerothermique-revolutionnaire-pour-une-ecole-du-var\/\"]}]},{\"@type\":\"BreadcrumbList\",\"@id\":\"https:\/\/www.in-magazines.com\/magazine\/sommaire\/inmagazine-43\/un-chauffage-aerothermique-revolutionnaire-pour-une-ecole-du-var\/#breadcrumb\",\"itemListElement\":[{\"@type\":\"ListItem\",\"position\":1,\"item\":{\"@id\":\"https:\/\/www.in-magazines.com\/magazine\/sommaire\/inmagazine-43\/un-chauffage-aerothermique-revolutionnaire-pour-une-ecole-du-var\/#webpage\"}}]},{\"@type\":\"Person\",\"@id\":\"https:\/\/www.in-magazines.com\/magazine\/#\/schema\/person\/c27e7dabb9a1ef380814bdd5636d07e3\",\"name\":\"backinmag\",\"image\":{\"@type\":\"ImageObject\",\"@id\":\"https:\/\/www.in-magazines.com\/magazine\/#personlogo\",\"inLanguage\":\"fr-FR\",\"url\":\"https:\/\/secure.gravatar.com\/avatar\/13a234bb19dc4fd04793d73c3472fbdb?s=96&d=mm&r=g\",\"contentUrl\":\"https:\/\/secure.gravatar.com\/avatar\/13a234bb19dc4fd04793d73c3472fbdb?s=96&d=mm&r=g\",\"caption\":\"backinmag\"},\"sameAs\":[\"http:\/\/www.in-magazines.com\/magazin\"]}]}<\/script>\n<!-- \/ Yoast SEO plugin. -->","_links":{"self":[{"href":"https:\/\/www.in-magazines.com\/magazine\/wp-json\/wp\/v2\/posts\/14732"}],"collection":[{"href":"https:\/\/www.in-magazines.com\/magazine\/wp-json\/wp\/v2\/posts"}],"about":[{"href":"https:\/\/www.in-magazines.com\/magazine\/wp-json\/wp\/v2\/types\/post"}],"author":[{"embeddable":true,"href":"https:\/\/www.in-magazines.com\/magazine\/wp-json\/wp\/v2\/users\/1"}],"replies":[{"embeddable":true,"href":"https:\/\/www.in-magazines.com\/magazine\/wp-json\/wp\/v2\/comments?post=14732"}],"version-history":[{"count":2,"href":"https:\/\/www.in-magazines.com\/magazine\/wp-json\/wp\/v2\/posts\/14732\/revisions"}],"predecessor-version":[{"id":14736,"href":"https:\/\/www.in-magazines.com\/magazine\/wp-json\/wp\/v2\/posts\/14732\/revisions\/14736"}],"wp:featuredmedia":[{"embeddable":true,"href":"https:\/\/www.in-magazines.com\/magazine\/wp-json\/wp\/v2\/media\/14734"}],"wp:attachment":[{"href":"https:\/\/www.in-magazines.com\/magazine\/wp-json\/wp\/v2\/media?parent=14732"}],"wp:term":[{"taxonomy":"category","embeddable":true,"href":"https:\/\/www.in-magazines.com\/magazine\/wp-json\/wp\/v2\/categories?post=14732"},{"taxonomy":"post_tag","embeddable":true,"href":"https:\/\/www.in-magazines.com\/magazine\/wp-json\/wp\/v2\/tags?post=14732"}],"curies":[{"name":"wp","href":"https:\/\/api.w.org\/{rel}","templated":true}]}}