

{"id":14754,"date":"2025-12-15T06:25:00","date_gmt":"2025-12-15T06:25:00","guid":{"rendered":"https:\/\/www.in-magazines.com\/magazine\/?p=14754"},"modified":"2025-12-11T12:34:25","modified_gmt":"2025-12-11T12:34:25","slug":"bpca-double-vocation-pour-le-nouveau-siege-de-la-banque-azureenne","status":"publish","type":"post","link":"https:\/\/www.in-magazines.com\/magazine\/sommaire\/inmagazine-43\/bpca-double-vocation-pour-le-nouveau-siege-de-la-banque-azureenne\/","title":{"rendered":"BPCA : DOUBLE VOCATION pour le nouveau si\u00e8ge de la banque azur\u00e9enne"},"content":{"rendered":"\n<p>A partir de janvier 2026, la Banque Populaire M\u00e9diterran\u00e9e lance un ambitieux projet de transformation de son si\u00e8ge social, \u00e0 Nice Ar\u00e9nas.<\/p>\n\n\n\n<p>Situ\u00e9 au c\u0153ur de l\u2019un des principaux quartiers \u00e9conomiques de la r\u00e9gion, la Banque Populaire M\u00e9diterran\u00e9e est fi \u00e8re de contribuer \u00e0 l\u2019attractivit\u00e9 de ce territoire en y maintenant son si\u00e8ge qui sera prochainement r\u00e9nov\u00e9 et en y attirant de nouvelles soci\u00e9t\u00e9s. Le projet de r\u00e9novation pr\u00e9voit des travaux d\u2019ampleur pour transformer ce b\u00e2timent embl\u00e9matique de Nice, situ\u00e9 au 457 de la Promenade des Anglais. Un lieu qui, \u00e0 l\u2019issue du chantier de r\u00e9habilitation, connaitra alors une double vocation : au sein de son aile ouest, accueillir les collaborateurs de la Banque dans des espaces modernis\u00e9s et totalement repens\u00e9s et dans son aile est, proposer des plateaux aux entreprises du territoire qui souhaitent rejoindre le p\u00f4le \u00e9conomique de l\u2019Ar\u00e9nas. La commercialisation de ces surfaces \u2013 pour un total de 3 700 m\u00b2 de Surface Utile Brute Locative \u2013 d\u00e9butera d\u00e8s le 2e trimestre 2026.<\/p>\n\n\n<a href=\"#\" class=\"_3d-flip-book  fb3d-link-lightbox-mode\" data-id=\"14583\" data-mode=\"link-lightbox\" data-title=\"false\" data-template=\"short-white-book-view\" data-lightbox=\"dark\" data-urlparam=\"fb3d-page\" data-page-n=\"0\" data-pdf=\"\" data-tax=\"null\" data-thumbnail=\"\" data-cols=\"3\" data-query=\"\"><img decoding=\"async\" src=\"http:\/\/www.in-magazines.com\/magazine\/wp-content\/uploads\/2021\/05\/btn.jpg\"><\/a>\n","protected":false},"excerpt":{"rendered":"<p>A partir de janvier 2026, la Banque Populaire M&eacute;diterran&eacute;e lance un ambitieux projet de transformation de son si&egrave;ge social, &agrave; Nice Ar&eacute;nas. Situ&eacute; au c&oelig;ur de l&rsquo;un des principaux quartiers &eacute;conomiques de la r&eacute;gion, la Banque Populaire M&eacute;diterran&eacute;e est fi &egrave;re de contribuer &agrave; l&rsquo;attractivit&eacute; de ce territoire en y maintenant son si&egrave;ge qui sera&hellip; <a class=\"more-link\" href=\"https:\/\/www.in-magazines.com\/magazine\/sommaire\/inmagazine-43\/bpca-double-vocation-pour-le-nouveau-siege-de-la-banque-azureenne\/\">Poursuivre la lecture <span class=\"screen-reader-text\">BPCA : DOUBLE VOCATION pour le nouveau si\u00e8ge de la banque azur\u00e9enne<\/span><\/a><\/p>\n","protected":false},"author":1,"featured_media":14755,"comment_status":"open","ping_status":"open","sticky":false,"template":"","format":"standard","meta":{"footnotes":""},"categories":[2752,1696],"tags":[2626],"yoast_head":"<!-- This site is optimized with the Yoast SEO plugin v16.2 - https:\/\/yoast.com\/wordpress\/plugins\/seo\/ -->\n<title>BPCA : DOUBLE VOCATION pour le nouveau si\u00e8ge de la banque azur\u00e9enne - In Magazines<\/title>\n<meta name=\"robots\" content=\"index, follow, max-snippet:-1, max-image-preview:large, max-video-preview:-1\" \/>\n<link rel=\"canonical\" href=\"https:\/\/www.in-magazines.com\/magazine\/sommaire\/inmagazine-43\/bpca-double-vocation-pour-le-nouveau-siege-de-la-banque-azureenne\/\" \/>\n<meta property=\"og:locale\" content=\"fr_FR\" \/>\n<meta property=\"og:type\" content=\"article\" \/>\n<meta property=\"og:title\" content=\"BPCA : DOUBLE VOCATION pour le nouveau si\u00e8ge de la banque azur\u00e9enne - In Magazines\" \/>\n<meta property=\"og:description\" content=\"A partir de janvier 2026, la Banque Populaire M&eacute;diterran&eacute;e lance un ambitieux projet de transformation de son si&egrave;ge social, &agrave; Nice Ar&eacute;nas. Situ&eacute; au c&oelig;ur de l&rsquo;un des principaux quartiers &eacute;conomiques de la r&eacute;gion, la Banque Populaire M&eacute;diterran&eacute;e est fi &egrave;re de contribuer &agrave; l&rsquo;attractivit&eacute; de ce territoire en y maintenant son si&egrave;ge qui sera&hellip; Poursuivre la lecture BPCA : DOUBLE VOCATION pour le nouveau si\u00e8ge de la banque azur\u00e9enne\" \/>\n<meta property=\"og:url\" content=\"https:\/\/www.in-magazines.com\/magazine\/sommaire\/inmagazine-43\/bpca-double-vocation-pour-le-nouveau-siege-de-la-banque-azureenne\/\" \/>\n<meta property=\"og:site_name\" content=\"In Magazines\" \/>\n<meta property=\"article:published_time\" content=\"2025-12-15T06:25:00+00:00\" \/>\n<meta property=\"article:modified_time\" content=\"2025-12-11T12:34:25+00:00\" \/>\n<meta property=\"og:image\" content=\"https:\/\/www.in-magazines.com\/magazine\/wp-content\/uploads\/2025\/12\/BPCA-DOUBLE-VOCATION-pour-le-nouveau-siege-de-la-banque-azureenne.jpg\" \/>\n\t<meta property=\"og:image:width\" content=\"264\" \/>\n\t<meta property=\"og:image:height\" content=\"198\" \/>\n<meta name=\"twitter:label1\" content=\"Dur\u00e9e de lecture est.\">\n\t<meta name=\"twitter:data1\" content=\"1 minute\">\n<script type=\"application\/ld+json\" class=\"yoast-schema-graph\">{\"@context\":\"https:\/\/schema.org\",\"@graph\":[{\"@type\":\"WebSite\",\"@id\":\"https:\/\/www.in-magazines.com\/magazine\/#website\",\"url\":\"https:\/\/www.in-magazines.com\/magazine\/\",\"name\":\"In Magazines\",\"description\":\"\",\"potentialAction\":[{\"@type\":\"SearchAction\",\"target\":\"https:\/\/www.in-magazines.com\/magazine\/?s={search_term_string}\",\"query-input\":\"required name=search_term_string\"}],\"inLanguage\":\"fr-FR\"},{\"@type\":\"ImageObject\",\"@id\":\"https:\/\/www.in-magazines.com\/magazine\/sommaire\/inmagazine-43\/bpca-double-vocation-pour-le-nouveau-siege-de-la-banque-azureenne\/#primaryimage\",\"inLanguage\":\"fr-FR\",\"url\":\"https:\/\/www.in-magazines.com\/magazine\/wp-content\/uploads\/2025\/12\/BPCA-DOUBLE-VOCATION-pour-le-nouveau-siege-de-la-banque-azureenne.jpg\",\"contentUrl\":\"https:\/\/www.in-magazines.com\/magazine\/wp-content\/uploads\/2025\/12\/BPCA-DOUBLE-VOCATION-pour-le-nouveau-siege-de-la-banque-azureenne.jpg\",\"width\":264,\"height\":198},{\"@type\":\"WebPage\",\"@id\":\"https:\/\/www.in-magazines.com\/magazine\/sommaire\/inmagazine-43\/bpca-double-vocation-pour-le-nouveau-siege-de-la-banque-azureenne\/#webpage\",\"url\":\"https:\/\/www.in-magazines.com\/magazine\/sommaire\/inmagazine-43\/bpca-double-vocation-pour-le-nouveau-siege-de-la-banque-azureenne\/\",\"name\":\"BPCA : DOUBLE VOCATION pour le nouveau si\\u00e8ge de la banque azur\\u00e9enne - In Magazines\",\"isPartOf\":{\"@id\":\"https:\/\/www.in-magazines.com\/magazine\/#website\"},\"primaryImageOfPage\":{\"@id\":\"https:\/\/www.in-magazines.com\/magazine\/sommaire\/inmagazine-43\/bpca-double-vocation-pour-le-nouveau-siege-de-la-banque-azureenne\/#primaryimage\"},\"datePublished\":\"2025-12-15T06:25:00+00:00\",\"dateModified\":\"2025-12-11T12:34:25+00:00\",\"author\":{\"@id\":\"https:\/\/www.in-magazines.com\/magazine\/#\/schema\/person\/c27e7dabb9a1ef380814bdd5636d07e3\"},\"breadcrumb\":{\"@id\":\"https:\/\/www.in-magazines.com\/magazine\/sommaire\/inmagazine-43\/bpca-double-vocation-pour-le-nouveau-siege-de-la-banque-azureenne\/#breadcrumb\"},\"inLanguage\":\"fr-FR\",\"potentialAction\":[{\"@type\":\"ReadAction\",\"target\":[\"https:\/\/www.in-magazines.com\/magazine\/sommaire\/inmagazine-43\/bpca-double-vocation-pour-le-nouveau-siege-de-la-banque-azureenne\/\"]}]},{\"@type\":\"BreadcrumbList\",\"@id\":\"https:\/\/www.in-magazines.com\/magazine\/sommaire\/inmagazine-43\/bpca-double-vocation-pour-le-nouveau-siege-de-la-banque-azureenne\/#breadcrumb\",\"itemListElement\":[{\"@type\":\"ListItem\",\"position\":1,\"item\":{\"@id\":\"https:\/\/www.in-magazines.com\/magazine\/sommaire\/inmagazine-43\/bpca-double-vocation-pour-le-nouveau-siege-de-la-banque-azureenne\/#webpage\"}}]},{\"@type\":\"Person\",\"@id\":\"https:\/\/www.in-magazines.com\/magazine\/#\/schema\/person\/c27e7dabb9a1ef380814bdd5636d07e3\",\"name\":\"backinmag\",\"image\":{\"@type\":\"ImageObject\",\"@id\":\"https:\/\/www.in-magazines.com\/magazine\/#personlogo\",\"inLanguage\":\"fr-FR\",\"url\":\"https:\/\/secure.gravatar.com\/avatar\/13a234bb19dc4fd04793d73c3472fbdb?s=96&d=mm&r=g\",\"contentUrl\":\"https:\/\/secure.gravatar.com\/avatar\/13a234bb19dc4fd04793d73c3472fbdb?s=96&d=mm&r=g\",\"caption\":\"backinmag\"},\"sameAs\":[\"http:\/\/www.in-magazines.com\/magazin\"]}]}<\/script>\n<!-- \/ Yoast SEO plugin. -->","_links":{"self":[{"href":"https:\/\/www.in-magazines.com\/magazine\/wp-json\/wp\/v2\/posts\/14754"}],"collection":[{"href":"https:\/\/www.in-magazines.com\/magazine\/wp-json\/wp\/v2\/posts"}],"about":[{"href":"https:\/\/www.in-magazines.com\/magazine\/wp-json\/wp\/v2\/types\/post"}],"author":[{"embeddable":true,"href":"https:\/\/www.in-magazines.com\/magazine\/wp-json\/wp\/v2\/users\/1"}],"replies":[{"embeddable":true,"href":"https:\/\/www.in-magazines.com\/magazine\/wp-json\/wp\/v2\/comments?post=14754"}],"version-history":[{"count":3,"href":"https:\/\/www.in-magazines.com\/magazine\/wp-json\/wp\/v2\/posts\/14754\/revisions"}],"predecessor-version":[{"id":14852,"href":"https:\/\/www.in-magazines.com\/magazine\/wp-json\/wp\/v2\/posts\/14754\/revisions\/14852"}],"wp:featuredmedia":[{"embeddable":true,"href":"https:\/\/www.in-magazines.com\/magazine\/wp-json\/wp\/v2\/media\/14755"}],"wp:attachment":[{"href":"https:\/\/www.in-magazines.com\/magazine\/wp-json\/wp\/v2\/media?parent=14754"}],"wp:term":[{"taxonomy":"category","embeddable":true,"href":"https:\/\/www.in-magazines.com\/magazine\/wp-json\/wp\/v2\/categories?post=14754"},{"taxonomy":"post_tag","embeddable":true,"href":"https:\/\/www.in-magazines.com\/magazine\/wp-json\/wp\/v2\/tags?post=14754"}],"curies":[{"name":"wp","href":"https:\/\/api.w.org\/{rel}","templated":true}]}}