

{"id":14771,"date":"2025-12-15T06:21:00","date_gmt":"2025-12-15T06:21:00","guid":{"rendered":"https:\/\/www.in-magazines.com\/magazine\/?p=14771"},"modified":"2025-12-12T08:12:57","modified_gmt":"2025-12-12T08:12:57","slug":"martelly-etape-cle-de-la-requalifi-cation-du-centre-ville","status":"publish","type":"post","link":"https:\/\/www.in-magazines.com\/magazine\/sommaire\/inmagazine-43\/martelly-etape-cle-de-la-requalifi-cation-du-centre-ville\/","title":{"rendered":"MARTELLY, \u00e9tape-cl\u00e9 de la requalifi cation du centre-ville"},"content":{"rendered":"\n<p>La Ville de Grasse marque une \u00e9tape essentielle dans la transformation de son centre-ville avec le d\u00e9but des travaux de requalification de la ZAC Martelly. Attendu de longue date, ce projet ambitieux vise \u00e0 redynamiser le quartier en m\u00ealant logements, commerces, \u00e9quipements publics et espaces urbains modernis\u00e9s.<\/p>\n\n\n\n<p>Pens\u00e9 pour r\u00e9pondre aux besoins des habitants et renforcer l\u2019attractivit\u00e9 du c\u0153ur de ville, le programme s\u2019organise autour de six \u00eelots et de 6 000 m\u00b2 d\u2019espaces publics enti\u00e8rement repens\u00e9s. Les travaux seront men\u00e9s de mani\u00e8re progressive afin de limiter les nuisances et d\u2019assurer la continuit\u00e9 de la vie urbaine.<\/p>\n\n\n\n<h2 class=\"wp-block-heading\">Un projet mixte <\/h2>\n\n\n\n<p>Le projet pr\u00e9voit la cr\u00e9ation de 70 logements, compl\u00e9t\u00e9s par une quarantaine d\u2019habitations suppl\u00e9mentaires sur l\u2019\u00eelot Martelly, dont certaines en construction bois. Il accueillera \u00e9galement un futur Monoprix, un p\u00f4le de loisirs comprenant cin\u00e9ma et restaurant-caf\u00e9, ainsi qu\u2019un h\u00f4tel 3 \u00e9toiles de 80 \u00e0 90 chambres.<\/p>\n\n\n\n<p>Les parkings seront r\u00e9nov\u00e9s et \u00e9tendus pour offrir 680 places, tandis qu\u2019un socle de mobilit\u00e9 int\u00e9grera bus, v\u00e9los \u00e9lectriques et solutions de logistique urbaine. Les espaces publics b\u00e9n\u00e9ficieront d\u2019une requalification compl\u00e8te : v\u00e9g\u00e9talisation, renaturation, am\u00e9nagements favorisant convivialit\u00e9, usages interg\u00e9n\u00e9rationnels et accessibilit\u00e9. Inscrit dans une d\u00e9marche durable, le projet est d\u00e9j\u00e0 labellis\u00e9 \u00ab \u00c9co-projet \u00bb et engag\u00e9 dans la certification \u00ab Quartier Durable M\u00e9diterran\u00e9en \u00bb.<\/p>\n\n\n\n<p><strong>Premi\u00e8res livraisons en octobre 2026<\/strong>                                                 Trois ateliers de concertation, men\u00e9s entre 2023 et 2025, ont permis d\u2019associer les habitants \u00e0 la d\u00e9finition des usages, de l\u2019habitat et de l\u2019off re commerciale. Les premi\u00e8res livraisons interviendront en octobre 2026 avec le b\u00e2timent du Monoprix, pour une finalisation du quartier pr\u00e9vue fi n 2029. Le pilotage est assur\u00e9 par la SPL Pays de Grasse D\u00e9veloppement, aux c\u00f4t\u00e9s des architectes PNG, Atelier Aino, Atelier Lorin et DP Architecture, et des op\u00e9rateurs Promofar, Primosud et Eiffage Immobilier.<\/p>\n\n\n<a href=\"#\" class=\"_3d-flip-book  fb3d-link-lightbox-mode\" data-id=\"14585\" data-mode=\"link-lightbox\" data-title=\"false\" data-template=\"short-white-book-view\" data-lightbox=\"dark\" data-urlparam=\"fb3d-page\" data-page-n=\"0\" data-pdf=\"\" data-tax=\"null\" data-thumbnail=\"\" data-cols=\"3\" data-query=\"\"><img decoding=\"async\" src=\"http:\/\/www.in-magazines.com\/magazine\/wp-content\/uploads\/2021\/05\/btn.jpg\"><\/a>\n","protected":false},"excerpt":{"rendered":"<p>La Ville de Grasse marque une &eacute;tape essentielle dans la transformation de son centre-ville avec le d&eacute;but des travaux de requalification de la ZAC Martelly. Attendu de longue date, ce projet ambitieux vise &agrave; redynamiser le quartier en m&ecirc;lant logements, commerces, &eacute;quipements publics et espaces urbains modernis&eacute;s. Pens&eacute; pour r&eacute;pondre aux besoins des habitants et&hellip; <a class=\"more-link\" href=\"https:\/\/www.in-magazines.com\/magazine\/sommaire\/inmagazine-43\/martelly-etape-cle-de-la-requalifi-cation-du-centre-ville\/\">Poursuivre la lecture <span class=\"screen-reader-text\">MARTELLY, \u00e9tape-cl\u00e9 de la requalifi cation du centre-ville<\/span><\/a><\/p>\n","protected":false},"author":1,"featured_media":14772,"comment_status":"open","ping_status":"open","sticky":false,"template":"","format":"standard","meta":{"footnotes":""},"categories":[2752,1697],"tags":[2724],"yoast_head":"<!-- This site is optimized with the Yoast SEO plugin v16.2 - https:\/\/yoast.com\/wordpress\/plugins\/seo\/ -->\n<title>MARTELLY, \u00e9tape-cl\u00e9 de la requalifi cation du centre-ville - In Magazines<\/title>\n<meta name=\"robots\" content=\"index, follow, max-snippet:-1, max-image-preview:large, max-video-preview:-1\" \/>\n<link rel=\"canonical\" href=\"https:\/\/www.in-magazines.com\/magazine\/sommaire\/inmagazine-43\/martelly-etape-cle-de-la-requalifi-cation-du-centre-ville\/\" \/>\n<meta property=\"og:locale\" content=\"fr_FR\" \/>\n<meta property=\"og:type\" content=\"article\" \/>\n<meta property=\"og:title\" content=\"MARTELLY, \u00e9tape-cl\u00e9 de la requalifi cation du centre-ville - In Magazines\" \/>\n<meta property=\"og:description\" content=\"La Ville de Grasse marque une &eacute;tape essentielle dans la transformation de son centre-ville avec le d&eacute;but des travaux de requalification de la ZAC Martelly. Attendu de longue date, ce projet ambitieux vise &agrave; redynamiser le quartier en m&ecirc;lant logements, commerces, &eacute;quipements publics et espaces urbains modernis&eacute;s. Pens&eacute; pour r&eacute;pondre aux besoins des habitants et&hellip; Poursuivre la lecture MARTELLY, \u00e9tape-cl\u00e9 de la requalifi cation du centre-ville\" \/>\n<meta property=\"og:url\" content=\"https:\/\/www.in-magazines.com\/magazine\/sommaire\/inmagazine-43\/martelly-etape-cle-de-la-requalifi-cation-du-centre-ville\/\" \/>\n<meta property=\"og:site_name\" content=\"In Magazines\" \/>\n<meta property=\"article:published_time\" content=\"2025-12-15T06:21:00+00:00\" \/>\n<meta property=\"article:modified_time\" content=\"2025-12-12T08:12:57+00:00\" \/>\n<meta property=\"og:image\" content=\"https:\/\/www.in-magazines.com\/magazine\/wp-content\/uploads\/2025\/12\/MARTELLY-etape-cle-de-la-requalifi-cation-du-centre-ville.jpg\" \/>\n\t<meta property=\"og:image:width\" content=\"280\" \/>\n\t<meta property=\"og:image:height\" content=\"212\" \/>\n<meta name=\"twitter:label1\" content=\"Dur\u00e9e de lecture est.\">\n\t<meta name=\"twitter:data1\" content=\"2 minutes\">\n<script type=\"application\/ld+json\" class=\"yoast-schema-graph\">{\"@context\":\"https:\/\/schema.org\",\"@graph\":[{\"@type\":\"WebSite\",\"@id\":\"https:\/\/www.in-magazines.com\/magazine\/#website\",\"url\":\"https:\/\/www.in-magazines.com\/magazine\/\",\"name\":\"In Magazines\",\"description\":\"\",\"potentialAction\":[{\"@type\":\"SearchAction\",\"target\":\"https:\/\/www.in-magazines.com\/magazine\/?s={search_term_string}\",\"query-input\":\"required name=search_term_string\"}],\"inLanguage\":\"fr-FR\"},{\"@type\":\"ImageObject\",\"@id\":\"https:\/\/www.in-magazines.com\/magazine\/sommaire\/inmagazine-43\/martelly-etape-cle-de-la-requalifi-cation-du-centre-ville\/#primaryimage\",\"inLanguage\":\"fr-FR\",\"url\":\"https:\/\/www.in-magazines.com\/magazine\/wp-content\/uploads\/2025\/12\/MARTELLY-etape-cle-de-la-requalifi-cation-du-centre-ville.jpg\",\"contentUrl\":\"https:\/\/www.in-magazines.com\/magazine\/wp-content\/uploads\/2025\/12\/MARTELLY-etape-cle-de-la-requalifi-cation-du-centre-ville.jpg\",\"width\":280,\"height\":212},{\"@type\":\"WebPage\",\"@id\":\"https:\/\/www.in-magazines.com\/magazine\/sommaire\/inmagazine-43\/martelly-etape-cle-de-la-requalifi-cation-du-centre-ville\/#webpage\",\"url\":\"https:\/\/www.in-magazines.com\/magazine\/sommaire\/inmagazine-43\/martelly-etape-cle-de-la-requalifi-cation-du-centre-ville\/\",\"name\":\"MARTELLY, \\u00e9tape-cl\\u00e9 de la requalifi cation du centre-ville - In Magazines\",\"isPartOf\":{\"@id\":\"https:\/\/www.in-magazines.com\/magazine\/#website\"},\"primaryImageOfPage\":{\"@id\":\"https:\/\/www.in-magazines.com\/magazine\/sommaire\/inmagazine-43\/martelly-etape-cle-de-la-requalifi-cation-du-centre-ville\/#primaryimage\"},\"datePublished\":\"2025-12-15T06:21:00+00:00\",\"dateModified\":\"2025-12-12T08:12:57+00:00\",\"author\":{\"@id\":\"https:\/\/www.in-magazines.com\/magazine\/#\/schema\/person\/c27e7dabb9a1ef380814bdd5636d07e3\"},\"breadcrumb\":{\"@id\":\"https:\/\/www.in-magazines.com\/magazine\/sommaire\/inmagazine-43\/martelly-etape-cle-de-la-requalifi-cation-du-centre-ville\/#breadcrumb\"},\"inLanguage\":\"fr-FR\",\"potentialAction\":[{\"@type\":\"ReadAction\",\"target\":[\"https:\/\/www.in-magazines.com\/magazine\/sommaire\/inmagazine-43\/martelly-etape-cle-de-la-requalifi-cation-du-centre-ville\/\"]}]},{\"@type\":\"BreadcrumbList\",\"@id\":\"https:\/\/www.in-magazines.com\/magazine\/sommaire\/inmagazine-43\/martelly-etape-cle-de-la-requalifi-cation-du-centre-ville\/#breadcrumb\",\"itemListElement\":[{\"@type\":\"ListItem\",\"position\":1,\"item\":{\"@id\":\"https:\/\/www.in-magazines.com\/magazine\/sommaire\/inmagazine-43\/martelly-etape-cle-de-la-requalifi-cation-du-centre-ville\/#webpage\"}}]},{\"@type\":\"Person\",\"@id\":\"https:\/\/www.in-magazines.com\/magazine\/#\/schema\/person\/c27e7dabb9a1ef380814bdd5636d07e3\",\"name\":\"backinmag\",\"image\":{\"@type\":\"ImageObject\",\"@id\":\"https:\/\/www.in-magazines.com\/magazine\/#personlogo\",\"inLanguage\":\"fr-FR\",\"url\":\"https:\/\/secure.gravatar.com\/avatar\/13a234bb19dc4fd04793d73c3472fbdb?s=96&d=mm&r=g\",\"contentUrl\":\"https:\/\/secure.gravatar.com\/avatar\/13a234bb19dc4fd04793d73c3472fbdb?s=96&d=mm&r=g\",\"caption\":\"backinmag\"},\"sameAs\":[\"http:\/\/www.in-magazines.com\/magazin\"]}]}<\/script>\n<!-- \/ Yoast SEO plugin. -->","_links":{"self":[{"href":"https:\/\/www.in-magazines.com\/magazine\/wp-json\/wp\/v2\/posts\/14771"}],"collection":[{"href":"https:\/\/www.in-magazines.com\/magazine\/wp-json\/wp\/v2\/posts"}],"about":[{"href":"https:\/\/www.in-magazines.com\/magazine\/wp-json\/wp\/v2\/types\/post"}],"author":[{"embeddable":true,"href":"https:\/\/www.in-magazines.com\/magazine\/wp-json\/wp\/v2\/users\/1"}],"replies":[{"embeddable":true,"href":"https:\/\/www.in-magazines.com\/magazine\/wp-json\/wp\/v2\/comments?post=14771"}],"version-history":[{"count":3,"href":"https:\/\/www.in-magazines.com\/magazine\/wp-json\/wp\/v2\/posts\/14771\/revisions"}],"predecessor-version":[{"id":14849,"href":"https:\/\/www.in-magazines.com\/magazine\/wp-json\/wp\/v2\/posts\/14771\/revisions\/14849"}],"wp:featuredmedia":[{"embeddable":true,"href":"https:\/\/www.in-magazines.com\/magazine\/wp-json\/wp\/v2\/media\/14772"}],"wp:attachment":[{"href":"https:\/\/www.in-magazines.com\/magazine\/wp-json\/wp\/v2\/media?parent=14771"}],"wp:term":[{"taxonomy":"category","embeddable":true,"href":"https:\/\/www.in-magazines.com\/magazine\/wp-json\/wp\/v2\/categories?post=14771"},{"taxonomy":"post_tag","embeddable":true,"href":"https:\/\/www.in-magazines.com\/magazine\/wp-json\/wp\/v2\/tags?post=14771"}],"curies":[{"name":"wp","href":"https:\/\/api.w.org\/{rel}","templated":true}]}}