

{"id":14775,"date":"2025-12-15T06:19:00","date_gmt":"2025-12-15T06:19:00","guid":{"rendered":"https:\/\/www.in-magazines.com\/magazine\/?p=14775"},"modified":"2025-12-12T08:10:19","modified_gmt":"2025-12-12T08:10:19","slug":"le-pays-de-grasse-au-coeur-du-defi-pour-une-alimentation-locale-et-durable","status":"publish","type":"post","link":"https:\/\/www.in-magazines.com\/magazine\/sommaire\/inmagazine-43\/le-pays-de-grasse-au-coeur-du-defi-pour-une-alimentation-locale-et-durable\/","title":{"rendered":"Le Pays de Grasse, au c\u0153ur du d\u00e9fi POUR UNE ALIMENTATION LOCALE ET DURABLE"},"content":{"rendered":"\n<p>La Communaut\u00e9 d\u2019Agglom\u00e9ration du Pays de Grasse (CAPG) a produit une strat\u00e9gie et un plan d\u2019actions qui constituent son Projet Alimentaire Territorial (PAT). Restauration collective, foncier agricole, transition agro\u00e9cologique, pr\u00e9carit\u00e9 alimentaire, activit\u00e9 physique, d\u00e9carbonation, patrimoine\u2026 Autant d\u2019axes et de sujets d\u2019\u00e9tudes ou d\u2019actions qui font du PAT un outil \u00e9cosyst\u00e9mique au service du territoire grassois.<\/p>\n\n\n\n<p>L es Projets Alimentaires Territoriaux (PAT) ont pour objectif de relocaliser l\u2019alimentation et l\u2019agriculture sur les territoires, d\u2019am\u00e9liorer les modes d\u2019alimentation pour tous, en prenant en compte la sant\u00e9, la pr\u00e9carit\u00e9 alimentaire, et les patrimoines alimentaires.<\/p>\n\n\n\n<p>Ils visent \u00e0 soutenir l\u2019installation d\u2019agriculteurs, \u00e0 encourager les circuits courts ou les produits bios et locaux dans les cantines, et \u00e0 favoriser l\u2019engagement du territoire dans la transition agro\u00e9cologique pour s\u2019adapter au changement climatique. Issus de la loi d\u2019Avenir pour l\u2019agriculture, l\u2019Alimentation et la For\u00eat de 2014, les PAT sont \u00e9labor\u00e9s de mani\u00e8re collective \u00e0 l\u2019initiative des acteurs locaux (collectivit\u00e9s, entreprises agricoles et agroalimentaires, artisans, citoyens\u2026). Ainsi, \u00e9lus et acteurs du Pays de Grasse se sont fix\u00e9s plusieurs objectifs lors de l\u2019\u00e9laboration de leur PAT : se r\u00e9approprier la question de l\u2019alimentation ; am\u00e9liorer leur souverainet\u00e9 alimentaire ; permettre un acc\u00e8s \u00e0 une alimentation biologique et durable pour tous et favoriser l\u2019initiative citoyenne ; se pr\u00e9parer aux effets du changement climatique sur l\u2019agriculture locale et pr\u00e9server ses \u00e9cosyst\u00e8mes.<\/p>\n\n\n\n<h2 class=\"wp-block-heading\">5 axes de travail prioritaires <\/h2>\n\n\n\n<p>Ainsi, plusieurs grands axes ont \u00e9t\u00e9 d\u00e9finis avec en premier lieu, <strong>le pilotage en transversalit\u00e9 de la politique alimentaire<\/strong>. Celui-ci passe par la coordination d\u2019une gouvernance int\u00e9grant les services, les partenaires et les citoyens, mais aussi en donnant des moyens au portage du PAT et \u00e0 la recherche des financements. Ce pilotage doit permettre de d\u00e9velopper une offre d\u2019accompagnement lisible pour les communes et de communiquer r\u00e9guli\u00e8rement sur le PAT pour permettre une appropriation et une participation citoyenne.<\/p>\n\n\n<a href=\"#\" class=\"_3d-flip-book  fb3d-link-lightbox-mode\" data-id=\"14586\" data-mode=\"link-lightbox\" data-title=\"false\" data-template=\"short-white-book-view\" data-lightbox=\"dark\" data-urlparam=\"fb3d-page\" data-page-n=\"0\" data-pdf=\"\" data-tax=\"null\" data-thumbnail=\"\" data-cols=\"3\" data-query=\"\"><img decoding=\"async\" src=\"http:\/\/www.in-magazines.com\/magazine\/wp-content\/uploads\/2021\/05\/btn.jpg\"><\/a>\n","protected":false},"excerpt":{"rendered":"<p>La Communaut&eacute; d&rsquo;Agglom&eacute;ration du Pays de Grasse (CAPG) a produit une strat&eacute;gie et un plan d&rsquo;actions qui constituent son Projet Alimentaire Territorial (PAT). Restauration collective, foncier agricole, transition agro&eacute;cologique, pr&eacute;carit&eacute; alimentaire, activit&eacute; physique, d&eacute;carbonation, patrimoine&hellip; Autant d&rsquo;axes et de sujets d&rsquo;&eacute;tudes ou d&rsquo;actions qui font du PAT un outil &eacute;cosyst&eacute;mique au service du territoire grassois.&hellip; <a class=\"more-link\" href=\"https:\/\/www.in-magazines.com\/magazine\/sommaire\/inmagazine-43\/le-pays-de-grasse-au-coeur-du-defi-pour-une-alimentation-locale-et-durable\/\">Poursuivre la lecture <span class=\"screen-reader-text\">Le Pays de Grasse, au c\u0153ur du d\u00e9fi POUR UNE ALIMENTATION LOCALE ET DURABLE<\/span><\/a><\/p>\n","protected":false},"author":1,"featured_media":14776,"comment_status":"open","ping_status":"open","sticky":false,"template":"","format":"standard","meta":{"footnotes":""},"categories":[2752,1697],"tags":[437],"yoast_head":"<!-- This site is optimized with the Yoast SEO plugin v16.2 - https:\/\/yoast.com\/wordpress\/plugins\/seo\/ -->\n<title>Le Pays de Grasse, au c\u0153ur du d\u00e9fi POUR UNE ALIMENTATION LOCALE ET DURABLE - In Magazines<\/title>\n<meta name=\"robots\" content=\"index, follow, max-snippet:-1, max-image-preview:large, max-video-preview:-1\" \/>\n<link rel=\"canonical\" href=\"https:\/\/www.in-magazines.com\/magazine\/sommaire\/inmagazine-43\/le-pays-de-grasse-au-coeur-du-defi-pour-une-alimentation-locale-et-durable\/\" \/>\n<meta property=\"og:locale\" content=\"fr_FR\" \/>\n<meta property=\"og:type\" content=\"article\" \/>\n<meta property=\"og:title\" content=\"Le Pays de Grasse, au c\u0153ur du d\u00e9fi POUR UNE ALIMENTATION LOCALE ET DURABLE - In Magazines\" \/>\n<meta property=\"og:description\" content=\"La Communaut&eacute; d&rsquo;Agglom&eacute;ration du Pays de Grasse (CAPG) a produit une strat&eacute;gie et un plan d&rsquo;actions qui constituent son Projet Alimentaire Territorial (PAT). Restauration collective, foncier agricole, transition agro&eacute;cologique, pr&eacute;carit&eacute; alimentaire, activit&eacute; physique, d&eacute;carbonation, patrimoine&hellip; Autant d&rsquo;axes et de sujets d&rsquo;&eacute;tudes ou d&rsquo;actions qui font du PAT un outil &eacute;cosyst&eacute;mique au service du territoire grassois.&hellip; Poursuivre la lecture Le Pays de Grasse, au c\u0153ur du d\u00e9fi POUR UNE ALIMENTATION LOCALE ET DURABLE\" \/>\n<meta property=\"og:url\" content=\"https:\/\/www.in-magazines.com\/magazine\/sommaire\/inmagazine-43\/le-pays-de-grasse-au-coeur-du-defi-pour-une-alimentation-locale-et-durable\/\" \/>\n<meta property=\"og:site_name\" content=\"In Magazines\" \/>\n<meta property=\"article:published_time\" content=\"2025-12-15T06:19:00+00:00\" \/>\n<meta property=\"article:modified_time\" content=\"2025-12-12T08:10:19+00:00\" \/>\n<meta property=\"og:image\" content=\"https:\/\/www.in-magazines.com\/magazine\/wp-content\/uploads\/2025\/12\/Le-Pays-de-Grasse-au-coeur-du-defi-POUR-UNE-ALIMENTATION-LOCALE-ET-DURABLE.jpg\" \/>\n\t<meta property=\"og:image:width\" content=\"496\" \/>\n\t<meta property=\"og:image:height\" content=\"405\" \/>\n<meta name=\"twitter:label1\" content=\"Dur\u00e9e de lecture est.\">\n\t<meta name=\"twitter:data1\" content=\"2 minutes\">\n<script type=\"application\/ld+json\" class=\"yoast-schema-graph\">{\"@context\":\"https:\/\/schema.org\",\"@graph\":[{\"@type\":\"WebSite\",\"@id\":\"https:\/\/www.in-magazines.com\/magazine\/#website\",\"url\":\"https:\/\/www.in-magazines.com\/magazine\/\",\"name\":\"In Magazines\",\"description\":\"\",\"potentialAction\":[{\"@type\":\"SearchAction\",\"target\":\"https:\/\/www.in-magazines.com\/magazine\/?s={search_term_string}\",\"query-input\":\"required name=search_term_string\"}],\"inLanguage\":\"fr-FR\"},{\"@type\":\"ImageObject\",\"@id\":\"https:\/\/www.in-magazines.com\/magazine\/sommaire\/inmagazine-43\/le-pays-de-grasse-au-coeur-du-defi-pour-une-alimentation-locale-et-durable\/#primaryimage\",\"inLanguage\":\"fr-FR\",\"url\":\"https:\/\/www.in-magazines.com\/magazine\/wp-content\/uploads\/2025\/12\/Le-Pays-de-Grasse-au-coeur-du-defi-POUR-UNE-ALIMENTATION-LOCALE-ET-DURABLE.jpg\",\"contentUrl\":\"https:\/\/www.in-magazines.com\/magazine\/wp-content\/uploads\/2025\/12\/Le-Pays-de-Grasse-au-coeur-du-defi-POUR-UNE-ALIMENTATION-LOCALE-ET-DURABLE.jpg\",\"width\":496,\"height\":405},{\"@type\":\"WebPage\",\"@id\":\"https:\/\/www.in-magazines.com\/magazine\/sommaire\/inmagazine-43\/le-pays-de-grasse-au-coeur-du-defi-pour-une-alimentation-locale-et-durable\/#webpage\",\"url\":\"https:\/\/www.in-magazines.com\/magazine\/sommaire\/inmagazine-43\/le-pays-de-grasse-au-coeur-du-defi-pour-une-alimentation-locale-et-durable\/\",\"name\":\"Le Pays de Grasse, au c\\u0153ur du d\\u00e9fi POUR UNE ALIMENTATION LOCALE ET DURABLE - In Magazines\",\"isPartOf\":{\"@id\":\"https:\/\/www.in-magazines.com\/magazine\/#website\"},\"primaryImageOfPage\":{\"@id\":\"https:\/\/www.in-magazines.com\/magazine\/sommaire\/inmagazine-43\/le-pays-de-grasse-au-coeur-du-defi-pour-une-alimentation-locale-et-durable\/#primaryimage\"},\"datePublished\":\"2025-12-15T06:19:00+00:00\",\"dateModified\":\"2025-12-12T08:10:19+00:00\",\"author\":{\"@id\":\"https:\/\/www.in-magazines.com\/magazine\/#\/schema\/person\/c27e7dabb9a1ef380814bdd5636d07e3\"},\"breadcrumb\":{\"@id\":\"https:\/\/www.in-magazines.com\/magazine\/sommaire\/inmagazine-43\/le-pays-de-grasse-au-coeur-du-defi-pour-une-alimentation-locale-et-durable\/#breadcrumb\"},\"inLanguage\":\"fr-FR\",\"potentialAction\":[{\"@type\":\"ReadAction\",\"target\":[\"https:\/\/www.in-magazines.com\/magazine\/sommaire\/inmagazine-43\/le-pays-de-grasse-au-coeur-du-defi-pour-une-alimentation-locale-et-durable\/\"]}]},{\"@type\":\"BreadcrumbList\",\"@id\":\"https:\/\/www.in-magazines.com\/magazine\/sommaire\/inmagazine-43\/le-pays-de-grasse-au-coeur-du-defi-pour-une-alimentation-locale-et-durable\/#breadcrumb\",\"itemListElement\":[{\"@type\":\"ListItem\",\"position\":1,\"item\":{\"@id\":\"https:\/\/www.in-magazines.com\/magazine\/sommaire\/inmagazine-43\/le-pays-de-grasse-au-coeur-du-defi-pour-une-alimentation-locale-et-durable\/#webpage\"}}]},{\"@type\":\"Person\",\"@id\":\"https:\/\/www.in-magazines.com\/magazine\/#\/schema\/person\/c27e7dabb9a1ef380814bdd5636d07e3\",\"name\":\"backinmag\",\"image\":{\"@type\":\"ImageObject\",\"@id\":\"https:\/\/www.in-magazines.com\/magazine\/#personlogo\",\"inLanguage\":\"fr-FR\",\"url\":\"https:\/\/secure.gravatar.com\/avatar\/13a234bb19dc4fd04793d73c3472fbdb?s=96&d=mm&r=g\",\"contentUrl\":\"https:\/\/secure.gravatar.com\/avatar\/13a234bb19dc4fd04793d73c3472fbdb?s=96&d=mm&r=g\",\"caption\":\"backinmag\"},\"sameAs\":[\"http:\/\/www.in-magazines.com\/magazin\"]}]}<\/script>\n<!-- \/ Yoast SEO plugin. -->","_links":{"self":[{"href":"https:\/\/www.in-magazines.com\/magazine\/wp-json\/wp\/v2\/posts\/14775"}],"collection":[{"href":"https:\/\/www.in-magazines.com\/magazine\/wp-json\/wp\/v2\/posts"}],"about":[{"href":"https:\/\/www.in-magazines.com\/magazine\/wp-json\/wp\/v2\/types\/post"}],"author":[{"embeddable":true,"href":"https:\/\/www.in-magazines.com\/magazine\/wp-json\/wp\/v2\/users\/1"}],"replies":[{"embeddable":true,"href":"https:\/\/www.in-magazines.com\/magazine\/wp-json\/wp\/v2\/comments?post=14775"}],"version-history":[{"count":3,"href":"https:\/\/www.in-magazines.com\/magazine\/wp-json\/wp\/v2\/posts\/14775\/revisions"}],"predecessor-version":[{"id":14848,"href":"https:\/\/www.in-magazines.com\/magazine\/wp-json\/wp\/v2\/posts\/14775\/revisions\/14848"}],"wp:featuredmedia":[{"embeddable":true,"href":"https:\/\/www.in-magazines.com\/magazine\/wp-json\/wp\/v2\/media\/14776"}],"wp:attachment":[{"href":"https:\/\/www.in-magazines.com\/magazine\/wp-json\/wp\/v2\/media?parent=14775"}],"wp:term":[{"taxonomy":"category","embeddable":true,"href":"https:\/\/www.in-magazines.com\/magazine\/wp-json\/wp\/v2\/categories?post=14775"},{"taxonomy":"post_tag","embeddable":true,"href":"https:\/\/www.in-magazines.com\/magazine\/wp-json\/wp\/v2\/tags?post=14775"}],"curies":[{"name":"wp","href":"https:\/\/api.w.org\/{rel}","templated":true}]}}