

{"id":14779,"date":"2025-12-15T06:18:00","date_gmt":"2025-12-15T06:18:00","guid":{"rendered":"https:\/\/www.in-magazines.com\/magazine\/?p=14779"},"modified":"2025-12-12T11:28:42","modified_gmt":"2025-12-12T11:28:42","slug":"les-paysages-imaginaires-de-ferdinand-springer","status":"publish","type":"post","link":"https:\/\/www.in-magazines.com\/magazine\/sommaire\/inmagazine-43\/les-paysages-imaginaires-de-ferdinand-springer\/","title":{"rendered":"LES PAYSAGES IMAGINAIRES de Ferdinand Springer"},"content":{"rendered":"\n<p>Le Mus\u00e9e International de la Parfumerie de Grasse expose les \u0153uvres du peintre allemand Ferdinand Springer, tomb\u00e9 sous le charme de Grasse, et qui en a croqu\u00e9 les paysages avec une sensibilit\u00e9 rare tout au long de sa carri\u00e8re.<\/p>\n\n\n\n<p>Peintre allemand vivant \u00e0 paris, amoureux de l\u2019Italie, Ferdinand Springer (1901-1998) d\u00e9couvre Grasse en 1938. Il s\u2019y installera d\u00e9finitivement dans les ann\u00e9es 1960, au c\u0153ur du quartier Saint-Fran\u00e7ois. Nul doute aujourd\u2019hui que c\u2019est dans la capitale des parfums et son vaste territoire naturel qu\u2019il trouve la qui\u00e9tude et la douce inspiration qui ressortent des aquarelles et des toiles qui seront expos\u00e9es du 12 d\u00e9cembre au 22 mars au Mus\u00e9e International de la Parfumerie (MIP).<br>C\u2019est en 2017 que les mus\u00e9es de Grasse ont re\u00e7u un ensemble d\u2019aquarelles peintes par Ferdinand Springer au cours des d\u00e9cennies 1970 \u00e0 1990. Celles-ci marquent une rupture avec le travail de l\u2019artiste, connu pour \u00eatre un plasticien abstrait s\u2019attachant \u00e0 reproduire des structures g\u00e9om\u00e9triques nettes, pr\u00e9cis\u00e9ment dessin\u00e9es.<\/p>\n\n\n\n<h2 class=\"wp-block-heading\">Un travail tout en sensibilit\u00e9<\/h2>\n\n\n\n<p>L\u00e0, c\u2019est une douceur vaporeuse qui se d\u00e9gage des paysages repr\u00e9sent\u00e9s par Springer, semblant se fondre dans la brume. C\u2019est en arpentant les reliefs du Pays Grassois que l\u2019artiste s\u2019inspirera et livrera un travail tout en sensibilit\u00e9, t\u00e9moignant de sa fine observation des panoramas de montagne, de la flore et de la g\u00e9ologie locales. L\u2019exposition \u00ab Paysages imaginaires \u2013 Peindre \u00e0 Grasse 1973-1990 \u00bb pr\u00e9sente une s\u00e9lection d\u2019une cinquantaine d\u2019aquarelles de la s\u00e9rie des Paysages imaginaires, issues de la donation faite au Mus\u00e9e d\u2019Art et d\u2019Histoire de Provence en 2017. Ces \u0153uvres sur papier sont mises en regard d\u2019autres paysages peints sur toile par l\u2019artiste \u00e0 la m\u00eame p\u00e9riode et exceptionnellement pr\u00eat\u00e9s au MIP. L\u00e9g\u00e8res, po\u00e9tiques, ces aquarelles sont rarement situ\u00e9es mais \u00e9voquent invariablement l\u2019arri\u00e8re-pays grassois comme Caussols ou le plateau de Calern.<\/p>\n\n\n<a href=\"#\" class=\"_3d-flip-book  fb3d-link-lightbox-mode\" data-id=\"14587\" data-mode=\"link-lightbox\" data-title=\"false\" data-template=\"short-white-book-view\" data-lightbox=\"dark\" data-urlparam=\"fb3d-page\" data-page-n=\"0\" data-pdf=\"\" data-tax=\"null\" data-thumbnail=\"\" data-cols=\"3\" data-query=\"\"><img decoding=\"async\" src=\"http:\/\/www.in-magazines.com\/magazine\/wp-content\/uploads\/2021\/05\/btn.jpg\"><\/a>\n","protected":false},"excerpt":{"rendered":"<p>Le Mus&eacute;e International de la Parfumerie de Grasse expose les &oelig;uvres du peintre allemand Ferdinand Springer, tomb&eacute; sous le charme de Grasse, et qui en a croqu&eacute; les paysages avec une sensibilit&eacute; rare tout au long de sa carri&egrave;re. Peintre allemand vivant &agrave; paris, amoureux de l&rsquo;Italie, Ferdinand Springer (1901-1998) d&eacute;couvre Grasse en 1938. Il&hellip; <a class=\"more-link\" href=\"https:\/\/www.in-magazines.com\/magazine\/sommaire\/inmagazine-43\/les-paysages-imaginaires-de-ferdinand-springer\/\">Poursuivre la lecture <span class=\"screen-reader-text\">LES PAYSAGES IMAGINAIRES de Ferdinand Springer<\/span><\/a><\/p>\n","protected":false},"author":1,"featured_media":14880,"comment_status":"open","ping_status":"open","sticky":false,"template":"","format":"standard","meta":{"footnotes":""},"categories":[2752,1697],"tags":[437],"yoast_head":"<!-- This site is optimized with the Yoast SEO plugin v16.2 - https:\/\/yoast.com\/wordpress\/plugins\/seo\/ -->\n<title>LES PAYSAGES IMAGINAIRES de Ferdinand Springer - In Magazines<\/title>\n<meta name=\"robots\" content=\"index, follow, max-snippet:-1, max-image-preview:large, max-video-preview:-1\" \/>\n<link rel=\"canonical\" href=\"https:\/\/www.in-magazines.com\/magazine\/sommaire\/inmagazine-43\/les-paysages-imaginaires-de-ferdinand-springer\/\" \/>\n<meta property=\"og:locale\" content=\"fr_FR\" \/>\n<meta property=\"og:type\" content=\"article\" \/>\n<meta property=\"og:title\" content=\"LES PAYSAGES IMAGINAIRES de Ferdinand Springer - In Magazines\" \/>\n<meta property=\"og:description\" content=\"Le Mus&eacute;e International de la Parfumerie de Grasse expose les &oelig;uvres du peintre allemand Ferdinand Springer, tomb&eacute; sous le charme de Grasse, et qui en a croqu&eacute; les paysages avec une sensibilit&eacute; rare tout au long de sa carri&egrave;re. Peintre allemand vivant &agrave; paris, amoureux de l&rsquo;Italie, Ferdinand Springer (1901-1998) d&eacute;couvre Grasse en 1938. Il&hellip; Poursuivre la lecture LES PAYSAGES IMAGINAIRES de Ferdinand Springer\" \/>\n<meta property=\"og:url\" content=\"https:\/\/www.in-magazines.com\/magazine\/sommaire\/inmagazine-43\/les-paysages-imaginaires-de-ferdinand-springer\/\" \/>\n<meta property=\"og:site_name\" content=\"In Magazines\" \/>\n<meta property=\"article:published_time\" content=\"2025-12-15T06:18:00+00:00\" \/>\n<meta property=\"article:modified_time\" content=\"2025-12-12T11:28:42+00:00\" \/>\n<meta property=\"og:image\" content=\"https:\/\/www.in-magazines.com\/magazine\/wp-content\/uploads\/2025\/12\/LES-PAYSAGES-IMAGINAIRES-de-Ferdinand-Springer-1.jpg\" \/>\n\t<meta property=\"og:image:width\" content=\"420\" \/>\n\t<meta property=\"og:image:height\" content=\"263\" \/>\n<meta name=\"twitter:label1\" content=\"Dur\u00e9e de lecture est.\">\n\t<meta name=\"twitter:data1\" content=\"2 minutes\">\n<script type=\"application\/ld+json\" class=\"yoast-schema-graph\">{\"@context\":\"https:\/\/schema.org\",\"@graph\":[{\"@type\":\"WebSite\",\"@id\":\"https:\/\/www.in-magazines.com\/magazine\/#website\",\"url\":\"https:\/\/www.in-magazines.com\/magazine\/\",\"name\":\"In Magazines\",\"description\":\"\",\"potentialAction\":[{\"@type\":\"SearchAction\",\"target\":\"https:\/\/www.in-magazines.com\/magazine\/?s={search_term_string}\",\"query-input\":\"required name=search_term_string\"}],\"inLanguage\":\"fr-FR\"},{\"@type\":\"ImageObject\",\"@id\":\"https:\/\/www.in-magazines.com\/magazine\/sommaire\/inmagazine-43\/les-paysages-imaginaires-de-ferdinand-springer\/#primaryimage\",\"inLanguage\":\"fr-FR\",\"url\":\"https:\/\/www.in-magazines.com\/magazine\/wp-content\/uploads\/2025\/12\/LES-PAYSAGES-IMAGINAIRES-de-Ferdinand-Springer-1.jpg\",\"contentUrl\":\"https:\/\/www.in-magazines.com\/magazine\/wp-content\/uploads\/2025\/12\/LES-PAYSAGES-IMAGINAIRES-de-Ferdinand-Springer-1.jpg\",\"width\":420,\"height\":263},{\"@type\":\"WebPage\",\"@id\":\"https:\/\/www.in-magazines.com\/magazine\/sommaire\/inmagazine-43\/les-paysages-imaginaires-de-ferdinand-springer\/#webpage\",\"url\":\"https:\/\/www.in-magazines.com\/magazine\/sommaire\/inmagazine-43\/les-paysages-imaginaires-de-ferdinand-springer\/\",\"name\":\"LES PAYSAGES IMAGINAIRES de Ferdinand Springer - In Magazines\",\"isPartOf\":{\"@id\":\"https:\/\/www.in-magazines.com\/magazine\/#website\"},\"primaryImageOfPage\":{\"@id\":\"https:\/\/www.in-magazines.com\/magazine\/sommaire\/inmagazine-43\/les-paysages-imaginaires-de-ferdinand-springer\/#primaryimage\"},\"datePublished\":\"2025-12-15T06:18:00+00:00\",\"dateModified\":\"2025-12-12T11:28:42+00:00\",\"author\":{\"@id\":\"https:\/\/www.in-magazines.com\/magazine\/#\/schema\/person\/c27e7dabb9a1ef380814bdd5636d07e3\"},\"breadcrumb\":{\"@id\":\"https:\/\/www.in-magazines.com\/magazine\/sommaire\/inmagazine-43\/les-paysages-imaginaires-de-ferdinand-springer\/#breadcrumb\"},\"inLanguage\":\"fr-FR\",\"potentialAction\":[{\"@type\":\"ReadAction\",\"target\":[\"https:\/\/www.in-magazines.com\/magazine\/sommaire\/inmagazine-43\/les-paysages-imaginaires-de-ferdinand-springer\/\"]}]},{\"@type\":\"BreadcrumbList\",\"@id\":\"https:\/\/www.in-magazines.com\/magazine\/sommaire\/inmagazine-43\/les-paysages-imaginaires-de-ferdinand-springer\/#breadcrumb\",\"itemListElement\":[{\"@type\":\"ListItem\",\"position\":1,\"item\":{\"@id\":\"https:\/\/www.in-magazines.com\/magazine\/sommaire\/inmagazine-43\/les-paysages-imaginaires-de-ferdinand-springer\/#webpage\"}}]},{\"@type\":\"Person\",\"@id\":\"https:\/\/www.in-magazines.com\/magazine\/#\/schema\/person\/c27e7dabb9a1ef380814bdd5636d07e3\",\"name\":\"backinmag\",\"image\":{\"@type\":\"ImageObject\",\"@id\":\"https:\/\/www.in-magazines.com\/magazine\/#personlogo\",\"inLanguage\":\"fr-FR\",\"url\":\"https:\/\/secure.gravatar.com\/avatar\/13a234bb19dc4fd04793d73c3472fbdb?s=96&d=mm&r=g\",\"contentUrl\":\"https:\/\/secure.gravatar.com\/avatar\/13a234bb19dc4fd04793d73c3472fbdb?s=96&d=mm&r=g\",\"caption\":\"backinmag\"},\"sameAs\":[\"http:\/\/www.in-magazines.com\/magazin\"]}]}<\/script>\n<!-- \/ Yoast SEO plugin. -->","_links":{"self":[{"href":"https:\/\/www.in-magazines.com\/magazine\/wp-json\/wp\/v2\/posts\/14779"}],"collection":[{"href":"https:\/\/www.in-magazines.com\/magazine\/wp-json\/wp\/v2\/posts"}],"about":[{"href":"https:\/\/www.in-magazines.com\/magazine\/wp-json\/wp\/v2\/types\/post"}],"author":[{"embeddable":true,"href":"https:\/\/www.in-magazines.com\/magazine\/wp-json\/wp\/v2\/users\/1"}],"replies":[{"embeddable":true,"href":"https:\/\/www.in-magazines.com\/magazine\/wp-json\/wp\/v2\/comments?post=14779"}],"version-history":[{"count":3,"href":"https:\/\/www.in-magazines.com\/magazine\/wp-json\/wp\/v2\/posts\/14779\/revisions"}],"predecessor-version":[{"id":14846,"href":"https:\/\/www.in-magazines.com\/magazine\/wp-json\/wp\/v2\/posts\/14779\/revisions\/14846"}],"wp:featuredmedia":[{"embeddable":true,"href":"https:\/\/www.in-magazines.com\/magazine\/wp-json\/wp\/v2\/media\/14880"}],"wp:attachment":[{"href":"https:\/\/www.in-magazines.com\/magazine\/wp-json\/wp\/v2\/media?parent=14779"}],"wp:term":[{"taxonomy":"category","embeddable":true,"href":"https:\/\/www.in-magazines.com\/magazine\/wp-json\/wp\/v2\/categories?post=14779"},{"taxonomy":"post_tag","embeddable":true,"href":"https:\/\/www.in-magazines.com\/magazine\/wp-json\/wp\/v2\/tags?post=14779"}],"curies":[{"name":"wp","href":"https:\/\/api.w.org\/{rel}","templated":true}]}}