

{"id":14786,"date":"2025-12-15T06:17:00","date_gmt":"2025-12-15T06:17:00","guid":{"rendered":"https:\/\/www.in-magazines.com\/magazine\/?p=14786"},"modified":"2025-12-12T08:03:37","modified_gmt":"2025-12-12T08:03:37","slug":"les-rendez-vous-de-lemploi-en-pays-de-grasse","status":"publish","type":"post","link":"https:\/\/www.in-magazines.com\/magazine\/sommaire\/inmagazine-43\/les-rendez-vous-de-lemploi-en-pays-de-grasse\/","title":{"rendered":"LES RENDEZ-VOUS DE L\u2019EMPLOI en Pays de Grasse"},"content":{"rendered":"\n<p>Vous recherchez un emploi, une formation ou souhaitez donner un nouvel \u00e9lan \u00e0 votre carri\u00e8re ? Ne manquez pas la deuxi\u00e8me \u00e9dition des \u201cRendez-vous de l\u2019Emploi en Pays de Grasse\u201d !<br>Leurs objectifs ? Faciliter la rencontre directe entre recruteurs et candidats sur le territoire ; r\u00e9pondre aux besoins des entreprises et des demandeurs d\u2019emploi gr\u00e2ce \u00e0 une programmation semestrielle d\u2019\u00e9v\u00e9nements cibl\u00e9s et vari\u00e9s.<\/p>\n\n\n\n<p>L\u2019ann\u00e9e 2026 s\u2019annonce riche en opportunit\u00e9s dans tous les secteurs : commerce, industrie, services\u2026 Le premier semestre proposera 7 \u00e9v\u00e9nements majeurs, coordonn\u00e9s par le PLIE de la Communaut\u00e9 d\u2019Agglom\u00e9ration du Pays de Grasse, en partenariat avec le R\u00e9seau Local pour l\u2019Emploi (Mission Locale du Pays de Grasse, France Travail, Cap Emploi). Les RDV de l\u2019emploi, c\u2019est un programme r\u00e9gulier et dynamique tout au long de l\u2019ann\u00e9e ! Ouverture de la saison 2026 : Le Forum pour l\u2019Emploi, le Jeudi 12 f\u00e9vrier 2026 de 9 h \u00e0 12 h \u00e0 l\u2019Espace Chiris de Grasse.<\/p>\n\n\n\n<p><strong>Pourquoi participer au Forum pour l\u2019Emploi ? <\/strong><\/p>\n\n\n\n<h2 class=\"wp-block-heading\">Une offre d\u2019emploi large et accessible \u00e0 tous <\/h2>\n\n\n\n<p>Que vous soyez jeune dipl\u00f4m\u00e9, en reconversion ou simplement en qu\u00eate d\u2019un nouveau d\u00e9fi , ce rendez-vous est fait pour vous. Pr\u00e8s d\u2019une cinquantaine d\u2019entreprises seront pr\u00e9sentes, repr\u00e9sentant des secteurs vari\u00e9s : h\u00f4tellerie, restauration, industrie, b\u00e2timent, tertiaire (hors aide \u00e0 la personne et int\u00e9rim). Les entreprises locales recrutent\u2026 et attendent peut-\u00eatre votre profil !<\/p>\n\n\n\n<h2 class=\"wp-block-heading\">Des rencontres directes avec les recruteurs <\/h2>\n\n\n\n<p>Ici, pas de candidature perdue dans une bo\u00eete mail : vous \u00e9changez directement avec les employeurs. Une occasion id\u00e9ale pour vous pr\u00e9senter, poser des questions, et peut-\u00eatre d\u00e9crocher l\u2019entretien qui donnera un nouvel \u00e9lan \u00e0 votre carri\u00e8re. Et vous, quel est votre projet professionnel pour 2026 ? Venez en discuter lors des Rendez-vous de l\u2019Emploi !<\/p>\n\n\n<a href=\"#\" class=\"_3d-flip-book  fb3d-link-lightbox-mode\" data-id=\"14588\" data-mode=\"link-lightbox\" data-title=\"false\" data-template=\"short-white-book-view\" data-lightbox=\"dark\" data-urlparam=\"fb3d-page\" data-page-n=\"0\" data-pdf=\"\" data-tax=\"null\" data-thumbnail=\"\" data-cols=\"3\" data-query=\"\"><img decoding=\"async\" src=\"http:\/\/www.in-magazines.com\/magazine\/wp-content\/uploads\/2021\/05\/btn.jpg\"><\/a>\n","protected":false},"excerpt":{"rendered":"<p>Vous recherchez un emploi, une formation ou souhaitez donner un nouvel &eacute;lan &agrave; votre carri&egrave;re ? Ne manquez pas la deuxi&egrave;me &eacute;dition des &ldquo;Rendez-vous de l&rsquo;Emploi en Pays de Grasse&rdquo; !Leurs objectifs ? Faciliter la rencontre directe entre recruteurs et candidats sur le territoire ; r&eacute;pondre aux besoins des entreprises et des demandeurs d&rsquo;emploi gr&acirc;ce&hellip; <a class=\"more-link\" href=\"https:\/\/www.in-magazines.com\/magazine\/sommaire\/inmagazine-43\/les-rendez-vous-de-lemploi-en-pays-de-grasse\/\">Poursuivre la lecture <span class=\"screen-reader-text\">LES RENDEZ-VOUS DE L\u2019EMPLOI en Pays de Grasse<\/span><\/a><\/p>\n","protected":false},"author":1,"featured_media":14787,"comment_status":"open","ping_status":"open","sticky":false,"template":"","format":"standard","meta":{"footnotes":""},"categories":[2752,1697],"tags":[2770],"yoast_head":"<!-- This site is optimized with the Yoast SEO plugin v16.2 - https:\/\/yoast.com\/wordpress\/plugins\/seo\/ -->\n<title>LES RENDEZ-VOUS DE L\u2019EMPLOI en Pays de Grasse - In Magazines<\/title>\n<meta name=\"robots\" content=\"index, follow, max-snippet:-1, max-image-preview:large, max-video-preview:-1\" \/>\n<link rel=\"canonical\" href=\"https:\/\/www.in-magazines.com\/magazine\/sommaire\/inmagazine-43\/les-rendez-vous-de-lemploi-en-pays-de-grasse\/\" \/>\n<meta property=\"og:locale\" content=\"fr_FR\" \/>\n<meta property=\"og:type\" content=\"article\" \/>\n<meta property=\"og:title\" content=\"LES RENDEZ-VOUS DE L\u2019EMPLOI en Pays de Grasse - In Magazines\" \/>\n<meta property=\"og:description\" content=\"Vous recherchez un emploi, une formation ou souhaitez donner un nouvel &eacute;lan &agrave; votre carri&egrave;re ? Ne manquez pas la deuxi&egrave;me &eacute;dition des &ldquo;Rendez-vous de l&rsquo;Emploi en Pays de Grasse&rdquo; !Leurs objectifs ? Faciliter la rencontre directe entre recruteurs et candidats sur le territoire ; r&eacute;pondre aux besoins des entreprises et des demandeurs d&rsquo;emploi gr&acirc;ce&hellip; Poursuivre la lecture LES RENDEZ-VOUS DE L\u2019EMPLOI en Pays de Grasse\" \/>\n<meta property=\"og:url\" content=\"https:\/\/www.in-magazines.com\/magazine\/sommaire\/inmagazine-43\/les-rendez-vous-de-lemploi-en-pays-de-grasse\/\" \/>\n<meta property=\"og:site_name\" content=\"In Magazines\" \/>\n<meta property=\"article:published_time\" content=\"2025-12-15T06:17:00+00:00\" \/>\n<meta property=\"article:modified_time\" content=\"2025-12-12T08:03:37+00:00\" \/>\n<meta property=\"og:image\" content=\"https:\/\/www.in-magazines.com\/magazine\/wp-content\/uploads\/2025\/12\/LES-RENDEZ-VOUS-DE-L-EMPLOI-en-Pays-de-Grasse.jpg\" \/>\n\t<meta property=\"og:image:width\" content=\"237\" \/>\n\t<meta property=\"og:image:height\" content=\"307\" \/>\n<meta name=\"twitter:label1\" content=\"Dur\u00e9e de lecture est.\">\n\t<meta name=\"twitter:data1\" content=\"2 minutes\">\n<script type=\"application\/ld+json\" class=\"yoast-schema-graph\">{\"@context\":\"https:\/\/schema.org\",\"@graph\":[{\"@type\":\"WebSite\",\"@id\":\"https:\/\/www.in-magazines.com\/magazine\/#website\",\"url\":\"https:\/\/www.in-magazines.com\/magazine\/\",\"name\":\"In Magazines\",\"description\":\"\",\"potentialAction\":[{\"@type\":\"SearchAction\",\"target\":\"https:\/\/www.in-magazines.com\/magazine\/?s={search_term_string}\",\"query-input\":\"required name=search_term_string\"}],\"inLanguage\":\"fr-FR\"},{\"@type\":\"ImageObject\",\"@id\":\"https:\/\/www.in-magazines.com\/magazine\/sommaire\/inmagazine-43\/les-rendez-vous-de-lemploi-en-pays-de-grasse\/#primaryimage\",\"inLanguage\":\"fr-FR\",\"url\":\"https:\/\/www.in-magazines.com\/magazine\/wp-content\/uploads\/2025\/12\/LES-RENDEZ-VOUS-DE-L-EMPLOI-en-Pays-de-Grasse.jpg\",\"contentUrl\":\"https:\/\/www.in-magazines.com\/magazine\/wp-content\/uploads\/2025\/12\/LES-RENDEZ-VOUS-DE-L-EMPLOI-en-Pays-de-Grasse.jpg\",\"width\":237,\"height\":307},{\"@type\":\"WebPage\",\"@id\":\"https:\/\/www.in-magazines.com\/magazine\/sommaire\/inmagazine-43\/les-rendez-vous-de-lemploi-en-pays-de-grasse\/#webpage\",\"url\":\"https:\/\/www.in-magazines.com\/magazine\/sommaire\/inmagazine-43\/les-rendez-vous-de-lemploi-en-pays-de-grasse\/\",\"name\":\"LES RENDEZ-VOUS DE L\\u2019EMPLOI en Pays de Grasse - In Magazines\",\"isPartOf\":{\"@id\":\"https:\/\/www.in-magazines.com\/magazine\/#website\"},\"primaryImageOfPage\":{\"@id\":\"https:\/\/www.in-magazines.com\/magazine\/sommaire\/inmagazine-43\/les-rendez-vous-de-lemploi-en-pays-de-grasse\/#primaryimage\"},\"datePublished\":\"2025-12-15T06:17:00+00:00\",\"dateModified\":\"2025-12-12T08:03:37+00:00\",\"author\":{\"@id\":\"https:\/\/www.in-magazines.com\/magazine\/#\/schema\/person\/c27e7dabb9a1ef380814bdd5636d07e3\"},\"breadcrumb\":{\"@id\":\"https:\/\/www.in-magazines.com\/magazine\/sommaire\/inmagazine-43\/les-rendez-vous-de-lemploi-en-pays-de-grasse\/#breadcrumb\"},\"inLanguage\":\"fr-FR\",\"potentialAction\":[{\"@type\":\"ReadAction\",\"target\":[\"https:\/\/www.in-magazines.com\/magazine\/sommaire\/inmagazine-43\/les-rendez-vous-de-lemploi-en-pays-de-grasse\/\"]}]},{\"@type\":\"BreadcrumbList\",\"@id\":\"https:\/\/www.in-magazines.com\/magazine\/sommaire\/inmagazine-43\/les-rendez-vous-de-lemploi-en-pays-de-grasse\/#breadcrumb\",\"itemListElement\":[{\"@type\":\"ListItem\",\"position\":1,\"item\":{\"@id\":\"https:\/\/www.in-magazines.com\/magazine\/sommaire\/inmagazine-43\/les-rendez-vous-de-lemploi-en-pays-de-grasse\/#webpage\"}}]},{\"@type\":\"Person\",\"@id\":\"https:\/\/www.in-magazines.com\/magazine\/#\/schema\/person\/c27e7dabb9a1ef380814bdd5636d07e3\",\"name\":\"backinmag\",\"image\":{\"@type\":\"ImageObject\",\"@id\":\"https:\/\/www.in-magazines.com\/magazine\/#personlogo\",\"inLanguage\":\"fr-FR\",\"url\":\"https:\/\/secure.gravatar.com\/avatar\/13a234bb19dc4fd04793d73c3472fbdb?s=96&d=mm&r=g\",\"contentUrl\":\"https:\/\/secure.gravatar.com\/avatar\/13a234bb19dc4fd04793d73c3472fbdb?s=96&d=mm&r=g\",\"caption\":\"backinmag\"},\"sameAs\":[\"http:\/\/www.in-magazines.com\/magazin\"]}]}<\/script>\n<!-- \/ Yoast SEO plugin. -->","_links":{"self":[{"href":"https:\/\/www.in-magazines.com\/magazine\/wp-json\/wp\/v2\/posts\/14786"}],"collection":[{"href":"https:\/\/www.in-magazines.com\/magazine\/wp-json\/wp\/v2\/posts"}],"about":[{"href":"https:\/\/www.in-magazines.com\/magazine\/wp-json\/wp\/v2\/types\/post"}],"author":[{"embeddable":true,"href":"https:\/\/www.in-magazines.com\/magazine\/wp-json\/wp\/v2\/users\/1"}],"replies":[{"embeddable":true,"href":"https:\/\/www.in-magazines.com\/magazine\/wp-json\/wp\/v2\/comments?post=14786"}],"version-history":[{"count":5,"href":"https:\/\/www.in-magazines.com\/magazine\/wp-json\/wp\/v2\/posts\/14786\/revisions"}],"predecessor-version":[{"id":14878,"href":"https:\/\/www.in-magazines.com\/magazine\/wp-json\/wp\/v2\/posts\/14786\/revisions\/14878"}],"wp:featuredmedia":[{"embeddable":true,"href":"https:\/\/www.in-magazines.com\/magazine\/wp-json\/wp\/v2\/media\/14787"}],"wp:attachment":[{"href":"https:\/\/www.in-magazines.com\/magazine\/wp-json\/wp\/v2\/media?parent=14786"}],"wp:term":[{"taxonomy":"category","embeddable":true,"href":"https:\/\/www.in-magazines.com\/magazine\/wp-json\/wp\/v2\/categories?post=14786"},{"taxonomy":"post_tag","embeddable":true,"href":"https:\/\/www.in-magazines.com\/magazine\/wp-json\/wp\/v2\/tags?post=14786"}],"curies":[{"name":"wp","href":"https:\/\/api.w.org\/{rel}","templated":true}]}}