

{"id":14798,"date":"2025-12-15T06:14:00","date_gmt":"2025-12-15T06:14:00","guid":{"rendered":"https:\/\/www.in-magazines.com\/magazine\/?p=14798"},"modified":"2025-12-12T07:56:21","modified_gmt":"2025-12-12T07:56:21","slug":"musees-nationaux-du-xxe-siecle-des-alpes-maritimes-nouveaux-accrochageset-expositions","status":"publish","type":"post","link":"https:\/\/www.in-magazines.com\/magazine\/sommaire\/inmagazine-43\/musees-nationaux-du-xxe-siecle-des-alpes-maritimes-nouveaux-accrochageset-expositions\/","title":{"rendered":"MUSEES NATIONAUX DU XX\u00e8 SIECLE DES ALPES-MARITIMES : NOUVEAUX ACCROCHAGESET EXPOSITIONS"},"content":{"rendered":"\n<p>Anne Dopffer, Conservateur g\u00e9n\u00e9ral du Patrimoine et directrice des mus\u00e9es nationaux du XXe si\u00e8cle des Alpes-Maritimes, se r\u00e9jouit des bons chiffres de fr\u00e9quentation des trois mus\u00e9es en cette saison 2025 : plus de 172.000 visiteurs ont franchi les portes du Mus\u00e9e Fernand L\u00e9ger de Biot, des Mus\u00e9es Nationaux Pablo Picasso La Guerre et la Paix de Vallauris &amp; Marc Chagall \u00e0 Nice. De m\u00eame que leurs collections, visibles en plusieurs sites en France et \u00e0 l\u2019\u00e9tranger, permettent d\u2019accroitre encore la visibilit\u00e9 des artistes.<\/p>\n\n\n\n<p>De nouvelles expositions remarquables marqueront le d\u00e9but de cet hiver et l\u2019ann\u00e9e prochaine. Ainsi, au <strong>Mus\u00e9e Marc Chagall<\/strong> jusqu\u2019\u00e0 fin janvier 2026, la collection du mus\u00e9e est pr\u00e9sent\u00e9e \u00e0 travers un accrochage chrono-th\u00e9matique qui illustre la permanence et la r\u00e9currence des th\u00e8mes explor\u00e9s par l\u2019artiste depuis ses plus jeunes ann\u00e9es : autoportraits, th\u00e8mes du cirque ou de la danse, La Bible\u2026 Apr\u00e8s une pr\u00e9sentation au Centre Pompidou en 2023-2024, la donation exceptionnelle des petites filles de Chagall, Meret et Bella Meyer, entr\u00e9e au mus\u00e9e national d\u2019art moderne \u00e0 Paris en 2022-2023, est expos\u00e9e au mus\u00e9e national Marc Chagall en 2026, lors d\u2019un \u00e9v\u00e9nement en deux volets, du 7 f\u00e9vrier au 18 mai, puis du 23 mai au 21 septembre. Esquisses, maquettes, c\u00e9ramiques et sculptures : les 141 \u0153uvres donn\u00e9es t\u00e9moignent de la richesse de la cr\u00e9ation de Chagall.<\/p>\n\n\n\n<p>Au <strong>Mus\u00e9e National Fernand L\u00e9ger<\/strong> de Biot, l\u2019exposition en cours \u00ab L\u00e9ger, peintre de la couleur \u00bb, se tiendra jusqu\u2019au 25 mai. L\u2019ensemble de l\u2019\u0153uvre de L\u00e9ger, marqu\u00e9e par sa passion pour la couleur pure, se d\u00e9clinera dans un jeu infini de combinaisons et de variations, sur des supports multiples : dessins, c\u00e9ramiques, vitraux, d\u00e9cors pour le monde du spectacle ou l\u2019architecture.<\/p>\n\n\n<a href=\"#\" class=\"_3d-flip-book  fb3d-link-lightbox-mode\" data-id=\"14592\" data-mode=\"link-lightbox\" data-title=\"false\" data-template=\"short-white-book-view\" data-lightbox=\"dark\" data-urlparam=\"fb3d-page\" data-page-n=\"0\" data-pdf=\"\" data-tax=\"null\" data-thumbnail=\"\" data-cols=\"3\" data-query=\"\"><img decoding=\"async\" src=\"http:\/\/www.in-magazines.com\/magazine\/wp-content\/uploads\/2021\/05\/btn.jpg\"><\/a>\n","protected":false},"excerpt":{"rendered":"<p>Anne Dopffer, Conservateur g&eacute;n&eacute;ral du Patrimoine et directrice des mus&eacute;es nationaux du XXe si&egrave;cle des Alpes-Maritimes, se r&eacute;jouit des bons chiffres de fr&eacute;quentation des trois mus&eacute;es en cette saison 2025 : plus de 172.000 visiteurs ont franchi les portes du Mus&eacute;e Fernand L&eacute;ger de Biot, des Mus&eacute;es Nationaux Pablo Picasso La Guerre et la Paix&hellip; <a class=\"more-link\" href=\"https:\/\/www.in-magazines.com\/magazine\/sommaire\/inmagazine-43\/musees-nationaux-du-xxe-siecle-des-alpes-maritimes-nouveaux-accrochageset-expositions\/\">Poursuivre la lecture <span class=\"screen-reader-text\">MUSEES NATIONAUX DU XX\u00e8 SIECLE DES ALPES-MARITIMES : NOUVEAUX ACCROCHAGESET EXPOSITIONS<\/span><\/a><\/p>\n","protected":false},"author":1,"featured_media":14799,"comment_status":"open","ping_status":"open","sticky":false,"template":"","format":"standard","meta":{"footnotes":""},"categories":[2752,1700],"tags":[1318],"yoast_head":"<!-- This site is optimized with the Yoast SEO plugin v16.2 - https:\/\/yoast.com\/wordpress\/plugins\/seo\/ -->\n<title>MUSEES NATIONAUX DU XX\u00e8 SIECLE DES ALPES-MARITIMES : NOUVEAUX ACCROCHAGESET EXPOSITIONS - In Magazines<\/title>\n<meta name=\"robots\" content=\"index, follow, max-snippet:-1, max-image-preview:large, max-video-preview:-1\" \/>\n<link rel=\"canonical\" href=\"https:\/\/www.in-magazines.com\/magazine\/categories\/chr-evenementiel-loisirs\/musees-nationaux-du-xxe-siecle-des-alpes-maritimes-nouveaux-accrochageset-expositions\/\" \/>\n<meta property=\"og:locale\" content=\"fr_FR\" \/>\n<meta property=\"og:type\" content=\"article\" \/>\n<meta property=\"og:title\" content=\"MUSEES NATIONAUX DU XX\u00e8 SIECLE DES ALPES-MARITIMES : NOUVEAUX ACCROCHAGESET EXPOSITIONS - In Magazines\" \/>\n<meta property=\"og:description\" content=\"Anne Dopffer, Conservateur g&eacute;n&eacute;ral du Patrimoine et directrice des mus&eacute;es nationaux du XXe si&egrave;cle des Alpes-Maritimes, se r&eacute;jouit des bons chiffres de fr&eacute;quentation des trois mus&eacute;es en cette saison 2025 : plus de 172.000 visiteurs ont franchi les portes du Mus&eacute;e Fernand L&eacute;ger de Biot, des Mus&eacute;es Nationaux Pablo Picasso La Guerre et la Paix&hellip; Poursuivre la lecture MUSEES NATIONAUX DU XX\u00e8 SIECLE DES ALPES-MARITIMES : NOUVEAUX ACCROCHAGESET EXPOSITIONS\" \/>\n<meta property=\"og:url\" content=\"https:\/\/www.in-magazines.com\/magazine\/categories\/chr-evenementiel-loisirs\/musees-nationaux-du-xxe-siecle-des-alpes-maritimes-nouveaux-accrochageset-expositions\/\" \/>\n<meta property=\"og:site_name\" content=\"In Magazines\" \/>\n<meta property=\"article:published_time\" content=\"2025-12-15T06:14:00+00:00\" \/>\n<meta property=\"article:modified_time\" content=\"2025-12-12T07:56:21+00:00\" \/>\n<meta property=\"og:image\" content=\"https:\/\/www.in-magazines.com\/magazine\/wp-content\/uploads\/2025\/12\/MUSEES-NATIONAUX-DU-XXe-SIECLE-DES-ALPES-MARITIMES-NOUVEAUX-ACCROCHAGES-ET-EXPOSITIONS.jpg\" \/>\n\t<meta property=\"og:image:width\" content=\"256\" \/>\n\t<meta property=\"og:image:height\" content=\"389\" \/>\n<meta name=\"twitter:label1\" content=\"Dur\u00e9e de lecture est.\">\n\t<meta name=\"twitter:data1\" content=\"2 minutes\">\n<script type=\"application\/ld+json\" class=\"yoast-schema-graph\">{\"@context\":\"https:\/\/schema.org\",\"@graph\":[{\"@type\":\"WebSite\",\"@id\":\"https:\/\/www.in-magazines.com\/magazine\/#website\",\"url\":\"https:\/\/www.in-magazines.com\/magazine\/\",\"name\":\"In Magazines\",\"description\":\"\",\"potentialAction\":[{\"@type\":\"SearchAction\",\"target\":\"https:\/\/www.in-magazines.com\/magazine\/?s={search_term_string}\",\"query-input\":\"required name=search_term_string\"}],\"inLanguage\":\"fr-FR\"},{\"@type\":\"ImageObject\",\"@id\":\"https:\/\/www.in-magazines.com\/magazine\/categories\/chr-evenementiel-loisirs\/musees-nationaux-du-xxe-siecle-des-alpes-maritimes-nouveaux-accrochageset-expositions\/#primaryimage\",\"inLanguage\":\"fr-FR\",\"url\":\"https:\/\/www.in-magazines.com\/magazine\/wp-content\/uploads\/2025\/12\/MUSEES-NATIONAUX-DU-XXe-SIECLE-DES-ALPES-MARITIMES-NOUVEAUX-ACCROCHAGES-ET-EXPOSITIONS.jpg\",\"contentUrl\":\"https:\/\/www.in-magazines.com\/magazine\/wp-content\/uploads\/2025\/12\/MUSEES-NATIONAUX-DU-XXe-SIECLE-DES-ALPES-MARITIMES-NOUVEAUX-ACCROCHAGES-ET-EXPOSITIONS.jpg\",\"width\":256,\"height\":389},{\"@type\":\"WebPage\",\"@id\":\"https:\/\/www.in-magazines.com\/magazine\/categories\/chr-evenementiel-loisirs\/musees-nationaux-du-xxe-siecle-des-alpes-maritimes-nouveaux-accrochageset-expositions\/#webpage\",\"url\":\"https:\/\/www.in-magazines.com\/magazine\/categories\/chr-evenementiel-loisirs\/musees-nationaux-du-xxe-siecle-des-alpes-maritimes-nouveaux-accrochageset-expositions\/\",\"name\":\"MUSEES NATIONAUX DU XX\\u00e8 SIECLE DES ALPES-MARITIMES : NOUVEAUX ACCROCHAGESET EXPOSITIONS - In Magazines\",\"isPartOf\":{\"@id\":\"https:\/\/www.in-magazines.com\/magazine\/#website\"},\"primaryImageOfPage\":{\"@id\":\"https:\/\/www.in-magazines.com\/magazine\/categories\/chr-evenementiel-loisirs\/musees-nationaux-du-xxe-siecle-des-alpes-maritimes-nouveaux-accrochageset-expositions\/#primaryimage\"},\"datePublished\":\"2025-12-15T06:14:00+00:00\",\"dateModified\":\"2025-12-12T07:56:21+00:00\",\"author\":{\"@id\":\"https:\/\/www.in-magazines.com\/magazine\/#\/schema\/person\/c27e7dabb9a1ef380814bdd5636d07e3\"},\"breadcrumb\":{\"@id\":\"https:\/\/www.in-magazines.com\/magazine\/categories\/chr-evenementiel-loisirs\/musees-nationaux-du-xxe-siecle-des-alpes-maritimes-nouveaux-accrochageset-expositions\/#breadcrumb\"},\"inLanguage\":\"fr-FR\",\"potentialAction\":[{\"@type\":\"ReadAction\",\"target\":[\"https:\/\/www.in-magazines.com\/magazine\/categories\/chr-evenementiel-loisirs\/musees-nationaux-du-xxe-siecle-des-alpes-maritimes-nouveaux-accrochageset-expositions\/\"]}]},{\"@type\":\"BreadcrumbList\",\"@id\":\"https:\/\/www.in-magazines.com\/magazine\/categories\/chr-evenementiel-loisirs\/musees-nationaux-du-xxe-siecle-des-alpes-maritimes-nouveaux-accrochageset-expositions\/#breadcrumb\",\"itemListElement\":[{\"@type\":\"ListItem\",\"position\":1,\"item\":{\"@id\":\"https:\/\/www.in-magazines.com\/magazine\/categories\/chr-evenementiel-loisirs\/musees-nationaux-du-xxe-siecle-des-alpes-maritimes-nouveaux-accrochageset-expositions\/#webpage\"}}]},{\"@type\":\"Person\",\"@id\":\"https:\/\/www.in-magazines.com\/magazine\/#\/schema\/person\/c27e7dabb9a1ef380814bdd5636d07e3\",\"name\":\"backinmag\",\"image\":{\"@type\":\"ImageObject\",\"@id\":\"https:\/\/www.in-magazines.com\/magazine\/#personlogo\",\"inLanguage\":\"fr-FR\",\"url\":\"https:\/\/secure.gravatar.com\/avatar\/13a234bb19dc4fd04793d73c3472fbdb?s=96&d=mm&r=g\",\"contentUrl\":\"https:\/\/secure.gravatar.com\/avatar\/13a234bb19dc4fd04793d73c3472fbdb?s=96&d=mm&r=g\",\"caption\":\"backinmag\"},\"sameAs\":[\"http:\/\/www.in-magazines.com\/magazin\"]}]}<\/script>\n<!-- \/ Yoast SEO plugin. -->","_links":{"self":[{"href":"https:\/\/www.in-magazines.com\/magazine\/wp-json\/wp\/v2\/posts\/14798"}],"collection":[{"href":"https:\/\/www.in-magazines.com\/magazine\/wp-json\/wp\/v2\/posts"}],"about":[{"href":"https:\/\/www.in-magazines.com\/magazine\/wp-json\/wp\/v2\/types\/post"}],"author":[{"embeddable":true,"href":"https:\/\/www.in-magazines.com\/magazine\/wp-json\/wp\/v2\/users\/1"}],"replies":[{"embeddable":true,"href":"https:\/\/www.in-magazines.com\/magazine\/wp-json\/wp\/v2\/comments?post=14798"}],"version-history":[{"count":3,"href":"https:\/\/www.in-magazines.com\/magazine\/wp-json\/wp\/v2\/posts\/14798\/revisions"}],"predecessor-version":[{"id":14836,"href":"https:\/\/www.in-magazines.com\/magazine\/wp-json\/wp\/v2\/posts\/14798\/revisions\/14836"}],"wp:featuredmedia":[{"embeddable":true,"href":"https:\/\/www.in-magazines.com\/magazine\/wp-json\/wp\/v2\/media\/14799"}],"wp:attachment":[{"href":"https:\/\/www.in-magazines.com\/magazine\/wp-json\/wp\/v2\/media?parent=14798"}],"wp:term":[{"taxonomy":"category","embeddable":true,"href":"https:\/\/www.in-magazines.com\/magazine\/wp-json\/wp\/v2\/categories?post=14798"},{"taxonomy":"post_tag","embeddable":true,"href":"https:\/\/www.in-magazines.com\/magazine\/wp-json\/wp\/v2\/tags?post=14798"}],"curies":[{"name":"wp","href":"https:\/\/api.w.org\/{rel}","templated":true}]}}