

{"id":14802,"date":"2025-12-15T06:13:00","date_gmt":"2025-12-15T06:13:00","guid":{"rendered":"https:\/\/www.in-magazines.com\/magazine\/?p=14802"},"modified":"2025-12-12T06:51:54","modified_gmt":"2025-12-12T06:51:54","slug":"les-futurs-pros-du-tourisme-soutenus-par-cote-dazur-france-tourisme","status":"publish","type":"post","link":"https:\/\/www.in-magazines.com\/magazine\/sommaire\/inmagazine-43\/les-futurs-pros-du-tourisme-soutenus-par-cote-dazur-france-tourisme\/","title":{"rendered":"LES FUTURS PROS DU TOURISME soutenus par C\u00f4te d\u2019Azur France Tourisme"},"content":{"rendered":"\n<p>Rapprocher le monde acad\u00e9mique et le secteur professionnel du tourisme : l\u2019ambition est louable, surtout sur la c\u00f4te d\u2019Azur o\u00f9 celui-ci repr\u00e9sente un vivier de plus de 150.000 emplois directs et indirects. C\u00f4te d\u2019Azur France Tourisme, pr\u00e9sid\u00e9 par Alexandra Borchio Fontimp, vient de renouveler sa convention de soutien au Lyc\u00e9e H\u00f4telier Jeanne et Paul Augier. \u00c0 travers ce partenariat, les \u00e9tudiants en BTS Tourisme b\u00e9n\u00e9ficieront d\u2019un accompagnement renforc\u00e9, d\u2019opportunit\u00e9s de stages et d\u2019une immersion au c\u0153ur des grands projets port\u00e9s par la destination.<\/p>\n\n\n\n<p>V\u00e9ritable r\u00e9f\u00e9rence nationale et internationale, le Lyc\u00e9e des M\u00e9tiers d\u2019H\u00f4tellerie et de Tourisme Jeanne et Paul Augier forme chaque ann\u00e9e des centaines d\u2019\u00e9l\u00e8ves aux m\u00e9tiers de la restauration, de l\u2019h\u00f4tellerie et du tourisme. Il repr\u00e9sente le premier p\u00f4le de formation aux m\u00e9tiers du tourisme en France. L\u2019\u00e9tablissement se distingue notamment par ses trois restaurants d\u2019application ouverts au public : Les Galets, La Prom\u2019, La Rotonde (table gastronomique), son bar Le Nissart, ainsi que la Boutique de Jeanne, v\u00e9ritables vitrines du savoir-faire des \u00e9l\u00e8ves et lieux privil\u00e9gi\u00e9s de mise en pratique.<\/p>\n\n\n\n<p>Cette convention s\u2019inscrit en faveur de l\u2019\u00e9change de comp\u00e9tences, du partage d\u2019exp\u00e9riences. Conclue pour deux ans (2025-2027), elle s\u2019appuie sur trois piliers fondamentaux, \u00e0 commencer par la <strong>formation et l\u2019accompagnement<\/strong> des 200 \u00e9tudiants \u00e0 travers des stages au sein de C\u00f4te d\u2019Azur France Tourisme et de ses partenaires, l\u2019animation de master class d\u00e9di\u00e9es au sein du lyc\u00e9e, ainsi que la participation active des \u00e9tudiants aux \u00e9v\u00e9nements de la destination. Cette convention s\u2019attache \u00e9galement \u00e0 <strong>d\u00e9velopper la connaissance et la promotion du territoire<\/strong> : chaque \u00e9tudiant pourra devenir ambassadeur de la marque sur les r\u00e9seaux sociaux via la valorisation notamment du Pass C\u00f4te d\u2019Azur France. Un espace d\u2019information touristique sera install\u00e9 dans le hall du lyc\u00e9e.<\/p>\n\n\n<a href=\"#\" class=\"_3d-flip-book  fb3d-link-lightbox-mode\" data-id=\"14593\" data-mode=\"link-lightbox\" data-title=\"false\" data-template=\"short-white-book-view\" data-lightbox=\"dark\" data-urlparam=\"fb3d-page\" data-page-n=\"0\" data-pdf=\"\" data-tax=\"null\" data-thumbnail=\"\" data-cols=\"3\" data-query=\"\"><img decoding=\"async\" src=\"http:\/\/www.in-magazines.com\/magazine\/wp-content\/uploads\/2021\/05\/btn.jpg\"><\/a>\n","protected":false},"excerpt":{"rendered":"<p>Rapprocher le monde acad&eacute;mique et le secteur professionnel du tourisme : l&rsquo;ambition est louable, surtout sur la c&ocirc;te d&rsquo;Azur o&ugrave; celui-ci repr&eacute;sente un vivier de plus de 150.000 emplois directs et indirects. C&ocirc;te d&rsquo;Azur France Tourisme, pr&eacute;sid&eacute; par Alexandra Borchio Fontimp, vient de renouveler sa convention de soutien au Lyc&eacute;e H&ocirc;telier Jeanne et Paul Augier.&hellip; <a class=\"more-link\" href=\"https:\/\/www.in-magazines.com\/magazine\/sommaire\/inmagazine-43\/les-futurs-pros-du-tourisme-soutenus-par-cote-dazur-france-tourisme\/\">Poursuivre la lecture <span class=\"screen-reader-text\">LES FUTURS PROS DU TOURISME soutenus par C\u00f4te d\u2019Azur France Tourisme<\/span><\/a><\/p>\n","protected":false},"author":1,"featured_media":14803,"comment_status":"open","ping_status":"open","sticky":false,"template":"","format":"standard","meta":{"footnotes":""},"categories":[2752,1700],"tags":[226,1651],"yoast_head":"<!-- This site is optimized with the Yoast SEO plugin v16.2 - https:\/\/yoast.com\/wordpress\/plugins\/seo\/ -->\n<title>LES FUTURS PROS DU TOURISME soutenus par C\u00f4te d\u2019Azur France Tourisme - In Magazines<\/title>\n<meta name=\"robots\" content=\"index, follow, max-snippet:-1, max-image-preview:large, max-video-preview:-1\" \/>\n<link rel=\"canonical\" href=\"https:\/\/www.in-magazines.com\/magazine\/categories\/chr-evenementiel-loisirs\/les-futurs-pros-du-tourisme-soutenus-par-cote-dazur-france-tourisme\/\" \/>\n<meta property=\"og:locale\" content=\"fr_FR\" \/>\n<meta property=\"og:type\" content=\"article\" \/>\n<meta property=\"og:title\" content=\"LES FUTURS PROS DU TOURISME soutenus par C\u00f4te d\u2019Azur France Tourisme - In Magazines\" \/>\n<meta property=\"og:description\" content=\"Rapprocher le monde acad&eacute;mique et le secteur professionnel du tourisme : l&rsquo;ambition est louable, surtout sur la c&ocirc;te d&rsquo;Azur o&ugrave; celui-ci repr&eacute;sente un vivier de plus de 150.000 emplois directs et indirects. C&ocirc;te d&rsquo;Azur France Tourisme, pr&eacute;sid&eacute; par Alexandra Borchio Fontimp, vient de renouveler sa convention de soutien au Lyc&eacute;e H&ocirc;telier Jeanne et Paul Augier.&hellip; Poursuivre la lecture LES FUTURS PROS DU TOURISME soutenus par C\u00f4te d\u2019Azur France Tourisme\" \/>\n<meta property=\"og:url\" content=\"https:\/\/www.in-magazines.com\/magazine\/categories\/chr-evenementiel-loisirs\/les-futurs-pros-du-tourisme-soutenus-par-cote-dazur-france-tourisme\/\" \/>\n<meta property=\"og:site_name\" content=\"In Magazines\" \/>\n<meta property=\"article:published_time\" content=\"2025-12-15T06:13:00+00:00\" \/>\n<meta property=\"article:modified_time\" content=\"2025-12-12T06:51:54+00:00\" \/>\n<meta property=\"og:image\" content=\"https:\/\/www.in-magazines.com\/magazine\/wp-content\/uploads\/2025\/12\/LES-FUTURS-PROS-DU-TOURISME-soutenus-par-Cote-d-Azur-France-Tourisme.jpg\" \/>\n\t<meta property=\"og:image:width\" content=\"493\" \/>\n\t<meta property=\"og:image:height\" content=\"287\" \/>\n<meta name=\"twitter:label1\" content=\"Dur\u00e9e de lecture est.\">\n\t<meta name=\"twitter:data1\" content=\"2 minutes\">\n<script type=\"application\/ld+json\" class=\"yoast-schema-graph\">{\"@context\":\"https:\/\/schema.org\",\"@graph\":[{\"@type\":\"WebSite\",\"@id\":\"https:\/\/www.in-magazines.com\/magazine\/#website\",\"url\":\"https:\/\/www.in-magazines.com\/magazine\/\",\"name\":\"In Magazines\",\"description\":\"\",\"potentialAction\":[{\"@type\":\"SearchAction\",\"target\":\"https:\/\/www.in-magazines.com\/magazine\/?s={search_term_string}\",\"query-input\":\"required name=search_term_string\"}],\"inLanguage\":\"fr-FR\"},{\"@type\":\"ImageObject\",\"@id\":\"https:\/\/www.in-magazines.com\/magazine\/categories\/chr-evenementiel-loisirs\/les-futurs-pros-du-tourisme-soutenus-par-cote-dazur-france-tourisme\/#primaryimage\",\"inLanguage\":\"fr-FR\",\"url\":\"https:\/\/www.in-magazines.com\/magazine\/wp-content\/uploads\/2025\/12\/LES-FUTURS-PROS-DU-TOURISME-soutenus-par-Cote-d-Azur-France-Tourisme.jpg\",\"contentUrl\":\"https:\/\/www.in-magazines.com\/magazine\/wp-content\/uploads\/2025\/12\/LES-FUTURS-PROS-DU-TOURISME-soutenus-par-Cote-d-Azur-France-Tourisme.jpg\",\"width\":493,\"height\":287},{\"@type\":\"WebPage\",\"@id\":\"https:\/\/www.in-magazines.com\/magazine\/categories\/chr-evenementiel-loisirs\/les-futurs-pros-du-tourisme-soutenus-par-cote-dazur-france-tourisme\/#webpage\",\"url\":\"https:\/\/www.in-magazines.com\/magazine\/categories\/chr-evenementiel-loisirs\/les-futurs-pros-du-tourisme-soutenus-par-cote-dazur-france-tourisme\/\",\"name\":\"LES FUTURS PROS DU TOURISME soutenus par C\\u00f4te d\\u2019Azur France Tourisme - In Magazines\",\"isPartOf\":{\"@id\":\"https:\/\/www.in-magazines.com\/magazine\/#website\"},\"primaryImageOfPage\":{\"@id\":\"https:\/\/www.in-magazines.com\/magazine\/categories\/chr-evenementiel-loisirs\/les-futurs-pros-du-tourisme-soutenus-par-cote-dazur-france-tourisme\/#primaryimage\"},\"datePublished\":\"2025-12-15T06:13:00+00:00\",\"dateModified\":\"2025-12-12T06:51:54+00:00\",\"author\":{\"@id\":\"https:\/\/www.in-magazines.com\/magazine\/#\/schema\/person\/c27e7dabb9a1ef380814bdd5636d07e3\"},\"breadcrumb\":{\"@id\":\"https:\/\/www.in-magazines.com\/magazine\/categories\/chr-evenementiel-loisirs\/les-futurs-pros-du-tourisme-soutenus-par-cote-dazur-france-tourisme\/#breadcrumb\"},\"inLanguage\":\"fr-FR\",\"potentialAction\":[{\"@type\":\"ReadAction\",\"target\":[\"https:\/\/www.in-magazines.com\/magazine\/categories\/chr-evenementiel-loisirs\/les-futurs-pros-du-tourisme-soutenus-par-cote-dazur-france-tourisme\/\"]}]},{\"@type\":\"BreadcrumbList\",\"@id\":\"https:\/\/www.in-magazines.com\/magazine\/categories\/chr-evenementiel-loisirs\/les-futurs-pros-du-tourisme-soutenus-par-cote-dazur-france-tourisme\/#breadcrumb\",\"itemListElement\":[{\"@type\":\"ListItem\",\"position\":1,\"item\":{\"@id\":\"https:\/\/www.in-magazines.com\/magazine\/categories\/chr-evenementiel-loisirs\/les-futurs-pros-du-tourisme-soutenus-par-cote-dazur-france-tourisme\/#webpage\"}}]},{\"@type\":\"Person\",\"@id\":\"https:\/\/www.in-magazines.com\/magazine\/#\/schema\/person\/c27e7dabb9a1ef380814bdd5636d07e3\",\"name\":\"backinmag\",\"image\":{\"@type\":\"ImageObject\",\"@id\":\"https:\/\/www.in-magazines.com\/magazine\/#personlogo\",\"inLanguage\":\"fr-FR\",\"url\":\"https:\/\/secure.gravatar.com\/avatar\/13a234bb19dc4fd04793d73c3472fbdb?s=96&d=mm&r=g\",\"contentUrl\":\"https:\/\/secure.gravatar.com\/avatar\/13a234bb19dc4fd04793d73c3472fbdb?s=96&d=mm&r=g\",\"caption\":\"backinmag\"},\"sameAs\":[\"http:\/\/www.in-magazines.com\/magazin\"]}]}<\/script>\n<!-- \/ Yoast SEO plugin. -->","_links":{"self":[{"href":"https:\/\/www.in-magazines.com\/magazine\/wp-json\/wp\/v2\/posts\/14802"}],"collection":[{"href":"https:\/\/www.in-magazines.com\/magazine\/wp-json\/wp\/v2\/posts"}],"about":[{"href":"https:\/\/www.in-magazines.com\/magazine\/wp-json\/wp\/v2\/types\/post"}],"author":[{"embeddable":true,"href":"https:\/\/www.in-magazines.com\/magazine\/wp-json\/wp\/v2\/users\/1"}],"replies":[{"embeddable":true,"href":"https:\/\/www.in-magazines.com\/magazine\/wp-json\/wp\/v2\/comments?post=14802"}],"version-history":[{"count":2,"href":"https:\/\/www.in-magazines.com\/magazine\/wp-json\/wp\/v2\/posts\/14802\/revisions"}],"predecessor-version":[{"id":14805,"href":"https:\/\/www.in-magazines.com\/magazine\/wp-json\/wp\/v2\/posts\/14802\/revisions\/14805"}],"wp:featuredmedia":[{"embeddable":true,"href":"https:\/\/www.in-magazines.com\/magazine\/wp-json\/wp\/v2\/media\/14803"}],"wp:attachment":[{"href":"https:\/\/www.in-magazines.com\/magazine\/wp-json\/wp\/v2\/media?parent=14802"}],"wp:term":[{"taxonomy":"category","embeddable":true,"href":"https:\/\/www.in-magazines.com\/magazine\/wp-json\/wp\/v2\/categories?post=14802"},{"taxonomy":"post_tag","embeddable":true,"href":"https:\/\/www.in-magazines.com\/magazine\/wp-json\/wp\/v2\/tags?post=14802"}],"curies":[{"name":"wp","href":"https:\/\/api.w.org\/{rel}","templated":true}]}}