

{"id":14814,"date":"2025-12-15T06:10:00","date_gmt":"2025-12-15T06:10:00","guid":{"rendered":"https:\/\/www.in-magazines.com\/magazine\/?p=14814"},"modified":"2025-12-12T07:25:29","modified_gmt":"2025-12-12T07:25:29","slug":"un-nouveau-nectar-devoile-au-chateau-de-cremat","status":"publish","type":"post","link":"https:\/\/www.in-magazines.com\/magazine\/sommaire\/inmagazine-43\/un-nouveau-nectar-devoile-au-chateau-de-cremat\/","title":{"rendered":"UN NOUVEAU NECTAR d\u00e9voil\u00e9 au Ch\u00e2teau de Cr\u00e9mat"},"content":{"rendered":"\n<p>Sur les hauteurs de Nice, l\u2019\u00e9l\u00e9gance et la gourmandise se conjuguent avec la r\u00e9colte du Miel du Ch\u00e2teau de Cr\u00e9mat, d\u00e9j\u00e0 honorablement connu pour ses vins d\u2019exception.<\/p>\n\n\n\n<p>Ce nectar au subtil \u00e9quilibre entre notes florales et sucr\u00e9es est directement issu du rucher du domaine des collines de Bellet. Comme d\u00e9j\u00e0 220 produits de 18 marques, le miel int\u00e8gre la collection embl\u00e9matique \u00ab C\u00f4te d\u2019Azur France \u00bb, qui remporte depuis 2018 un tr\u00e8s grand succ\u00e8s aupr\u00e8s des entreprises comme du grand public. Ce programme de licence a impuls\u00e9 une dynamique vertueuse en cr\u00e9ant de solides partenariats locaux public-priv\u00e9 ayant pour objectif une valorisation de la destination C\u00f4te d\u2019Azur avec et par ses talents et cr\u00e9ateurs.<\/p>\n\n\n<a href=\"#\" class=\"_3d-flip-book  fb3d-link-lightbox-mode\" data-id=\"14594\" data-mode=\"link-lightbox\" data-title=\"false\" data-template=\"short-white-book-view\" data-lightbox=\"dark\" data-urlparam=\"fb3d-page\" data-page-n=\"0\" data-pdf=\"\" data-tax=\"null\" data-thumbnail=\"\" data-cols=\"3\" data-query=\"\"><img decoding=\"async\" src=\"http:\/\/www.in-magazines.com\/magazine\/wp-content\/uploads\/2021\/05\/btn.jpg\"><\/a>\n","protected":false},"excerpt":{"rendered":"<p>Sur les hauteurs de Nice, l&rsquo;&eacute;l&eacute;gance et la gourmandise se conjuguent avec la r&eacute;colte du Miel du Ch&acirc;teau de Cr&eacute;mat, d&eacute;j&agrave; honorablement connu pour ses vins d&rsquo;exception. Ce nectar au subtil &eacute;quilibre entre notes florales et sucr&eacute;es est directement issu du rucher du domaine des collines de Bellet. Comme d&eacute;j&agrave; 220 produits de 18 marques,&hellip; <a class=\"more-link\" href=\"https:\/\/www.in-magazines.com\/magazine\/sommaire\/inmagazine-43\/un-nouveau-nectar-devoile-au-chateau-de-cremat\/\">Poursuivre la lecture <span class=\"screen-reader-text\">UN NOUVEAU NECTAR d\u00e9voil\u00e9 au Ch\u00e2teau de Cr\u00e9mat<\/span><\/a><\/p>\n","protected":false},"author":1,"featured_media":14815,"comment_status":"open","ping_status":"open","sticky":false,"template":"","format":"standard","meta":{"footnotes":""},"categories":[2752,1700],"tags":[],"yoast_head":"<!-- This site is optimized with the Yoast SEO plugin v16.2 - https:\/\/yoast.com\/wordpress\/plugins\/seo\/ -->\n<title>UN NOUVEAU NECTAR d\u00e9voil\u00e9 au Ch\u00e2teau de Cr\u00e9mat - In Magazines<\/title>\n<meta name=\"robots\" content=\"index, follow, max-snippet:-1, max-image-preview:large, max-video-preview:-1\" \/>\n<link rel=\"canonical\" href=\"https:\/\/www.in-magazines.com\/magazine\/categories\/chr-evenementiel-loisirs\/un-nouveau-nectar-devoile-au-chateau-de-cremat\/\" \/>\n<meta property=\"og:locale\" content=\"fr_FR\" \/>\n<meta property=\"og:type\" content=\"article\" \/>\n<meta property=\"og:title\" content=\"UN NOUVEAU NECTAR d\u00e9voil\u00e9 au Ch\u00e2teau de Cr\u00e9mat - In Magazines\" \/>\n<meta property=\"og:description\" content=\"Sur les hauteurs de Nice, l&rsquo;&eacute;l&eacute;gance et la gourmandise se conjuguent avec la r&eacute;colte du Miel du Ch&acirc;teau de Cr&eacute;mat, d&eacute;j&agrave; honorablement connu pour ses vins d&rsquo;exception. Ce nectar au subtil &eacute;quilibre entre notes florales et sucr&eacute;es est directement issu du rucher du domaine des collines de Bellet. Comme d&eacute;j&agrave; 220 produits de 18 marques,&hellip; Poursuivre la lecture UN NOUVEAU NECTAR d\u00e9voil\u00e9 au Ch\u00e2teau de Cr\u00e9mat\" \/>\n<meta property=\"og:url\" content=\"https:\/\/www.in-magazines.com\/magazine\/categories\/chr-evenementiel-loisirs\/un-nouveau-nectar-devoile-au-chateau-de-cremat\/\" \/>\n<meta property=\"og:site_name\" content=\"In Magazines\" \/>\n<meta property=\"article:published_time\" content=\"2025-12-15T06:10:00+00:00\" \/>\n<meta property=\"article:modified_time\" content=\"2025-12-12T07:25:29+00:00\" \/>\n<meta property=\"og:image\" content=\"https:\/\/www.in-magazines.com\/magazine\/wp-content\/uploads\/2025\/12\/UN-NOUVEAU-NECTAR-devoile-au-Chateau-de-Cremat-.jpg\" \/>\n\t<meta property=\"og:image:width\" content=\"292\" \/>\n\t<meta property=\"og:image:height\" content=\"323\" \/>\n<meta name=\"twitter:label1\" content=\"Dur\u00e9e de lecture est.\">\n\t<meta name=\"twitter:data1\" content=\"1 minute\">\n<script type=\"application\/ld+json\" class=\"yoast-schema-graph\">{\"@context\":\"https:\/\/schema.org\",\"@graph\":[{\"@type\":\"WebSite\",\"@id\":\"https:\/\/www.in-magazines.com\/magazine\/#website\",\"url\":\"https:\/\/www.in-magazines.com\/magazine\/\",\"name\":\"In Magazines\",\"description\":\"\",\"potentialAction\":[{\"@type\":\"SearchAction\",\"target\":\"https:\/\/www.in-magazines.com\/magazine\/?s={search_term_string}\",\"query-input\":\"required name=search_term_string\"}],\"inLanguage\":\"fr-FR\"},{\"@type\":\"ImageObject\",\"@id\":\"https:\/\/www.in-magazines.com\/magazine\/categories\/chr-evenementiel-loisirs\/un-nouveau-nectar-devoile-au-chateau-de-cremat\/#primaryimage\",\"inLanguage\":\"fr-FR\",\"url\":\"https:\/\/www.in-magazines.com\/magazine\/wp-content\/uploads\/2025\/12\/UN-NOUVEAU-NECTAR-devoile-au-Chateau-de-Cremat-.jpg\",\"contentUrl\":\"https:\/\/www.in-magazines.com\/magazine\/wp-content\/uploads\/2025\/12\/UN-NOUVEAU-NECTAR-devoile-au-Chateau-de-Cremat-.jpg\",\"width\":292,\"height\":323},{\"@type\":\"WebPage\",\"@id\":\"https:\/\/www.in-magazines.com\/magazine\/categories\/chr-evenementiel-loisirs\/un-nouveau-nectar-devoile-au-chateau-de-cremat\/#webpage\",\"url\":\"https:\/\/www.in-magazines.com\/magazine\/categories\/chr-evenementiel-loisirs\/un-nouveau-nectar-devoile-au-chateau-de-cremat\/\",\"name\":\"UN NOUVEAU NECTAR d\\u00e9voil\\u00e9 au Ch\\u00e2teau de Cr\\u00e9mat - In Magazines\",\"isPartOf\":{\"@id\":\"https:\/\/www.in-magazines.com\/magazine\/#website\"},\"primaryImageOfPage\":{\"@id\":\"https:\/\/www.in-magazines.com\/magazine\/categories\/chr-evenementiel-loisirs\/un-nouveau-nectar-devoile-au-chateau-de-cremat\/#primaryimage\"},\"datePublished\":\"2025-12-15T06:10:00+00:00\",\"dateModified\":\"2025-12-12T07:25:29+00:00\",\"author\":{\"@id\":\"https:\/\/www.in-magazines.com\/magazine\/#\/schema\/person\/c27e7dabb9a1ef380814bdd5636d07e3\"},\"breadcrumb\":{\"@id\":\"https:\/\/www.in-magazines.com\/magazine\/categories\/chr-evenementiel-loisirs\/un-nouveau-nectar-devoile-au-chateau-de-cremat\/#breadcrumb\"},\"inLanguage\":\"fr-FR\",\"potentialAction\":[{\"@type\":\"ReadAction\",\"target\":[\"https:\/\/www.in-magazines.com\/magazine\/categories\/chr-evenementiel-loisirs\/un-nouveau-nectar-devoile-au-chateau-de-cremat\/\"]}]},{\"@type\":\"BreadcrumbList\",\"@id\":\"https:\/\/www.in-magazines.com\/magazine\/categories\/chr-evenementiel-loisirs\/un-nouveau-nectar-devoile-au-chateau-de-cremat\/#breadcrumb\",\"itemListElement\":[{\"@type\":\"ListItem\",\"position\":1,\"item\":{\"@id\":\"https:\/\/www.in-magazines.com\/magazine\/categories\/chr-evenementiel-loisirs\/un-nouveau-nectar-devoile-au-chateau-de-cremat\/#webpage\"}}]},{\"@type\":\"Person\",\"@id\":\"https:\/\/www.in-magazines.com\/magazine\/#\/schema\/person\/c27e7dabb9a1ef380814bdd5636d07e3\",\"name\":\"backinmag\",\"image\":{\"@type\":\"ImageObject\",\"@id\":\"https:\/\/www.in-magazines.com\/magazine\/#personlogo\",\"inLanguage\":\"fr-FR\",\"url\":\"https:\/\/secure.gravatar.com\/avatar\/13a234bb19dc4fd04793d73c3472fbdb?s=96&d=mm&r=g\",\"contentUrl\":\"https:\/\/secure.gravatar.com\/avatar\/13a234bb19dc4fd04793d73c3472fbdb?s=96&d=mm&r=g\",\"caption\":\"backinmag\"},\"sameAs\":[\"http:\/\/www.in-magazines.com\/magazin\"]}]}<\/script>\n<!-- \/ Yoast SEO plugin. -->","_links":{"self":[{"href":"https:\/\/www.in-magazines.com\/magazine\/wp-json\/wp\/v2\/posts\/14814"}],"collection":[{"href":"https:\/\/www.in-magazines.com\/magazine\/wp-json\/wp\/v2\/posts"}],"about":[{"href":"https:\/\/www.in-magazines.com\/magazine\/wp-json\/wp\/v2\/types\/post"}],"author":[{"embeddable":true,"href":"https:\/\/www.in-magazines.com\/magazine\/wp-json\/wp\/v2\/users\/1"}],"replies":[{"embeddable":true,"href":"https:\/\/www.in-magazines.com\/magazine\/wp-json\/wp\/v2\/comments?post=14814"}],"version-history":[{"count":2,"href":"https:\/\/www.in-magazines.com\/magazine\/wp-json\/wp\/v2\/posts\/14814\/revisions"}],"predecessor-version":[{"id":14817,"href":"https:\/\/www.in-magazines.com\/magazine\/wp-json\/wp\/v2\/posts\/14814\/revisions\/14817"}],"wp:featuredmedia":[{"embeddable":true,"href":"https:\/\/www.in-magazines.com\/magazine\/wp-json\/wp\/v2\/media\/14815"}],"wp:attachment":[{"href":"https:\/\/www.in-magazines.com\/magazine\/wp-json\/wp\/v2\/media?parent=14814"}],"wp:term":[{"taxonomy":"category","embeddable":true,"href":"https:\/\/www.in-magazines.com\/magazine\/wp-json\/wp\/v2\/categories?post=14814"},{"taxonomy":"post_tag","embeddable":true,"href":"https:\/\/www.in-magazines.com\/magazine\/wp-json\/wp\/v2\/tags?post=14814"}],"curies":[{"name":"wp","href":"https:\/\/api.w.org\/{rel}","templated":true}]}}