

{"id":14986,"date":"2026-04-30T06:56:00","date_gmt":"2026-04-30T06:56:00","guid":{"rendered":"https:\/\/www.in-magazines.com\/magazine\/?p=14986"},"modified":"2026-04-23T10:45:02","modified_gmt":"2026-04-23T10:45:02","slug":"frederic-meyer-ciel-degage-pour-vimpaci","status":"publish","type":"post","link":"https:\/\/www.in-magazines.com\/magazine\/categories\/infrarouge\/frederic-meyer-ciel-degage-pour-vimpaci\/","title":{"rendered":"FREDERIC MEYER : CIEL D\u00c9GAG\u00c9 POUR VIMPACI"},"content":{"rendered":"\n<p>Expert de l\u2019assistance a\u00e9roportuaire depuis plus de 30 ans, Fr\u00e9d\u00e9ric Meyer dirige aujourd\u2019hui VimPaci Group, holding qui rassemble diff\u00e9rents m\u00e9tiers et activit\u00e9s innovantes autour des services aux compagnies et aux voyageurs.<br>Les \u00e9volutions soci\u00e9tales transforment chaque jour le secteur a\u00e9rien qui n\u2019a de cesse de s\u2019adapter \u00e0 la demande des voyageurs. Au c\u0153ur de ces questions d\u2019adaptation : la notion d\u2019intermodalit\u00e9, enjeu qui dessine les services d\u2019assistance a\u00e9roportuaire du futur. Au cours de sa carri\u00e8re, Fr\u00e9d\u00e9ric Meyer a toujours \u00e9t\u00e9 acteur de ces \u00e9volutions ; il nous livre ici un panorama des attentes des voyageurs d\u2019aujourd\u2019hui et de demain, en lien avec l\u2019offre de services qui leur est faite.<\/p>\n\n\n\n<p><strong>Le m\u00e9tier d\u2019assistant a\u00e9roportuaire n\u2019est pas nouveau. Il \u00e9volue constamment et se transforme aujourd\u2019hui, mais ses origines sont tr\u00e8s anciennes ?<\/strong><br><strong>Fr\u00e9d\u00e9ric Meyer<\/strong> : Chez VimPaci, notre ADN s\u2019ancre dans la transformation perp\u00e9tuelle de notre environnement de travail. Pourtant, les origines de notre m\u00e9tier sont ancestrales : j\u2019ai pour habitude de dire qu\u2019elles remontent aux Ph\u00e9niciens avec le trafic maritime (autour de 1200 avant J.C., NDLR) et qu\u2019elles sont souvent m\u00e9connues m\u00eame des assistants a\u00e9roportuaires eux-m\u00eames, car bien souvent, ils sont \u00ab nouveaux \u00bb dans le m\u00e9tier. La plupart des groupes d\u2019assistance actuels se sont cr\u00e9\u00e9s par globalisation, par le rachat de petites familles d\u2019assistants historiques. Ces m\u00eames familles qui avaient migr\u00e9 du maritime \u00e0 l\u2019a\u00e9roportuaire, apr\u00e8s la Seconde Guerre Mondiale et l\u2019essor du trafic a\u00e9rien. J\u2019ai moi-m\u00eame eu la chance et l\u2019opportunit\u00e9 de d\u00e9marrer ma carri\u00e8re aupr\u00e8s de la famille Mathez, qui \u00e9tait dans ce cas de figure : l\u2019arri\u00e8re-grand p\u00e8re du dirigeant actuel, Camille Mathez, pr\u00e9sidait la soci\u00e9t\u00e9 \u00ab Chargeurs du Midi \u00bb, filiale d\u2019assistance maritime d\u2019un grand groupe, celui de Francis Fabre, qui a, lui-m\u00eame, cr\u00e9\u00e9 par la suite la compagnie a\u00e9rienne embl\u00e9matique de l\u2019\u00e9poque : UTA.<\/p>\n\n\n<a href=\"#\" class=\"_3d-flip-book  fb3d-link-lightbox-mode\" data-id=\"14946\" data-mode=\"link-lightbox\" data-title=\"false\" data-template=\"short-white-book-view\" data-lightbox=\"dark\" data-urlparam=\"fb3d-page\" data-page-n=\"0\" data-pdf=\"\" data-tax=\"null\" data-thumbnail=\"\" data-cols=\"3\" data-query=\"\"><img decoding=\"async\" src=\"http:\/\/www.in-magazines.com\/magazine\/wp-content\/uploads\/2021\/05\/btn.jpg\"><\/a>\n","protected":false},"excerpt":{"rendered":"<p>Expert de l&rsquo;assistance a&eacute;roportuaire depuis plus de 30 ans, Fr&eacute;d&eacute;ric Meyer dirige aujourd&rsquo;hui VimPaci Group, holding qui rassemble diff&eacute;rents m&eacute;tiers et activit&eacute;s innovantes autour des services aux compagnies et aux voyageurs.Les &eacute;volutions soci&eacute;tales transforment chaque jour le secteur a&eacute;rien qui n&rsquo;a de cesse de s&rsquo;adapter &agrave; la demande des voyageurs. Au c&oelig;ur de ces questions&hellip; <a class=\"more-link\" href=\"https:\/\/www.in-magazines.com\/magazine\/categories\/infrarouge\/frederic-meyer-ciel-degage-pour-vimpaci\/\">Poursuivre la lecture <span class=\"screen-reader-text\">FREDERIC MEYER : CIEL D\u00c9GAG\u00c9 POUR VIMPACI<\/span><\/a><\/p>\n","protected":false},"author":1,"featured_media":14995,"comment_status":"open","ping_status":"open","sticky":false,"template":"","format":"standard","meta":{"footnotes":""},"categories":[3,2773],"tags":[2774,2775],"yoast_head":"<!-- This site is optimized with the Yoast SEO plugin v16.2 - https:\/\/yoast.com\/wordpress\/plugins\/seo\/ -->\n<title>FREDERIC MEYER : CIEL D\u00c9GAG\u00c9 POUR VIMPACI - In Magazines<\/title>\n<meta name=\"robots\" content=\"index, follow, max-snippet:-1, max-image-preview:large, max-video-preview:-1\" \/>\n<link rel=\"canonical\" href=\"https:\/\/www.in-magazines.com\/magazine\/categories\/infrarouge\/frederic-meyer-ciel-degage-pour-vimpaci\/\" \/>\n<meta property=\"og:locale\" content=\"fr_FR\" \/>\n<meta property=\"og:type\" content=\"article\" \/>\n<meta property=\"og:title\" content=\"FREDERIC MEYER : CIEL D\u00c9GAG\u00c9 POUR VIMPACI - In Magazines\" \/>\n<meta property=\"og:description\" content=\"Expert de l&rsquo;assistance a&eacute;roportuaire depuis plus de 30 ans, Fr&eacute;d&eacute;ric Meyer dirige aujourd&rsquo;hui VimPaci Group, holding qui rassemble diff&eacute;rents m&eacute;tiers et activit&eacute;s innovantes autour des services aux compagnies et aux voyageurs.Les &eacute;volutions soci&eacute;tales transforment chaque jour le secteur a&eacute;rien qui n&rsquo;a de cesse de s&rsquo;adapter &agrave; la demande des voyageurs. Au c&oelig;ur de ces questions&hellip; Poursuivre la lecture FREDERIC MEYER : CIEL D\u00c9GAG\u00c9 POUR VIMPACI\" \/>\n<meta property=\"og:url\" content=\"https:\/\/www.in-magazines.com\/magazine\/categories\/infrarouge\/frederic-meyer-ciel-degage-pour-vimpaci\/\" \/>\n<meta property=\"og:site_name\" content=\"In Magazines\" \/>\n<meta property=\"article:published_time\" content=\"2026-04-30T06:56:00+00:00\" \/>\n<meta property=\"article:modified_time\" content=\"2026-04-23T10:45:02+00:00\" \/>\n<meta property=\"og:image\" content=\"https:\/\/www.in-magazines.com\/magazine\/wp-content\/uploads\/2026\/04\/VIMPACI-GROUP-Aupres-des-voyageurs-de-demain-toujours-precurseur.jpg\" \/>\n\t<meta property=\"og:image:width\" content=\"600\" \/>\n\t<meta property=\"og:image:height\" content=\"400\" \/>\n<meta name=\"twitter:label1\" content=\"Dur\u00e9e de lecture est.\">\n\t<meta name=\"twitter:data1\" content=\"2 minutes\">\n<script type=\"application\/ld+json\" class=\"yoast-schema-graph\">{\"@context\":\"https:\/\/schema.org\",\"@graph\":[{\"@type\":\"WebSite\",\"@id\":\"https:\/\/www.in-magazines.com\/magazine\/#website\",\"url\":\"https:\/\/www.in-magazines.com\/magazine\/\",\"name\":\"In Magazines\",\"description\":\"\",\"potentialAction\":[{\"@type\":\"SearchAction\",\"target\":\"https:\/\/www.in-magazines.com\/magazine\/?s={search_term_string}\",\"query-input\":\"required name=search_term_string\"}],\"inLanguage\":\"fr-FR\"},{\"@type\":\"ImageObject\",\"@id\":\"https:\/\/www.in-magazines.com\/magazine\/categories\/infrarouge\/frederic-meyer-ciel-degage-pour-vimpaci\/#primaryimage\",\"inLanguage\":\"fr-FR\",\"url\":\"https:\/\/www.in-magazines.com\/magazine\/wp-content\/uploads\/2026\/04\/VIMPACI-GROUP-Aupres-des-voyageurs-de-demain-toujours-precurseur.jpg\",\"contentUrl\":\"https:\/\/www.in-magazines.com\/magazine\/wp-content\/uploads\/2026\/04\/VIMPACI-GROUP-Aupres-des-voyageurs-de-demain-toujours-precurseur.jpg\",\"width\":600,\"height\":400},{\"@type\":\"WebPage\",\"@id\":\"https:\/\/www.in-magazines.com\/magazine\/categories\/infrarouge\/frederic-meyer-ciel-degage-pour-vimpaci\/#webpage\",\"url\":\"https:\/\/www.in-magazines.com\/magazine\/categories\/infrarouge\/frederic-meyer-ciel-degage-pour-vimpaci\/\",\"name\":\"FREDERIC MEYER : CIEL D\\u00c9GAG\\u00c9 POUR VIMPACI - In Magazines\",\"isPartOf\":{\"@id\":\"https:\/\/www.in-magazines.com\/magazine\/#website\"},\"primaryImageOfPage\":{\"@id\":\"https:\/\/www.in-magazines.com\/magazine\/categories\/infrarouge\/frederic-meyer-ciel-degage-pour-vimpaci\/#primaryimage\"},\"datePublished\":\"2026-04-30T06:56:00+00:00\",\"dateModified\":\"2026-04-23T10:45:02+00:00\",\"author\":{\"@id\":\"https:\/\/www.in-magazines.com\/magazine\/#\/schema\/person\/c27e7dabb9a1ef380814bdd5636d07e3\"},\"breadcrumb\":{\"@id\":\"https:\/\/www.in-magazines.com\/magazine\/categories\/infrarouge\/frederic-meyer-ciel-degage-pour-vimpaci\/#breadcrumb\"},\"inLanguage\":\"fr-FR\",\"potentialAction\":[{\"@type\":\"ReadAction\",\"target\":[\"https:\/\/www.in-magazines.com\/magazine\/categories\/infrarouge\/frederic-meyer-ciel-degage-pour-vimpaci\/\"]}]},{\"@type\":\"BreadcrumbList\",\"@id\":\"https:\/\/www.in-magazines.com\/magazine\/categories\/infrarouge\/frederic-meyer-ciel-degage-pour-vimpaci\/#breadcrumb\",\"itemListElement\":[{\"@type\":\"ListItem\",\"position\":1,\"item\":{\"@id\":\"https:\/\/www.in-magazines.com\/magazine\/categories\/infrarouge\/frederic-meyer-ciel-degage-pour-vimpaci\/#webpage\"}}]},{\"@type\":\"Person\",\"@id\":\"https:\/\/www.in-magazines.com\/magazine\/#\/schema\/person\/c27e7dabb9a1ef380814bdd5636d07e3\",\"name\":\"backinmag\",\"image\":{\"@type\":\"ImageObject\",\"@id\":\"https:\/\/www.in-magazines.com\/magazine\/#personlogo\",\"inLanguage\":\"fr-FR\",\"url\":\"https:\/\/secure.gravatar.com\/avatar\/13a234bb19dc4fd04793d73c3472fbdb?s=96&d=mm&r=g\",\"contentUrl\":\"https:\/\/secure.gravatar.com\/avatar\/13a234bb19dc4fd04793d73c3472fbdb?s=96&d=mm&r=g\",\"caption\":\"backinmag\"},\"sameAs\":[\"http:\/\/www.in-magazines.com\/magazin\"]}]}<\/script>\n<!-- \/ Yoast SEO plugin. -->","_links":{"self":[{"href":"https:\/\/www.in-magazines.com\/magazine\/wp-json\/wp\/v2\/posts\/14986"}],"collection":[{"href":"https:\/\/www.in-magazines.com\/magazine\/wp-json\/wp\/v2\/posts"}],"about":[{"href":"https:\/\/www.in-magazines.com\/magazine\/wp-json\/wp\/v2\/types\/post"}],"author":[{"embeddable":true,"href":"https:\/\/www.in-magazines.com\/magazine\/wp-json\/wp\/v2\/users\/1"}],"replies":[{"embeddable":true,"href":"https:\/\/www.in-magazines.com\/magazine\/wp-json\/wp\/v2\/comments?post=14986"}],"version-history":[{"count":2,"href":"https:\/\/www.in-magazines.com\/magazine\/wp-json\/wp\/v2\/posts\/14986\/revisions"}],"predecessor-version":[{"id":14989,"href":"https:\/\/www.in-magazines.com\/magazine\/wp-json\/wp\/v2\/posts\/14986\/revisions\/14989"}],"wp:featuredmedia":[{"embeddable":true,"href":"https:\/\/www.in-magazines.com\/magazine\/wp-json\/wp\/v2\/media\/14995"}],"wp:attachment":[{"href":"https:\/\/www.in-magazines.com\/magazine\/wp-json\/wp\/v2\/media?parent=14986"}],"wp:term":[{"taxonomy":"category","embeddable":true,"href":"https:\/\/www.in-magazines.com\/magazine\/wp-json\/wp\/v2\/categories?post=14986"},{"taxonomy":"post_tag","embeddable":true,"href":"https:\/\/www.in-magazines.com\/magazine\/wp-json\/wp\/v2\/tags?post=14986"}],"curies":[{"name":"wp","href":"https:\/\/api.w.org\/{rel}","templated":true}]}}