

{"id":15007,"date":"2026-04-30T06:53:00","date_gmt":"2026-04-30T06:53:00","guid":{"rendered":"https:\/\/www.in-magazines.com\/magazine\/?p=15007"},"modified":"2026-04-28T07:24:33","modified_gmt":"2026-04-28T07:24:33","slug":"enquete-de-conjoncture-cci-2025-en-progression-incertitude-sur-les-perspectives-d-activite","status":"publish","type":"post","link":"https:\/\/www.in-magazines.com\/magazine\/sommaire\/inmagazine-44\/enquete-de-conjoncture-cci-2025-en-progression-incertitude-sur-les-perspectives-d-activite\/","title":{"rendered":"ENQUETE DE CONJONCTURE \u2013 CCI : 2025 EN PROGRESSION, incertitude sur les perspectives d\u2019activit\u00e9"},"content":{"rendered":"\n<p>La CCI Nice C\u00f4te d\u2019Azur vient de d\u00e9voiler les r\u00e9sultats de son enqu\u00eate conjoncturelle sur l\u2019ann\u00e9e 2025 et sur les perspectives 2026. L\u2019\u00e9tude a \u00e9t\u00e9 r\u00e9alis\u00e9e aupr\u00e8s d\u2019un panel repr\u00e9sentatif de tous les secteurs d\u2019activit\u00e9s, des bassins \u00e9conomiques et des tailles d\u2019\u00e9tablissements avec 1\u00a0000 entreprises des Alpes-Maritimes consult\u00e9es. Premier enseignement\u00a0: une activit\u00e9 en hausse dans l\u2019industrie et les services, hors CHR.<\/p>\n\n\n\n<p>Ce sont \u00e0 90 % des entreprises de moins de 10 salari\u00e9s, repr\u00e9sentatives du tissu \u00e9conomique des Alpes-Maritimes dont les sp\u00e9cificit\u00e9s sont notamment le nombre important d\u2019entreprises en lien avec l\u2019activit\u00e9 touristique et une h\u00e9t\u00e9rog\u00e9n\u00e9it\u00e9 au sein d\u2019un m\u00eame secteur. Un \u00e9tat des lieux \u00e0 remettre en perspective avec les cons\u00e9quences \u00e9conomiques li\u00e9es aux conflits au Moyen-Orient et leur impact sur les co\u00fbts de l\u2019\u00e9nergie comme ceux des mati\u00e8res premi\u00e8res. Un enseignement\u00a0: l\u2019enqu\u00eate r\u00e9v\u00e8le que l\u2019activit\u00e9 des entreprises a l\u00e9g\u00e8rement progress\u00e9 en 2025 gr\u00e2ce aux secteurs des services hors h\u00f4tels-caf\u00e9s-restaurants et \u00e0 l\u2019industrie qui affiche des r\u00e9sultats en progression. Concernant les perspectives d\u2019activit\u00e9 pour les prochains mois, elles restent prudentes dans tous les secteurs, \u00e0 l\u2019exception de la construction o\u00f9 les pr\u00e9visions sont un peu mieux orient\u00e9es.<\/p>\n\n\n\n<h2 class=\"wp-block-heading\">Emploi stable sur la p\u00e9riode<\/h2>\n\n\n\n<p>Dans le d\u00e9tail, l\u2019enqu\u00eate a r\u00e9v\u00e9l\u00e9 que les bassins d\u2019Antibes et de Grasse se distinguaient par une activit\u00e9 bien orient\u00e9e, port\u00e9e par la construction et surtout par l\u2019industrie, \u00c0 l\u2019inverse, les bassins de Nice, Cannes et de la Plaine du Var enregistrent un recul de l\u2019activit\u00e9 dans le commerce de gros et l\u2019industrie, que la progression des autres secteurs ne parvient pas \u00e0 compenser. Sur le bassin de Menton, la baisse des services h\u00f4tels-caf\u00e9s-restaurants contraste avec la bonne tenue du commerce, qui soutient le niveau d\u2019activit\u00e9 global.<\/p>\n\n\n<a href=\"#\" class=\"_3d-flip-book  fb3d-link-lightbox-mode\" data-id=\"14949\" data-mode=\"link-lightbox\" data-title=\"false\" data-template=\"short-white-book-view\" data-lightbox=\"dark\" data-urlparam=\"fb3d-page\" data-page-n=\"0\" data-pdf=\"\" data-tax=\"null\" data-thumbnail=\"\" data-cols=\"3\" data-query=\"\"><img decoding=\"async\" src=\"http:\/\/www.in-magazines.com\/magazine\/wp-content\/uploads\/2021\/05\/btn.jpg\"><\/a>\n","protected":false},"excerpt":{"rendered":"<p>La CCI Nice C&ocirc;te d&rsquo;Azur vient de d&eacute;voiler les r&eacute;sultats de son enqu&ecirc;te conjoncturelle sur l&rsquo;ann&eacute;e 2025 et sur les perspectives 2026. L&rsquo;&eacute;tude a &eacute;t&eacute; r&eacute;alis&eacute;e aupr&egrave;s d&rsquo;un panel repr&eacute;sentatif de tous les secteurs d&rsquo;activit&eacute;s, des bassins &eacute;conomiques et des tailles d&rsquo;&eacute;tablissements avec 1&nbsp;000 entreprises des Alpes-Maritimes consult&eacute;es. Premier enseignement&nbsp;: une activit&eacute; en hausse dans&hellip; <a class=\"more-link\" href=\"https:\/\/www.in-magazines.com\/magazine\/sommaire\/inmagazine-44\/enquete-de-conjoncture-cci-2025-en-progression-incertitude-sur-les-perspectives-d-activite\/\">Poursuivre la lecture <span class=\"screen-reader-text\">ENQUETE DE CONJONCTURE \u2013 CCI : 2025 EN PROGRESSION, incertitude sur les perspectives d\u2019activit\u00e9<\/span><\/a><\/p>\n","protected":false},"author":1,"featured_media":15311,"comment_status":"open","ping_status":"open","sticky":false,"template":"","format":"standard","meta":{"footnotes":""},"categories":[2773,1694],"tags":[2780,2781],"yoast_head":"<!-- This site is optimized with the Yoast SEO plugin v16.2 - https:\/\/yoast.com\/wordpress\/plugins\/seo\/ -->\n<title>ENQUETE DE CONJONCTURE \u2013 CCI : 2025 EN PROGRESSION, incertitude sur les perspectives d\u2019activit\u00e9 - In Magazines<\/title>\n<meta name=\"robots\" content=\"index, follow, max-snippet:-1, max-image-preview:large, max-video-preview:-1\" \/>\n<link rel=\"canonical\" href=\"https:\/\/www.in-magazines.com\/magazine\/categories\/services-aux-entreprises-mobilite\/enquete-de-conjoncture-cci-2025-en-progression-incertitude-sur-les-perspectives-d-activite\/\" \/>\n<meta property=\"og:locale\" content=\"fr_FR\" \/>\n<meta property=\"og:type\" content=\"article\" \/>\n<meta property=\"og:title\" content=\"ENQUETE DE CONJONCTURE \u2013 CCI : 2025 EN PROGRESSION, incertitude sur les perspectives d\u2019activit\u00e9 - In Magazines\" \/>\n<meta property=\"og:description\" content=\"La CCI Nice C&ocirc;te d&rsquo;Azur vient de d&eacute;voiler les r&eacute;sultats de son enqu&ecirc;te conjoncturelle sur l&rsquo;ann&eacute;e 2025 et sur les perspectives 2026. L&rsquo;&eacute;tude a &eacute;t&eacute; r&eacute;alis&eacute;e aupr&egrave;s d&rsquo;un panel repr&eacute;sentatif de tous les secteurs d&rsquo;activit&eacute;s, des bassins &eacute;conomiques et des tailles d&rsquo;&eacute;tablissements avec 1&nbsp;000 entreprises des Alpes-Maritimes consult&eacute;es. Premier enseignement&nbsp;: une activit&eacute; en hausse dans&hellip; Poursuivre la lecture ENQUETE DE CONJONCTURE \u2013 CCI : 2025 EN PROGRESSION, incertitude sur les perspectives d\u2019activit\u00e9\" \/>\n<meta property=\"og:url\" content=\"https:\/\/www.in-magazines.com\/magazine\/categories\/services-aux-entreprises-mobilite\/enquete-de-conjoncture-cci-2025-en-progression-incertitude-sur-les-perspectives-d-activite\/\" \/>\n<meta property=\"og:site_name\" content=\"In Magazines\" \/>\n<meta property=\"article:published_time\" content=\"2026-04-30T06:53:00+00:00\" \/>\n<meta property=\"article:modified_time\" content=\"2026-04-28T07:24:33+00:00\" \/>\n<meta property=\"og:image\" content=\"https:\/\/www.in-magazines.com\/magazine\/wp-content\/uploads\/2026\/04\/ENQUETE-DE-CONJONCTURE-CCI-2025-EN-PROGRESSION-incertitude-sur-les-perspectives-d-activite-a.jpg\" \/>\n\t<meta property=\"og:image:width\" content=\"600\" \/>\n\t<meta property=\"og:image:height\" content=\"400\" \/>\n<meta name=\"twitter:label1\" content=\"Dur\u00e9e de lecture est.\">\n\t<meta name=\"twitter:data1\" content=\"2 minutes\">\n<script type=\"application\/ld+json\" class=\"yoast-schema-graph\">{\"@context\":\"https:\/\/schema.org\",\"@graph\":[{\"@type\":\"WebSite\",\"@id\":\"https:\/\/www.in-magazines.com\/magazine\/#website\",\"url\":\"https:\/\/www.in-magazines.com\/magazine\/\",\"name\":\"In Magazines\",\"description\":\"\",\"potentialAction\":[{\"@type\":\"SearchAction\",\"target\":\"https:\/\/www.in-magazines.com\/magazine\/?s={search_term_string}\",\"query-input\":\"required name=search_term_string\"}],\"inLanguage\":\"fr-FR\"},{\"@type\":\"ImageObject\",\"@id\":\"https:\/\/www.in-magazines.com\/magazine\/categories\/services-aux-entreprises-mobilite\/enquete-de-conjoncture-cci-2025-en-progression-incertitude-sur-les-perspectives-d-activite\/#primaryimage\",\"inLanguage\":\"fr-FR\",\"url\":\"https:\/\/www.in-magazines.com\/magazine\/wp-content\/uploads\/2026\/04\/ENQUETE-DE-CONJONCTURE-CCI-2025-EN-PROGRESSION-incertitude-sur-les-perspectives-d-activite-a.jpg\",\"contentUrl\":\"https:\/\/www.in-magazines.com\/magazine\/wp-content\/uploads\/2026\/04\/ENQUETE-DE-CONJONCTURE-CCI-2025-EN-PROGRESSION-incertitude-sur-les-perspectives-d-activite-a.jpg\",\"width\":600,\"height\":400},{\"@type\":\"WebPage\",\"@id\":\"https:\/\/www.in-magazines.com\/magazine\/categories\/services-aux-entreprises-mobilite\/enquete-de-conjoncture-cci-2025-en-progression-incertitude-sur-les-perspectives-d-activite\/#webpage\",\"url\":\"https:\/\/www.in-magazines.com\/magazine\/categories\/services-aux-entreprises-mobilite\/enquete-de-conjoncture-cci-2025-en-progression-incertitude-sur-les-perspectives-d-activite\/\",\"name\":\"ENQUETE DE CONJONCTURE \\u2013 CCI : 2025 EN PROGRESSION, incertitude sur les perspectives d\\u2019activit\\u00e9 - In Magazines\",\"isPartOf\":{\"@id\":\"https:\/\/www.in-magazines.com\/magazine\/#website\"},\"primaryImageOfPage\":{\"@id\":\"https:\/\/www.in-magazines.com\/magazine\/categories\/services-aux-entreprises-mobilite\/enquete-de-conjoncture-cci-2025-en-progression-incertitude-sur-les-perspectives-d-activite\/#primaryimage\"},\"datePublished\":\"2026-04-30T06:53:00+00:00\",\"dateModified\":\"2026-04-28T07:24:33+00:00\",\"author\":{\"@id\":\"https:\/\/www.in-magazines.com\/magazine\/#\/schema\/person\/c27e7dabb9a1ef380814bdd5636d07e3\"},\"breadcrumb\":{\"@id\":\"https:\/\/www.in-magazines.com\/magazine\/categories\/services-aux-entreprises-mobilite\/enquete-de-conjoncture-cci-2025-en-progression-incertitude-sur-les-perspectives-d-activite\/#breadcrumb\"},\"inLanguage\":\"fr-FR\",\"potentialAction\":[{\"@type\":\"ReadAction\",\"target\":[\"https:\/\/www.in-magazines.com\/magazine\/categories\/services-aux-entreprises-mobilite\/enquete-de-conjoncture-cci-2025-en-progression-incertitude-sur-les-perspectives-d-activite\/\"]}]},{\"@type\":\"BreadcrumbList\",\"@id\":\"https:\/\/www.in-magazines.com\/magazine\/categories\/services-aux-entreprises-mobilite\/enquete-de-conjoncture-cci-2025-en-progression-incertitude-sur-les-perspectives-d-activite\/#breadcrumb\",\"itemListElement\":[{\"@type\":\"ListItem\",\"position\":1,\"item\":{\"@id\":\"https:\/\/www.in-magazines.com\/magazine\/categories\/services-aux-entreprises-mobilite\/enquete-de-conjoncture-cci-2025-en-progression-incertitude-sur-les-perspectives-d-activite\/#webpage\"}}]},{\"@type\":\"Person\",\"@id\":\"https:\/\/www.in-magazines.com\/magazine\/#\/schema\/person\/c27e7dabb9a1ef380814bdd5636d07e3\",\"name\":\"backinmag\",\"image\":{\"@type\":\"ImageObject\",\"@id\":\"https:\/\/www.in-magazines.com\/magazine\/#personlogo\",\"inLanguage\":\"fr-FR\",\"url\":\"https:\/\/secure.gravatar.com\/avatar\/13a234bb19dc4fd04793d73c3472fbdb?s=96&d=mm&r=g\",\"contentUrl\":\"https:\/\/secure.gravatar.com\/avatar\/13a234bb19dc4fd04793d73c3472fbdb?s=96&d=mm&r=g\",\"caption\":\"backinmag\"},\"sameAs\":[\"http:\/\/www.in-magazines.com\/magazin\"]}]}<\/script>\n<!-- \/ Yoast SEO plugin. -->","_links":{"self":[{"href":"https:\/\/www.in-magazines.com\/magazine\/wp-json\/wp\/v2\/posts\/15007"}],"collection":[{"href":"https:\/\/www.in-magazines.com\/magazine\/wp-json\/wp\/v2\/posts"}],"about":[{"href":"https:\/\/www.in-magazines.com\/magazine\/wp-json\/wp\/v2\/types\/post"}],"author":[{"embeddable":true,"href":"https:\/\/www.in-magazines.com\/magazine\/wp-json\/wp\/v2\/users\/1"}],"replies":[{"embeddable":true,"href":"https:\/\/www.in-magazines.com\/magazine\/wp-json\/wp\/v2\/comments?post=15007"}],"version-history":[{"count":2,"href":"https:\/\/www.in-magazines.com\/magazine\/wp-json\/wp\/v2\/posts\/15007\/revisions"}],"predecessor-version":[{"id":15014,"href":"https:\/\/www.in-magazines.com\/magazine\/wp-json\/wp\/v2\/posts\/15007\/revisions\/15014"}],"wp:featuredmedia":[{"embeddable":true,"href":"https:\/\/www.in-magazines.com\/magazine\/wp-json\/wp\/v2\/media\/15311"}],"wp:attachment":[{"href":"https:\/\/www.in-magazines.com\/magazine\/wp-json\/wp\/v2\/media?parent=15007"}],"wp:term":[{"taxonomy":"category","embeddable":true,"href":"https:\/\/www.in-magazines.com\/magazine\/wp-json\/wp\/v2\/categories?post=15007"},{"taxonomy":"post_tag","embeddable":true,"href":"https:\/\/www.in-magazines.com\/magazine\/wp-json\/wp\/v2\/tags?post=15007"}],"curies":[{"name":"wp","href":"https:\/\/api.w.org\/{rel}","templated":true}]}}