

{"id":15010,"date":"2026-04-30T06:52:00","date_gmt":"2026-04-30T06:52:00","guid":{"rendered":"https:\/\/www.in-magazines.com\/magazine\/?p=15010"},"modified":"2026-04-23T11:52:20","modified_gmt":"2026-04-23T11:52:20","slug":"immobilier-des-actifs-et-des-entreprises-un-manifeste-pour-un-territoire-intelligent-et-durable","status":"publish","type":"post","link":"https:\/\/www.in-magazines.com\/magazine\/sommaire\/inmagazine-44\/immobilier-des-actifs-et-des-entreprises-un-manifeste-pour-un-territoire-intelligent-et-durable\/","title":{"rendered":"IMMOBILIER DES ACTIFS ET DES ENTREPRISES : Un manifeste pour UN TERRITOIRE INTELLIGENT ET DURABLE"},"content":{"rendered":"\n<p>La crise du logement n\u2019est pas une nouveaut\u00e9 dans le d\u00e9partement. Face \u00e0 ce constat, les professionnels de l\u2019Acte de B\u00e2tir des Alpes-Maritimes* se sont pench\u00e9 sur la question et comme ils l\u2019avaient fait en 2021, ont \u00e9labor\u00e9 le Manifeste de la fili\u00e8re Immobilier pour un territoire intelligent et durable. Plus de 70 propositions en ont d\u00e9coul\u00e9, autour de 10 enjeux majeurs pour mieux loger les actifs du d\u00e9partement.<\/p>\n\n\n\n<p>&nbsp;La probl\u00e9matique fonci\u00e8re, les d\u00e9lais administratifs longs, les recours abusifs et les contraintes r\u00e9glementaires accrues perp\u00e9tuent un d\u00e9ficit structurel de production de logements dans les Alpes-Maritimes et p\u00e9nalisent les actifs et les entreprises du territoire. Afin d\u2019instaurer un dialogue constructif avec les pouvoirs publics et collectivit\u00e9s territoriales \u00e0 la suite des municipales 2026, les professionnels posent les constats et avancent des solutions concr\u00e8tes sur le foncier, les permis, la fiscalit\u00e9, le financement innovant, la transition \u00e9nerg\u00e9tique, le logement temporaire\u2026<br>Nouveaut\u00e9 cette ann\u00e9e, dans l\u2019\u00e9dition 2026 avec une r\u00e9flexion qui a \u00e9galement \u00e9t\u00e9 men\u00e9e sur la th\u00e9matique de l\u2019immobilier d\u2019entreprise : l\u2019attractivit\u00e9 du territoire d\u00e9pend non seulement de la capacit\u00e9 \u00e0 loger les actifs mais \u00e9galement de la capacit\u00e9 \u00e0 offrir des conditions de d\u00e9veloppement aux entreprises du territoire. Voici un focus sur les dix enjeux majeurs du logement des actifs dans les Alpes-Maritimes.<\/p>\n\n\n\n<h2 class=\"wp-block-heading\">Faciliter l\u2019acc\u00e8s au foncier et agir sur les documents d\u2019urbanisme<\/h2>\n\n\n\n<p>Pour permettre le d\u00e9veloppement de projets r\u00e9pondant aux besoins locaux, il est essentiel de rendre le foncier plus accessible. Cela passe notamment par une r\u00e9vision strat\u00e9gique des documents d\u2019urbanisme, afin de lever les freins r\u00e9glementaires, mieux orienter les usages du sol et favoriser une planification plus souple et adapt\u00e9e aux enjeux du territoire<\/p>\n\n\n<a href=\"#\" class=\"_3d-flip-book  fb3d-link-lightbox-mode\" data-id=\"14950\" data-mode=\"link-lightbox\" data-title=\"false\" data-template=\"short-white-book-view\" data-lightbox=\"dark\" data-urlparam=\"fb3d-page\" data-page-n=\"0\" data-pdf=\"\" data-tax=\"null\" data-thumbnail=\"\" data-cols=\"3\" data-query=\"\"><img decoding=\"async\" src=\"http:\/\/www.in-magazines.com\/magazine\/wp-content\/uploads\/2021\/05\/btn.jpg\"><\/a>\n","protected":false},"excerpt":{"rendered":"<p>La crise du logement n&rsquo;est pas une nouveaut&eacute; dans le d&eacute;partement. Face &agrave; ce constat, les professionnels de l&rsquo;Acte de B&acirc;tir des Alpes-Maritimes* se sont pench&eacute; sur la question et comme ils l&rsquo;avaient fait en 2021, ont &eacute;labor&eacute; le Manifeste de la fili&egrave;re Immobilier pour un territoire intelligent et durable. Plus de 70 propositions en&hellip; <a class=\"more-link\" href=\"https:\/\/www.in-magazines.com\/magazine\/sommaire\/inmagazine-44\/immobilier-des-actifs-et-des-entreprises-un-manifeste-pour-un-territoire-intelligent-et-durable\/\">Poursuivre la lecture <span class=\"screen-reader-text\">IMMOBILIER DES ACTIFS ET DES ENTREPRISES : Un manifeste pour UN TERRITOIRE INTELLIGENT ET DURABLE<\/span><\/a><\/p>\n","protected":false},"author":1,"featured_media":15012,"comment_status":"open","ping_status":"open","sticky":false,"template":"","format":"standard","meta":{"footnotes":""},"categories":[2773,1694],"tags":[2782,2783,2784],"yoast_head":"<!-- This site is optimized with the Yoast SEO plugin v16.2 - https:\/\/yoast.com\/wordpress\/plugins\/seo\/ -->\n<title>IMMOBILIER DES ACTIFS ET DES ENTREPRISES : Un manifeste pour UN TERRITOIRE INTELLIGENT ET DURABLE - In Magazines<\/title>\n<meta name=\"robots\" content=\"index, follow, max-snippet:-1, max-image-preview:large, max-video-preview:-1\" \/>\n<link rel=\"canonical\" href=\"https:\/\/www.in-magazines.com\/magazine\/categories\/services-aux-entreprises-mobilite\/immobilier-des-actifs-et-des-entreprises-un-manifeste-pour-un-territoire-intelligent-et-durable\/\" \/>\n<meta property=\"og:locale\" content=\"fr_FR\" \/>\n<meta property=\"og:type\" content=\"article\" \/>\n<meta property=\"og:title\" content=\"IMMOBILIER DES ACTIFS ET DES ENTREPRISES : Un manifeste pour UN TERRITOIRE INTELLIGENT ET DURABLE - In Magazines\" \/>\n<meta property=\"og:description\" content=\"La crise du logement n&rsquo;est pas une nouveaut&eacute; dans le d&eacute;partement. Face &agrave; ce constat, les professionnels de l&rsquo;Acte de B&acirc;tir des Alpes-Maritimes* se sont pench&eacute; sur la question et comme ils l&rsquo;avaient fait en 2021, ont &eacute;labor&eacute; le Manifeste de la fili&egrave;re Immobilier pour un territoire intelligent et durable. Plus de 70 propositions en&hellip; Poursuivre la lecture IMMOBILIER DES ACTIFS ET DES ENTREPRISES : Un manifeste pour UN TERRITOIRE INTELLIGENT ET DURABLE\" \/>\n<meta property=\"og:url\" content=\"https:\/\/www.in-magazines.com\/magazine\/categories\/services-aux-entreprises-mobilite\/immobilier-des-actifs-et-des-entreprises-un-manifeste-pour-un-territoire-intelligent-et-durable\/\" \/>\n<meta property=\"og:site_name\" content=\"In Magazines\" \/>\n<meta property=\"article:published_time\" content=\"2026-04-30T06:52:00+00:00\" \/>\n<meta property=\"article:modified_time\" content=\"2026-04-23T11:52:20+00:00\" \/>\n<meta property=\"og:image\" content=\"https:\/\/www.in-magazines.com\/magazine\/wp-content\/uploads\/2026\/04\/IMMOBILIER-DES-ACTIFS-ET-DES-ENTREPRISES-Un-manifeste-pour-UN-TERRITOIRE-INTELLIGENT-ET-DURABLE.jpg\" \/>\n\t<meta property=\"og:image:width\" content=\"600\" \/>\n\t<meta property=\"og:image:height\" content=\"250\" \/>\n<meta name=\"twitter:label1\" content=\"Dur\u00e9e de lecture est.\">\n\t<meta name=\"twitter:data1\" content=\"2 minutes\">\n<script type=\"application\/ld+json\" class=\"yoast-schema-graph\">{\"@context\":\"https:\/\/schema.org\",\"@graph\":[{\"@type\":\"WebSite\",\"@id\":\"https:\/\/www.in-magazines.com\/magazine\/#website\",\"url\":\"https:\/\/www.in-magazines.com\/magazine\/\",\"name\":\"In Magazines\",\"description\":\"\",\"potentialAction\":[{\"@type\":\"SearchAction\",\"target\":\"https:\/\/www.in-magazines.com\/magazine\/?s={search_term_string}\",\"query-input\":\"required name=search_term_string\"}],\"inLanguage\":\"fr-FR\"},{\"@type\":\"ImageObject\",\"@id\":\"https:\/\/www.in-magazines.com\/magazine\/categories\/services-aux-entreprises-mobilite\/immobilier-des-actifs-et-des-entreprises-un-manifeste-pour-un-territoire-intelligent-et-durable\/#primaryimage\",\"inLanguage\":\"fr-FR\",\"url\":\"https:\/\/www.in-magazines.com\/magazine\/wp-content\/uploads\/2026\/04\/IMMOBILIER-DES-ACTIFS-ET-DES-ENTREPRISES-Un-manifeste-pour-UN-TERRITOIRE-INTELLIGENT-ET-DURABLE.jpg\",\"contentUrl\":\"https:\/\/www.in-magazines.com\/magazine\/wp-content\/uploads\/2026\/04\/IMMOBILIER-DES-ACTIFS-ET-DES-ENTREPRISES-Un-manifeste-pour-UN-TERRITOIRE-INTELLIGENT-ET-DURABLE.jpg\",\"width\":600,\"height\":250},{\"@type\":\"WebPage\",\"@id\":\"https:\/\/www.in-magazines.com\/magazine\/categories\/services-aux-entreprises-mobilite\/immobilier-des-actifs-et-des-entreprises-un-manifeste-pour-un-territoire-intelligent-et-durable\/#webpage\",\"url\":\"https:\/\/www.in-magazines.com\/magazine\/categories\/services-aux-entreprises-mobilite\/immobilier-des-actifs-et-des-entreprises-un-manifeste-pour-un-territoire-intelligent-et-durable\/\",\"name\":\"IMMOBILIER DES ACTIFS ET DES ENTREPRISES : Un manifeste pour UN TERRITOIRE INTELLIGENT ET DURABLE - In Magazines\",\"isPartOf\":{\"@id\":\"https:\/\/www.in-magazines.com\/magazine\/#website\"},\"primaryImageOfPage\":{\"@id\":\"https:\/\/www.in-magazines.com\/magazine\/categories\/services-aux-entreprises-mobilite\/immobilier-des-actifs-et-des-entreprises-un-manifeste-pour-un-territoire-intelligent-et-durable\/#primaryimage\"},\"datePublished\":\"2026-04-30T06:52:00+00:00\",\"dateModified\":\"2026-04-23T11:52:20+00:00\",\"author\":{\"@id\":\"https:\/\/www.in-magazines.com\/magazine\/#\/schema\/person\/c27e7dabb9a1ef380814bdd5636d07e3\"},\"breadcrumb\":{\"@id\":\"https:\/\/www.in-magazines.com\/magazine\/categories\/services-aux-entreprises-mobilite\/immobilier-des-actifs-et-des-entreprises-un-manifeste-pour-un-territoire-intelligent-et-durable\/#breadcrumb\"},\"inLanguage\":\"fr-FR\",\"potentialAction\":[{\"@type\":\"ReadAction\",\"target\":[\"https:\/\/www.in-magazines.com\/magazine\/categories\/services-aux-entreprises-mobilite\/immobilier-des-actifs-et-des-entreprises-un-manifeste-pour-un-territoire-intelligent-et-durable\/\"]}]},{\"@type\":\"BreadcrumbList\",\"@id\":\"https:\/\/www.in-magazines.com\/magazine\/categories\/services-aux-entreprises-mobilite\/immobilier-des-actifs-et-des-entreprises-un-manifeste-pour-un-territoire-intelligent-et-durable\/#breadcrumb\",\"itemListElement\":[{\"@type\":\"ListItem\",\"position\":1,\"item\":{\"@id\":\"https:\/\/www.in-magazines.com\/magazine\/categories\/services-aux-entreprises-mobilite\/immobilier-des-actifs-et-des-entreprises-un-manifeste-pour-un-territoire-intelligent-et-durable\/#webpage\"}}]},{\"@type\":\"Person\",\"@id\":\"https:\/\/www.in-magazines.com\/magazine\/#\/schema\/person\/c27e7dabb9a1ef380814bdd5636d07e3\",\"name\":\"backinmag\",\"image\":{\"@type\":\"ImageObject\",\"@id\":\"https:\/\/www.in-magazines.com\/magazine\/#personlogo\",\"inLanguage\":\"fr-FR\",\"url\":\"https:\/\/secure.gravatar.com\/avatar\/13a234bb19dc4fd04793d73c3472fbdb?s=96&d=mm&r=g\",\"contentUrl\":\"https:\/\/secure.gravatar.com\/avatar\/13a234bb19dc4fd04793d73c3472fbdb?s=96&d=mm&r=g\",\"caption\":\"backinmag\"},\"sameAs\":[\"http:\/\/www.in-magazines.com\/magazin\"]}]}<\/script>\n<!-- \/ Yoast SEO plugin. -->","_links":{"self":[{"href":"https:\/\/www.in-magazines.com\/magazine\/wp-json\/wp\/v2\/posts\/15010"}],"collection":[{"href":"https:\/\/www.in-magazines.com\/magazine\/wp-json\/wp\/v2\/posts"}],"about":[{"href":"https:\/\/www.in-magazines.com\/magazine\/wp-json\/wp\/v2\/types\/post"}],"author":[{"embeddable":true,"href":"https:\/\/www.in-magazines.com\/magazine\/wp-json\/wp\/v2\/users\/1"}],"replies":[{"embeddable":true,"href":"https:\/\/www.in-magazines.com\/magazine\/wp-json\/wp\/v2\/comments?post=15010"}],"version-history":[{"count":1,"href":"https:\/\/www.in-magazines.com\/magazine\/wp-json\/wp\/v2\/posts\/15010\/revisions"}],"predecessor-version":[{"id":15011,"href":"https:\/\/www.in-magazines.com\/magazine\/wp-json\/wp\/v2\/posts\/15010\/revisions\/15011"}],"wp:featuredmedia":[{"embeddable":true,"href":"https:\/\/www.in-magazines.com\/magazine\/wp-json\/wp\/v2\/media\/15012"}],"wp:attachment":[{"href":"https:\/\/www.in-magazines.com\/magazine\/wp-json\/wp\/v2\/media?parent=15010"}],"wp:term":[{"taxonomy":"category","embeddable":true,"href":"https:\/\/www.in-magazines.com\/magazine\/wp-json\/wp\/v2\/categories?post=15010"},{"taxonomy":"post_tag","embeddable":true,"href":"https:\/\/www.in-magazines.com\/magazine\/wp-json\/wp\/v2\/tags?post=15010"}],"curies":[{"name":"wp","href":"https:\/\/api.w.org\/{rel}","templated":true}]}}