

{"id":15017,"date":"2026-04-30T06:51:00","date_gmt":"2026-04-30T06:51:00","guid":{"rendered":"https:\/\/www.in-magazines.com\/magazine\/?p=15017"},"modified":"2026-04-28T07:27:06","modified_gmt":"2026-04-28T07:27:06","slug":"aeroport-nice-cote-dazur-terminal-2-etendu-18-m-de-passagers-pourront-transiter-a-nice-chaque-annee","status":"publish","type":"post","link":"https:\/\/www.in-magazines.com\/magazine\/sommaire\/inmagazine-44\/aeroport-nice-cote-dazur-terminal-2-etendu-18-m-de-passagers-pourront-transiter-a-nice-chaque-annee\/","title":{"rendered":"AEROPORT NICE COTE D\u2019AZUR TERMINAL 2 \u00c9TENDU : 18 M de passagers pourront transiter \u00e0 Nice chaque ann\u00e9e"},"content":{"rendered":"\n<p>Pour absorber avec plus de fluidit\u00e9 une augmentation significative du nombre de ses passagers, l\u2019a\u00e9roport de Nice avait lanc\u00e9 l\u2019extension de son terminal 2, dont l\u2019inauguration a eu lieu le 13 avril dernier, en pr\u00e9sence du Ministre des Transports Philippe Tabarot, de SAS Le Prince Albert II de Monaco et du nouveau maire de Nice, Eric Ciotti.<\/p>\n\n\n\n<p>L a nouvelle extension du Terminal 2 est \u00e9quip\u00e9e de 36 banques d\u2019enregistrement, de six salles d\u2019embarquement, d\u2019un espace suppl\u00e9mentaire de livraison des bagages, d\u2019un nouveau poste de police aux fronti\u00e8res et d\u2019un nouveau salon VIP pour les passagers internationaux. Cette extension de 23.000 m\u00b2 \u00e9tait r\u00e9fl\u00e9chie depuis plusieurs ann\u00e9es, pendant lesquelles les pr\u00e9visions, ind\u00e9pendantes, d\u2019\u00e9volution du trafic passagers depuis ou vers l\u2019a\u00e9roport Nice C\u00f4te d\u2019Azur indiquaient que les terminaux allaient devenir trop \u00e9troits pour accueillir les voyageurs dans les conditions de conforts et de s\u00e9curit\u00e9 requises. Ce nouvel \u00e9quipement doit permettre d\u2019accueillir dans des conditions favorables une jauge de 18 Millions de passagers annuels.<br>En effet, les terminaux 1 et 2 repr\u00e9sentaient une capacit\u00e9 d\u2019accueil de 14 millions de passagers par an. Un volume d\u00e9pass\u00e9 d\u00e8s 2019, entra\u00eenant alors une d\u00e9gradation de la qualit\u00e9 de service. Pour la direction de l\u2019a\u00e9roport, \u00ab cette capacit\u00e9 d\u2019accueil est th\u00e9orique. Sans travaux d\u2019adaptation des terminaux, il serait possible d\u2019accueillir davantage de passagers, mais alors dans des conditions de s\u00e9curit\u00e9, de confort et de fluidit\u00e9 de plus en plus d\u00e9grad\u00e9es. Par ailleurs, porte d\u2019entr\u00e9e d\u2019un territoire d\u2019exception, l\u2019a\u00e9roport se doit d\u2019\u00eatre \u00e0 l\u2019image de son territoire et d\u2019offrir aux visiteurs du monde entier la meilleure premi\u00e8re et derni\u00e8re impression de la C\u00f4te d\u2019Azur \u00bb.<\/p>\n\n\n<a href=\"#\" class=\"_3d-flip-book  fb3d-link-lightbox-mode\" data-id=\"14951\" data-mode=\"link-lightbox\" data-title=\"false\" data-template=\"short-white-book-view\" data-lightbox=\"dark\" data-urlparam=\"fb3d-page\" data-page-n=\"0\" data-pdf=\"\" data-tax=\"null\" data-thumbnail=\"\" data-cols=\"3\" data-query=\"\"><img decoding=\"async\" src=\"http:\/\/www.in-magazines.com\/magazine\/wp-content\/uploads\/2021\/05\/btn.jpg\"><\/a>\n","protected":false},"excerpt":{"rendered":"<p>Pour absorber avec plus de fluidit&eacute; une augmentation significative du nombre de ses passagers, l&rsquo;a&eacute;roport de Nice avait lanc&eacute; l&rsquo;extension de son terminal 2, dont l&rsquo;inauguration a eu lieu le 13 avril dernier, en pr&eacute;sence du Ministre des Transports Philippe Tabarot, de SAS Le Prince Albert II de Monaco et du nouveau maire de Nice,&hellip; <a class=\"more-link\" href=\"https:\/\/www.in-magazines.com\/magazine\/sommaire\/inmagazine-44\/aeroport-nice-cote-dazur-terminal-2-etendu-18-m-de-passagers-pourront-transiter-a-nice-chaque-annee\/\">Poursuivre la lecture <span class=\"screen-reader-text\">AEROPORT NICE COTE D\u2019AZUR TERMINAL 2 \u00c9TENDU : 18 M de passagers pourront transiter \u00e0 Nice chaque ann\u00e9e<\/span><\/a><\/p>\n","protected":false},"author":1,"featured_media":15312,"comment_status":"open","ping_status":"open","sticky":false,"template":"","format":"standard","meta":{"footnotes":""},"categories":[2773,1694],"tags":[2785,2786],"yoast_head":"<!-- This site is optimized with the Yoast SEO plugin v16.2 - https:\/\/yoast.com\/wordpress\/plugins\/seo\/ -->\n<title>AEROPORT NICE COTE D\u2019AZUR TERMINAL 2 \u00c9TENDU : 18 M de passagers pourront transiter \u00e0 Nice chaque ann\u00e9e - In Magazines<\/title>\n<meta name=\"robots\" content=\"index, follow, max-snippet:-1, max-image-preview:large, max-video-preview:-1\" \/>\n<link rel=\"canonical\" href=\"https:\/\/www.in-magazines.com\/magazine\/categories\/services-aux-entreprises-mobilite\/aeroport-nice-cote-dazur-terminal-2-etendu-18-m-de-passagers-pourront-transiter-a-nice-chaque-annee\/\" \/>\n<meta property=\"og:locale\" content=\"fr_FR\" \/>\n<meta property=\"og:type\" content=\"article\" \/>\n<meta property=\"og:title\" content=\"AEROPORT NICE COTE D\u2019AZUR TERMINAL 2 \u00c9TENDU : 18 M de passagers pourront transiter \u00e0 Nice chaque ann\u00e9e - In Magazines\" \/>\n<meta property=\"og:description\" content=\"Pour absorber avec plus de fluidit&eacute; une augmentation significative du nombre de ses passagers, l&rsquo;a&eacute;roport de Nice avait lanc&eacute; l&rsquo;extension de son terminal 2, dont l&rsquo;inauguration a eu lieu le 13 avril dernier, en pr&eacute;sence du Ministre des Transports Philippe Tabarot, de SAS Le Prince Albert II de Monaco et du nouveau maire de Nice,&hellip; Poursuivre la lecture AEROPORT NICE COTE D\u2019AZUR TERMINAL 2 \u00c9TENDU : 18 M de passagers pourront transiter \u00e0 Nice chaque ann\u00e9e\" \/>\n<meta property=\"og:url\" content=\"https:\/\/www.in-magazines.com\/magazine\/categories\/services-aux-entreprises-mobilite\/aeroport-nice-cote-dazur-terminal-2-etendu-18-m-de-passagers-pourront-transiter-a-nice-chaque-annee\/\" \/>\n<meta property=\"og:site_name\" content=\"In Magazines\" \/>\n<meta property=\"article:published_time\" content=\"2026-04-30T06:51:00+00:00\" \/>\n<meta property=\"article:modified_time\" content=\"2026-04-28T07:27:06+00:00\" \/>\n<meta property=\"og:image\" content=\"https:\/\/www.in-magazines.com\/magazine\/wp-content\/uploads\/2026\/04\/AEROPORT-NICE-COTE-D-AZUR-TERMINAL-2-ETENDU-18-M-de-passagers-pourront-transiter-a-Nice-chaque-annee-a.jpg\" \/>\n\t<meta property=\"og:image:width\" content=\"600\" \/>\n\t<meta property=\"og:image:height\" content=\"400\" \/>\n<meta name=\"twitter:label1\" content=\"Dur\u00e9e de lecture est.\">\n\t<meta name=\"twitter:data1\" content=\"2 minutes\">\n<script type=\"application\/ld+json\" class=\"yoast-schema-graph\">{\"@context\":\"https:\/\/schema.org\",\"@graph\":[{\"@type\":\"WebSite\",\"@id\":\"https:\/\/www.in-magazines.com\/magazine\/#website\",\"url\":\"https:\/\/www.in-magazines.com\/magazine\/\",\"name\":\"In Magazines\",\"description\":\"\",\"potentialAction\":[{\"@type\":\"SearchAction\",\"target\":\"https:\/\/www.in-magazines.com\/magazine\/?s={search_term_string}\",\"query-input\":\"required name=search_term_string\"}],\"inLanguage\":\"fr-FR\"},{\"@type\":\"ImageObject\",\"@id\":\"https:\/\/www.in-magazines.com\/magazine\/categories\/services-aux-entreprises-mobilite\/aeroport-nice-cote-dazur-terminal-2-etendu-18-m-de-passagers-pourront-transiter-a-nice-chaque-annee\/#primaryimage\",\"inLanguage\":\"fr-FR\",\"url\":\"https:\/\/www.in-magazines.com\/magazine\/wp-content\/uploads\/2026\/04\/AEROPORT-NICE-COTE-D-AZUR-TERMINAL-2-ETENDU-18-M-de-passagers-pourront-transiter-a-Nice-chaque-annee-a.jpg\",\"contentUrl\":\"https:\/\/www.in-magazines.com\/magazine\/wp-content\/uploads\/2026\/04\/AEROPORT-NICE-COTE-D-AZUR-TERMINAL-2-ETENDU-18-M-de-passagers-pourront-transiter-a-Nice-chaque-annee-a.jpg\",\"width\":600,\"height\":400},{\"@type\":\"WebPage\",\"@id\":\"https:\/\/www.in-magazines.com\/magazine\/categories\/services-aux-entreprises-mobilite\/aeroport-nice-cote-dazur-terminal-2-etendu-18-m-de-passagers-pourront-transiter-a-nice-chaque-annee\/#webpage\",\"url\":\"https:\/\/www.in-magazines.com\/magazine\/categories\/services-aux-entreprises-mobilite\/aeroport-nice-cote-dazur-terminal-2-etendu-18-m-de-passagers-pourront-transiter-a-nice-chaque-annee\/\",\"name\":\"AEROPORT NICE COTE D\\u2019AZUR TERMINAL 2 \\u00c9TENDU : 18 M de passagers pourront transiter \\u00e0 Nice chaque ann\\u00e9e - In Magazines\",\"isPartOf\":{\"@id\":\"https:\/\/www.in-magazines.com\/magazine\/#website\"},\"primaryImageOfPage\":{\"@id\":\"https:\/\/www.in-magazines.com\/magazine\/categories\/services-aux-entreprises-mobilite\/aeroport-nice-cote-dazur-terminal-2-etendu-18-m-de-passagers-pourront-transiter-a-nice-chaque-annee\/#primaryimage\"},\"datePublished\":\"2026-04-30T06:51:00+00:00\",\"dateModified\":\"2026-04-28T07:27:06+00:00\",\"author\":{\"@id\":\"https:\/\/www.in-magazines.com\/magazine\/#\/schema\/person\/c27e7dabb9a1ef380814bdd5636d07e3\"},\"breadcrumb\":{\"@id\":\"https:\/\/www.in-magazines.com\/magazine\/categories\/services-aux-entreprises-mobilite\/aeroport-nice-cote-dazur-terminal-2-etendu-18-m-de-passagers-pourront-transiter-a-nice-chaque-annee\/#breadcrumb\"},\"inLanguage\":\"fr-FR\",\"potentialAction\":[{\"@type\":\"ReadAction\",\"target\":[\"https:\/\/www.in-magazines.com\/magazine\/categories\/services-aux-entreprises-mobilite\/aeroport-nice-cote-dazur-terminal-2-etendu-18-m-de-passagers-pourront-transiter-a-nice-chaque-annee\/\"]}]},{\"@type\":\"BreadcrumbList\",\"@id\":\"https:\/\/www.in-magazines.com\/magazine\/categories\/services-aux-entreprises-mobilite\/aeroport-nice-cote-dazur-terminal-2-etendu-18-m-de-passagers-pourront-transiter-a-nice-chaque-annee\/#breadcrumb\",\"itemListElement\":[{\"@type\":\"ListItem\",\"position\":1,\"item\":{\"@id\":\"https:\/\/www.in-magazines.com\/magazine\/categories\/services-aux-entreprises-mobilite\/aeroport-nice-cote-dazur-terminal-2-etendu-18-m-de-passagers-pourront-transiter-a-nice-chaque-annee\/#webpage\"}}]},{\"@type\":\"Person\",\"@id\":\"https:\/\/www.in-magazines.com\/magazine\/#\/schema\/person\/c27e7dabb9a1ef380814bdd5636d07e3\",\"name\":\"backinmag\",\"image\":{\"@type\":\"ImageObject\",\"@id\":\"https:\/\/www.in-magazines.com\/magazine\/#personlogo\",\"inLanguage\":\"fr-FR\",\"url\":\"https:\/\/secure.gravatar.com\/avatar\/13a234bb19dc4fd04793d73c3472fbdb?s=96&d=mm&r=g\",\"contentUrl\":\"https:\/\/secure.gravatar.com\/avatar\/13a234bb19dc4fd04793d73c3472fbdb?s=96&d=mm&r=g\",\"caption\":\"backinmag\"},\"sameAs\":[\"http:\/\/www.in-magazines.com\/magazin\"]}]}<\/script>\n<!-- \/ Yoast SEO plugin. -->","_links":{"self":[{"href":"https:\/\/www.in-magazines.com\/magazine\/wp-json\/wp\/v2\/posts\/15017"}],"collection":[{"href":"https:\/\/www.in-magazines.com\/magazine\/wp-json\/wp\/v2\/posts"}],"about":[{"href":"https:\/\/www.in-magazines.com\/magazine\/wp-json\/wp\/v2\/types\/post"}],"author":[{"embeddable":true,"href":"https:\/\/www.in-magazines.com\/magazine\/wp-json\/wp\/v2\/users\/1"}],"replies":[{"embeddable":true,"href":"https:\/\/www.in-magazines.com\/magazine\/wp-json\/wp\/v2\/comments?post=15017"}],"version-history":[{"count":5,"href":"https:\/\/www.in-magazines.com\/magazine\/wp-json\/wp\/v2\/posts\/15017\/revisions"}],"predecessor-version":[{"id":15025,"href":"https:\/\/www.in-magazines.com\/magazine\/wp-json\/wp\/v2\/posts\/15017\/revisions\/15025"}],"wp:featuredmedia":[{"embeddable":true,"href":"https:\/\/www.in-magazines.com\/magazine\/wp-json\/wp\/v2\/media\/15312"}],"wp:attachment":[{"href":"https:\/\/www.in-magazines.com\/magazine\/wp-json\/wp\/v2\/media?parent=15017"}],"wp:term":[{"taxonomy":"category","embeddable":true,"href":"https:\/\/www.in-magazines.com\/magazine\/wp-json\/wp\/v2\/categories?post=15017"},{"taxonomy":"post_tag","embeddable":true,"href":"https:\/\/www.in-magazines.com\/magazine\/wp-json\/wp\/v2\/tags?post=15017"}],"curies":[{"name":"wp","href":"https:\/\/api.w.org\/{rel}","templated":true}]}}