

{"id":15035,"date":"2026-04-30T06:49:00","date_gmt":"2026-04-30T06:49:00","guid":{"rendered":"https:\/\/www.in-magazines.com\/magazine\/?p=15035"},"modified":"2026-04-24T11:07:51","modified_gmt":"2026-04-24T11:07:51","slug":"une-nouvelle-edition-qui-mise-sur-le-collectif","status":"publish","type":"post","link":"https:\/\/www.in-magazines.com\/magazine\/sommaire\/inmagazine-44\/une-nouvelle-edition-qui-mise-sur-le-collectif\/","title":{"rendered":"UNE NOUVELLE \u00c9DITION qui mise sur le collectif"},"content":{"rendered":"\n<p>Depuis 25 ans, Les Entrepreneuriales occupent une place singuli\u00e8re dans le paysage \u00e9conomique des Alpes-Maritimes. Plus qu\u2019un salon, c\u2019est un temps de travail collectif, un point de rencontre pour celles et ceux qui font l\u2019\u00e9conomie du territoire.<\/p>\n\n\n\n<p>Cette journ\u00e9e se tiendra le 4 juin prochain. Dans un environnement marqu\u00e9 par l\u2019instabilit\u00e9, les tensions sur les march\u00e9s et les incertitudes politiques, une r\u00e9alit\u00e9 s\u2019impose : aucune entreprise n\u2019avance seule durablement. Le collectif n\u2019est pas un concept, c\u2019est une n\u00e9cessit\u00e9 op\u00e9rationnelle. Il sera la th\u00e9matique de ce nouveau rendez-vous. Dans la continuit\u00e9 du format estival impuls\u00e9 en 2025, salu\u00e9 pour la qualit\u00e9 des \u00e9changes, la fluidit\u00e9 des parcours et la convivialit\u00e9, l\u2019UPE06 pr\u00e9pare sa 25e \u00e9dition. Un anniversaire symbolique, plac\u00e9 sous le signe du vivre-ensemble, de la transmission et de l\u2019engagement commun lors d\u2019un rendez-vous qui se tiendra pour la premi\u00e8re fois sous la pr\u00e9sidence de Franck Cannata.<\/p>\n\n\n\n<p><strong>Entrepreneuriales &#8211; 4 juin \u2013 9 h &#8211; 19 h &#8211; Allianz Riviera<\/strong><\/p>\n\n\n<a href=\"#\" class=\"_3d-flip-book  fb3d-link-lightbox-mode\" data-id=\"14952\" data-mode=\"link-lightbox\" data-title=\"false\" data-template=\"short-white-book-view\" data-lightbox=\"dark\" data-urlparam=\"fb3d-page\" data-page-n=\"0\" data-pdf=\"\" data-tax=\"null\" data-thumbnail=\"\" data-cols=\"3\" data-query=\"\"><img decoding=\"async\" src=\"http:\/\/www.in-magazines.com\/magazine\/wp-content\/uploads\/2021\/05\/btn.jpg\"><\/a>\n","protected":false},"excerpt":{"rendered":"<p>Depuis 25 ans, Les Entrepreneuriales occupent une place singuli&egrave;re dans le paysage &eacute;conomique des Alpes-Maritimes. Plus qu&rsquo;un salon, c&rsquo;est un temps de travail collectif, un point de rencontre pour celles et ceux qui font l&rsquo;&eacute;conomie du territoire. Cette journ&eacute;e se tiendra le 4 juin prochain. Dans un environnement marqu&eacute; par l&rsquo;instabilit&eacute;, les tensions sur les&hellip; <a class=\"more-link\" href=\"https:\/\/www.in-magazines.com\/magazine\/sommaire\/inmagazine-44\/une-nouvelle-edition-qui-mise-sur-le-collectif\/\">Poursuivre la lecture <span class=\"screen-reader-text\">UNE NOUVELLE \u00c9DITION qui mise sur le collectif<\/span><\/a><\/p>\n","protected":false},"author":1,"featured_media":15088,"comment_status":"open","ping_status":"open","sticky":false,"template":"","format":"standard","meta":{"footnotes":""},"categories":[2773,1694],"tags":[279,794,2790],"yoast_head":"<!-- This site is optimized with the Yoast SEO plugin v16.2 - https:\/\/yoast.com\/wordpress\/plugins\/seo\/ -->\n<title>UNE NOUVELLE \u00c9DITION qui mise sur le collectif - In Magazines<\/title>\n<meta name=\"robots\" content=\"index, follow, max-snippet:-1, max-image-preview:large, max-video-preview:-1\" \/>\n<link rel=\"canonical\" href=\"https:\/\/www.in-magazines.com\/magazine\/categories\/services-aux-entreprises-mobilite\/une-nouvelle-edition-qui-mise-sur-le-collectif\/\" \/>\n<meta property=\"og:locale\" content=\"fr_FR\" \/>\n<meta property=\"og:type\" content=\"article\" \/>\n<meta property=\"og:title\" content=\"UNE NOUVELLE \u00c9DITION qui mise sur le collectif - In Magazines\" \/>\n<meta property=\"og:description\" content=\"Depuis 25 ans, Les Entrepreneuriales occupent une place singuli&egrave;re dans le paysage &eacute;conomique des Alpes-Maritimes. Plus qu&rsquo;un salon, c&rsquo;est un temps de travail collectif, un point de rencontre pour celles et ceux qui font l&rsquo;&eacute;conomie du territoire. Cette journ&eacute;e se tiendra le 4 juin prochain. Dans un environnement marqu&eacute; par l&rsquo;instabilit&eacute;, les tensions sur les&hellip; Poursuivre la lecture UNE NOUVELLE \u00c9DITION qui mise sur le collectif\" \/>\n<meta property=\"og:url\" content=\"https:\/\/www.in-magazines.com\/magazine\/categories\/services-aux-entreprises-mobilite\/une-nouvelle-edition-qui-mise-sur-le-collectif\/\" \/>\n<meta property=\"og:site_name\" content=\"In Magazines\" \/>\n<meta property=\"article:published_time\" content=\"2026-04-30T06:49:00+00:00\" \/>\n<meta property=\"article:modified_time\" content=\"2026-04-24T11:07:51+00:00\" \/>\n<meta property=\"og:image\" content=\"https:\/\/www.in-magazines.com\/magazine\/wp-content\/uploads\/2026\/04\/UNE-NOUVELLE-EDITION-qui-mise-sur-le-collectif.jpg\" \/>\n\t<meta property=\"og:image:width\" content=\"600\" \/>\n\t<meta property=\"og:image:height\" content=\"300\" \/>\n<meta name=\"twitter:label1\" content=\"Dur\u00e9e de lecture est.\">\n\t<meta name=\"twitter:data1\" content=\"1 minute\">\n<script type=\"application\/ld+json\" class=\"yoast-schema-graph\">{\"@context\":\"https:\/\/schema.org\",\"@graph\":[{\"@type\":\"WebSite\",\"@id\":\"https:\/\/www.in-magazines.com\/magazine\/#website\",\"url\":\"https:\/\/www.in-magazines.com\/magazine\/\",\"name\":\"In Magazines\",\"description\":\"\",\"potentialAction\":[{\"@type\":\"SearchAction\",\"target\":\"https:\/\/www.in-magazines.com\/magazine\/?s={search_term_string}\",\"query-input\":\"required name=search_term_string\"}],\"inLanguage\":\"fr-FR\"},{\"@type\":\"ImageObject\",\"@id\":\"https:\/\/www.in-magazines.com\/magazine\/categories\/services-aux-entreprises-mobilite\/une-nouvelle-edition-qui-mise-sur-le-collectif\/#primaryimage\",\"inLanguage\":\"fr-FR\",\"url\":\"https:\/\/www.in-magazines.com\/magazine\/wp-content\/uploads\/2026\/04\/UNE-NOUVELLE-EDITION-qui-mise-sur-le-collectif.jpg\",\"contentUrl\":\"https:\/\/www.in-magazines.com\/magazine\/wp-content\/uploads\/2026\/04\/UNE-NOUVELLE-EDITION-qui-mise-sur-le-collectif.jpg\",\"width\":600,\"height\":300},{\"@type\":\"WebPage\",\"@id\":\"https:\/\/www.in-magazines.com\/magazine\/categories\/services-aux-entreprises-mobilite\/une-nouvelle-edition-qui-mise-sur-le-collectif\/#webpage\",\"url\":\"https:\/\/www.in-magazines.com\/magazine\/categories\/services-aux-entreprises-mobilite\/une-nouvelle-edition-qui-mise-sur-le-collectif\/\",\"name\":\"UNE NOUVELLE \\u00c9DITION qui mise sur le collectif - In Magazines\",\"isPartOf\":{\"@id\":\"https:\/\/www.in-magazines.com\/magazine\/#website\"},\"primaryImageOfPage\":{\"@id\":\"https:\/\/www.in-magazines.com\/magazine\/categories\/services-aux-entreprises-mobilite\/une-nouvelle-edition-qui-mise-sur-le-collectif\/#primaryimage\"},\"datePublished\":\"2026-04-30T06:49:00+00:00\",\"dateModified\":\"2026-04-24T11:07:51+00:00\",\"author\":{\"@id\":\"https:\/\/www.in-magazines.com\/magazine\/#\/schema\/person\/c27e7dabb9a1ef380814bdd5636d07e3\"},\"breadcrumb\":{\"@id\":\"https:\/\/www.in-magazines.com\/magazine\/categories\/services-aux-entreprises-mobilite\/une-nouvelle-edition-qui-mise-sur-le-collectif\/#breadcrumb\"},\"inLanguage\":\"fr-FR\",\"potentialAction\":[{\"@type\":\"ReadAction\",\"target\":[\"https:\/\/www.in-magazines.com\/magazine\/categories\/services-aux-entreprises-mobilite\/une-nouvelle-edition-qui-mise-sur-le-collectif\/\"]}]},{\"@type\":\"BreadcrumbList\",\"@id\":\"https:\/\/www.in-magazines.com\/magazine\/categories\/services-aux-entreprises-mobilite\/une-nouvelle-edition-qui-mise-sur-le-collectif\/#breadcrumb\",\"itemListElement\":[{\"@type\":\"ListItem\",\"position\":1,\"item\":{\"@id\":\"https:\/\/www.in-magazines.com\/magazine\/categories\/services-aux-entreprises-mobilite\/une-nouvelle-edition-qui-mise-sur-le-collectif\/#webpage\"}}]},{\"@type\":\"Person\",\"@id\":\"https:\/\/www.in-magazines.com\/magazine\/#\/schema\/person\/c27e7dabb9a1ef380814bdd5636d07e3\",\"name\":\"backinmag\",\"image\":{\"@type\":\"ImageObject\",\"@id\":\"https:\/\/www.in-magazines.com\/magazine\/#personlogo\",\"inLanguage\":\"fr-FR\",\"url\":\"https:\/\/secure.gravatar.com\/avatar\/13a234bb19dc4fd04793d73c3472fbdb?s=96&d=mm&r=g\",\"contentUrl\":\"https:\/\/secure.gravatar.com\/avatar\/13a234bb19dc4fd04793d73c3472fbdb?s=96&d=mm&r=g\",\"caption\":\"backinmag\"},\"sameAs\":[\"http:\/\/www.in-magazines.com\/magazin\"]}]}<\/script>\n<!-- \/ Yoast SEO plugin. -->","_links":{"self":[{"href":"https:\/\/www.in-magazines.com\/magazine\/wp-json\/wp\/v2\/posts\/15035"}],"collection":[{"href":"https:\/\/www.in-magazines.com\/magazine\/wp-json\/wp\/v2\/posts"}],"about":[{"href":"https:\/\/www.in-magazines.com\/magazine\/wp-json\/wp\/v2\/types\/post"}],"author":[{"embeddable":true,"href":"https:\/\/www.in-magazines.com\/magazine\/wp-json\/wp\/v2\/users\/1"}],"replies":[{"embeddable":true,"href":"https:\/\/www.in-magazines.com\/magazine\/wp-json\/wp\/v2\/comments?post=15035"}],"version-history":[{"count":3,"href":"https:\/\/www.in-magazines.com\/magazine\/wp-json\/wp\/v2\/posts\/15035\/revisions"}],"predecessor-version":[{"id":15038,"href":"https:\/\/www.in-magazines.com\/magazine\/wp-json\/wp\/v2\/posts\/15035\/revisions\/15038"}],"wp:featuredmedia":[{"embeddable":true,"href":"https:\/\/www.in-magazines.com\/magazine\/wp-json\/wp\/v2\/media\/15088"}],"wp:attachment":[{"href":"https:\/\/www.in-magazines.com\/magazine\/wp-json\/wp\/v2\/media?parent=15035"}],"wp:term":[{"taxonomy":"category","embeddable":true,"href":"https:\/\/www.in-magazines.com\/magazine\/wp-json\/wp\/v2\/categories?post=15035"},{"taxonomy":"post_tag","embeddable":true,"href":"https:\/\/www.in-magazines.com\/magazine\/wp-json\/wp\/v2\/tags?post=15035"}],"curies":[{"name":"wp","href":"https:\/\/api.w.org\/{rel}","templated":true}]}}