

{"id":15039,"date":"2026-04-30T06:48:00","date_gmt":"2026-04-30T06:48:00","guid":{"rendered":"https:\/\/www.in-magazines.com\/magazine\/?p=15039"},"modified":"2026-04-28T07:34:25","modified_gmt":"2026-04-28T07:34:25","slug":"fif-bientot-le-clap-de-fin-pour-le-recrutement","status":"publish","type":"post","link":"https:\/\/www.in-magazines.com\/magazine\/sommaire\/inmagazine-44\/fif-bientot-le-clap-de-fin-pour-le-recrutement\/","title":{"rendered":"FIF : bient\u00f4t le clap de fin pour le recrutement"},"content":{"rendered":"\n<p>Randstad recrute des collaborateurs et collaboratrices pour le Festival de Cannes depuis 2010. Les contrats propos\u00e9s sont des CDD d\u2019une dur\u00e9e de 15 jours \u00e0 1 mois, en fonction du type de mission r\u00e9alis\u00e9e.<\/p>\n\n\n\n<p>Au c\u0153ur de l&rsquo;effervescence, une agence Randstad prend ses quartiers dans l&rsquo;enceinte du Palais pour toute la dur\u00e9e de la manifestation. Quatre collaborateurs y sont mobilis\u00e9s 7 jours sur 7. Leur mission est d&rsquo;assurer l&rsquo;accueil et la coordination des h\u00f4tes et h\u00f4tesses, ainsi que le suivi de toutes les \u00e9quipes pendant l&rsquo;\u00e9v\u00e9nement. Pour d\u00e9poser sa candidature, aucun dipl\u00f4me sp\u00e9cifique ni exp\u00e9rience pr\u00e9alable n&rsquo;est exig\u00e9. Cependant, une excellente ma\u00eetrise des langues \u00e9trang\u00e8res, en particulier de l&rsquo;anglais, est indispensable. La s\u00e9lection se concentre avant tout sur les qualit\u00e9s humaines et relationnelles des candidats, les fameuses \u00ab\u00a0soft skills\u00a0\u00bb. Un sens de l&rsquo;accueil irr\u00e9prochable, une grande aisance \u00e0 l&rsquo;oral et de solides capacit\u00e9s d&rsquo;adaptation sont des atouts majeurs pour rejoindre les \u00e9quipes. <br>Toutes les nouvelles recrues b\u00e9n\u00e9ficient d\u2019une formation et d\u2019un accompagnement sur le terrain, aux c\u00f4t\u00e9s d\u2019h\u00f4tes et h\u00f4tesses plus exp\u00e9riment\u00e9s, afin de faciliter leur int\u00e9gration et leur garantir une exp\u00e9rience professionnelle enrichissante.<\/p>\n\n\n\n<p>Postuler : <a href=\"http:\/\/www.randstad.fr\/festival-de-cannes\/\">www.randstad.fr\/festival-de-cannes\/<\/a><\/p>\n\n\n<a href=\"#\" class=\"_3d-flip-book  fb3d-link-lightbox-mode\" data-id=\"14952\" data-mode=\"link-lightbox\" data-title=\"false\" data-template=\"short-white-book-view\" data-lightbox=\"dark\" data-urlparam=\"fb3d-page\" data-page-n=\"0\" data-pdf=\"\" data-tax=\"null\" data-thumbnail=\"\" data-cols=\"3\" data-query=\"\"><img decoding=\"async\" src=\"http:\/\/www.in-magazines.com\/magazine\/wp-content\/uploads\/2021\/05\/btn.jpg\"><\/a>\n","protected":false},"excerpt":{"rendered":"<p>Randstad recrute des collaborateurs et collaboratrices pour le Festival de Cannes depuis 2010. Les contrats propos&eacute;s sont des CDD d&rsquo;une dur&eacute;e de 15 jours &agrave; 1 mois, en fonction du type de mission r&eacute;alis&eacute;e. Au c&oelig;ur de l&rsquo;effervescence, une agence Randstad prend ses quartiers dans l&rsquo;enceinte du Palais pour toute la dur&eacute;e de la manifestation.&hellip; <a class=\"more-link\" href=\"https:\/\/www.in-magazines.com\/magazine\/sommaire\/inmagazine-44\/fif-bientot-le-clap-de-fin-pour-le-recrutement\/\">Poursuivre la lecture <span class=\"screen-reader-text\">FIF : bient\u00f4t le clap de fin pour le recrutement<\/span><\/a><\/p>\n","protected":false},"author":1,"featured_media":15313,"comment_status":"open","ping_status":"open","sticky":false,"template":"","format":"standard","meta":{"footnotes":""},"categories":[2773,1694],"tags":[1133,2792,2793],"yoast_head":"<!-- This site is optimized with the Yoast SEO plugin v16.2 - https:\/\/yoast.com\/wordpress\/plugins\/seo\/ -->\n<title>FIF : bient\u00f4t le clap de fin pour le recrutement - In Magazines<\/title>\n<meta name=\"robots\" content=\"index, follow, max-snippet:-1, max-image-preview:large, max-video-preview:-1\" \/>\n<link rel=\"canonical\" href=\"https:\/\/www.in-magazines.com\/magazine\/categories\/services-aux-entreprises-mobilite\/fif-bientot-le-clap-de-fin-pour-le-recrutement\/\" \/>\n<meta property=\"og:locale\" content=\"fr_FR\" \/>\n<meta property=\"og:type\" content=\"article\" \/>\n<meta property=\"og:title\" content=\"FIF : bient\u00f4t le clap de fin pour le recrutement - In Magazines\" \/>\n<meta property=\"og:description\" content=\"Randstad recrute des collaborateurs et collaboratrices pour le Festival de Cannes depuis 2010. Les contrats propos&eacute;s sont des CDD d&rsquo;une dur&eacute;e de 15 jours &agrave; 1 mois, en fonction du type de mission r&eacute;alis&eacute;e. Au c&oelig;ur de l&rsquo;effervescence, une agence Randstad prend ses quartiers dans l&rsquo;enceinte du Palais pour toute la dur&eacute;e de la manifestation.&hellip; Poursuivre la lecture FIF : bient\u00f4t le clap de fin pour le recrutement\" \/>\n<meta property=\"og:url\" content=\"https:\/\/www.in-magazines.com\/magazine\/categories\/services-aux-entreprises-mobilite\/fif-bientot-le-clap-de-fin-pour-le-recrutement\/\" \/>\n<meta property=\"og:site_name\" content=\"In Magazines\" \/>\n<meta property=\"article:published_time\" content=\"2026-04-30T06:48:00+00:00\" \/>\n<meta property=\"article:modified_time\" content=\"2026-04-28T07:34:25+00:00\" \/>\n<meta property=\"og:image\" content=\"https:\/\/www.in-magazines.com\/magazine\/wp-content\/uploads\/2026\/04\/FIF-bientot-le-clap-de-fin-pour-le-recrutement-a.jpg\" \/>\n\t<meta property=\"og:image:width\" content=\"600\" \/>\n\t<meta property=\"og:image:height\" content=\"750\" \/>\n<meta name=\"twitter:label1\" content=\"Dur\u00e9e de lecture est.\">\n\t<meta name=\"twitter:data1\" content=\"2 minutes\">\n<script type=\"application\/ld+json\" class=\"yoast-schema-graph\">{\"@context\":\"https:\/\/schema.org\",\"@graph\":[{\"@type\":\"WebSite\",\"@id\":\"https:\/\/www.in-magazines.com\/magazine\/#website\",\"url\":\"https:\/\/www.in-magazines.com\/magazine\/\",\"name\":\"In Magazines\",\"description\":\"\",\"potentialAction\":[{\"@type\":\"SearchAction\",\"target\":\"https:\/\/www.in-magazines.com\/magazine\/?s={search_term_string}\",\"query-input\":\"required name=search_term_string\"}],\"inLanguage\":\"fr-FR\"},{\"@type\":\"ImageObject\",\"@id\":\"https:\/\/www.in-magazines.com\/magazine\/categories\/services-aux-entreprises-mobilite\/fif-bientot-le-clap-de-fin-pour-le-recrutement\/#primaryimage\",\"inLanguage\":\"fr-FR\",\"url\":\"https:\/\/www.in-magazines.com\/magazine\/wp-content\/uploads\/2026\/04\/FIF-bientot-le-clap-de-fin-pour-le-recrutement-a.jpg\",\"contentUrl\":\"https:\/\/www.in-magazines.com\/magazine\/wp-content\/uploads\/2026\/04\/FIF-bientot-le-clap-de-fin-pour-le-recrutement-a.jpg\",\"width\":600,\"height\":750},{\"@type\":\"WebPage\",\"@id\":\"https:\/\/www.in-magazines.com\/magazine\/categories\/services-aux-entreprises-mobilite\/fif-bientot-le-clap-de-fin-pour-le-recrutement\/#webpage\",\"url\":\"https:\/\/www.in-magazines.com\/magazine\/categories\/services-aux-entreprises-mobilite\/fif-bientot-le-clap-de-fin-pour-le-recrutement\/\",\"name\":\"FIF : bient\\u00f4t le clap de fin pour le recrutement - In Magazines\",\"isPartOf\":{\"@id\":\"https:\/\/www.in-magazines.com\/magazine\/#website\"},\"primaryImageOfPage\":{\"@id\":\"https:\/\/www.in-magazines.com\/magazine\/categories\/services-aux-entreprises-mobilite\/fif-bientot-le-clap-de-fin-pour-le-recrutement\/#primaryimage\"},\"datePublished\":\"2026-04-30T06:48:00+00:00\",\"dateModified\":\"2026-04-28T07:34:25+00:00\",\"author\":{\"@id\":\"https:\/\/www.in-magazines.com\/magazine\/#\/schema\/person\/c27e7dabb9a1ef380814bdd5636d07e3\"},\"breadcrumb\":{\"@id\":\"https:\/\/www.in-magazines.com\/magazine\/categories\/services-aux-entreprises-mobilite\/fif-bientot-le-clap-de-fin-pour-le-recrutement\/#breadcrumb\"},\"inLanguage\":\"fr-FR\",\"potentialAction\":[{\"@type\":\"ReadAction\",\"target\":[\"https:\/\/www.in-magazines.com\/magazine\/categories\/services-aux-entreprises-mobilite\/fif-bientot-le-clap-de-fin-pour-le-recrutement\/\"]}]},{\"@type\":\"BreadcrumbList\",\"@id\":\"https:\/\/www.in-magazines.com\/magazine\/categories\/services-aux-entreprises-mobilite\/fif-bientot-le-clap-de-fin-pour-le-recrutement\/#breadcrumb\",\"itemListElement\":[{\"@type\":\"ListItem\",\"position\":1,\"item\":{\"@id\":\"https:\/\/www.in-magazines.com\/magazine\/categories\/services-aux-entreprises-mobilite\/fif-bientot-le-clap-de-fin-pour-le-recrutement\/#webpage\"}}]},{\"@type\":\"Person\",\"@id\":\"https:\/\/www.in-magazines.com\/magazine\/#\/schema\/person\/c27e7dabb9a1ef380814bdd5636d07e3\",\"name\":\"backinmag\",\"image\":{\"@type\":\"ImageObject\",\"@id\":\"https:\/\/www.in-magazines.com\/magazine\/#personlogo\",\"inLanguage\":\"fr-FR\",\"url\":\"https:\/\/secure.gravatar.com\/avatar\/13a234bb19dc4fd04793d73c3472fbdb?s=96&d=mm&r=g\",\"contentUrl\":\"https:\/\/secure.gravatar.com\/avatar\/13a234bb19dc4fd04793d73c3472fbdb?s=96&d=mm&r=g\",\"caption\":\"backinmag\"},\"sameAs\":[\"http:\/\/www.in-magazines.com\/magazin\"]}]}<\/script>\n<!-- \/ Yoast SEO plugin. -->","_links":{"self":[{"href":"https:\/\/www.in-magazines.com\/magazine\/wp-json\/wp\/v2\/posts\/15039"}],"collection":[{"href":"https:\/\/www.in-magazines.com\/magazine\/wp-json\/wp\/v2\/posts"}],"about":[{"href":"https:\/\/www.in-magazines.com\/magazine\/wp-json\/wp\/v2\/types\/post"}],"author":[{"embeddable":true,"href":"https:\/\/www.in-magazines.com\/magazine\/wp-json\/wp\/v2\/users\/1"}],"replies":[{"embeddable":true,"href":"https:\/\/www.in-magazines.com\/magazine\/wp-json\/wp\/v2\/comments?post=15039"}],"version-history":[{"count":5,"href":"https:\/\/www.in-magazines.com\/magazine\/wp-json\/wp\/v2\/posts\/15039\/revisions"}],"predecessor-version":[{"id":15046,"href":"https:\/\/www.in-magazines.com\/magazine\/wp-json\/wp\/v2\/posts\/15039\/revisions\/15046"}],"wp:featuredmedia":[{"embeddable":true,"href":"https:\/\/www.in-magazines.com\/magazine\/wp-json\/wp\/v2\/media\/15313"}],"wp:attachment":[{"href":"https:\/\/www.in-magazines.com\/magazine\/wp-json\/wp\/v2\/media?parent=15039"}],"wp:term":[{"taxonomy":"category","embeddable":true,"href":"https:\/\/www.in-magazines.com\/magazine\/wp-json\/wp\/v2\/categories?post=15039"},{"taxonomy":"post_tag","embeddable":true,"href":"https:\/\/www.in-magazines.com\/magazine\/wp-json\/wp\/v2\/tags?post=15039"}],"curies":[{"name":"wp","href":"https:\/\/api.w.org\/{rel}","templated":true}]}}