

{"id":15049,"date":"2026-04-30T06:47:00","date_gmt":"2026-04-30T06:47:00","guid":{"rendered":"https:\/\/www.in-magazines.com\/magazine\/?p=15049"},"modified":"2026-04-28T07:37:51","modified_gmt":"2026-04-28T07:37:51","slug":"it-telecom-valley-vers-toujours-plus-douverture-locale-et-internationale","status":"publish","type":"post","link":"https:\/\/www.in-magazines.com\/magazine\/sommaire\/inmagazine-44\/it-telecom-valley-vers-toujours-plus-douverture-locale-et-internationale\/","title":{"rendered":"IT \u2013 TELECOM VALLEY : Vers toujours plus d\u2019ouverture, LOCALE ET INTERNATIONALE"},"content":{"rendered":"\n<p>Telecom Valley, l\u2019association pilier de l\u2019\u00e9cosyst\u00e8me num\u00e9rique azur\u00e9en, a tenu son Assembl\u00e9e G\u00e9n\u00e9rale annuelle. Un rendez-vous marqu\u00e9 par une symbolique forte avec une premi\u00e8re r\u00e9union des membres au sein du P\u00f4le Alpha, nouveau si\u00e8ge de l\u2019association ainsi qu\u2019une premi\u00e8re prise de parole officielle du nouveau bin\u00f4me de co-pr\u00e9sidence form\u00e9 par Teresa Colombi et Thierry Benmussa.<\/p>\n\n\n\n<p>L\u2019emm\u00e9nagement en f\u00e9vrier dernier au P\u00f4le Alpha, au c\u0153ur de Sophia Antipolis, marque un tournant pour Telecom Valley. Ce nouveau site, vitrine de l\u2019innovation de la technopole, incarne la volont\u00e9 de l&rsquo;association de se r\u00e9inventer tout en restant le point de ralliement des acteurs de la tech. En amont de la session ordinaire, une Assembl\u00e9e G\u00e9n\u00e9rale Extraordinaire a permis de valider la refonte des statuts de l\u2019association. Cette mise \u00e0 jour vise \u00e0 fluidifier la gouvernance et \u00e0 ouvrir davantage l\u2019association vers son \u00e9cosyst\u00e8me ext\u00e9rieur, garantissant une agilit\u00e9 n\u00e9cessaire face aux mutations rapides du secteur.<br>Bilan 2025 : une ann\u00e9e de consolidation et d\u2019impact L\u2019Assembl\u00e9e G\u00e9n\u00e9rale a \u00e9t\u00e9 l\u2019occasion de revenir sur le bilan des actions 2025, et de rendre hommage \u00e0 celles et ceux qui les ont men\u00e9es \u00e0 bien. Une ann\u00e9e riche, marqu\u00e9e par le succ\u00e8s des \u00e9v\u00e9nements phares (Azur Tech Summer, Azur Tech Winter, Nuits des Acteurs Azur\u00e9ens du num\u00e9rique, l\u2019Agile Tour, les petits d\u00e9jeuners adh\u00e9rents mensuels) qui continuent de f\u00e9d\u00e9rer grands comptes, PME, acad\u00e9miques et startups ; les grands projets comme le Challenge Jeunes Pousses et SoFAB, au service du d\u00e9veloppement \u00e9conomique local, et la douzaine de communaut\u00e9s th\u00e9matique, qui reste le c\u0153ur de l\u2019attractivit\u00e9 de Telecom Valley. Ce bilan solide a servi de tremplin pour pr\u00e9senter la vision 2026-2027.<\/p>\n\n\n<a href=\"#\" class=\"_3d-flip-book  fb3d-link-lightbox-mode\" data-id=\"14953\" data-mode=\"link-lightbox\" data-title=\"false\" data-template=\"short-white-book-view\" data-lightbox=\"dark\" data-urlparam=\"fb3d-page\" data-page-n=\"0\" data-pdf=\"\" data-tax=\"null\" data-thumbnail=\"\" data-cols=\"3\" data-query=\"\"><img decoding=\"async\" src=\"http:\/\/www.in-magazines.com\/magazine\/wp-content\/uploads\/2021\/05\/btn.jpg\"><\/a>\n","protected":false},"excerpt":{"rendered":"<p>Telecom Valley, l&rsquo;association pilier de l&rsquo;&eacute;cosyst&egrave;me num&eacute;rique azur&eacute;en, a tenu son Assembl&eacute;e G&eacute;n&eacute;rale annuelle. Un rendez-vous marqu&eacute; par une symbolique forte avec une premi&egrave;re r&eacute;union des membres au sein du P&ocirc;le Alpha, nouveau si&egrave;ge de l&rsquo;association ainsi qu&rsquo;une premi&egrave;re prise de parole officielle du nouveau bin&ocirc;me de co-pr&eacute;sidence form&eacute; par Teresa Colombi et Thierry Benmussa.&hellip; <a class=\"more-link\" href=\"https:\/\/www.in-magazines.com\/magazine\/sommaire\/inmagazine-44\/it-telecom-valley-vers-toujours-plus-douverture-locale-et-internationale\/\">Poursuivre la lecture <span class=\"screen-reader-text\">IT \u2013 TELECOM VALLEY : Vers toujours plus d\u2019ouverture, LOCALE ET INTERNATIONALE<\/span><\/a><\/p>\n","protected":false},"author":1,"featured_media":15314,"comment_status":"open","ping_status":"open","sticky":false,"template":"","format":"standard","meta":{"footnotes":""},"categories":[2773,1694],"tags":[645,2794,2795],"yoast_head":"<!-- This site is optimized with the Yoast SEO plugin v16.2 - https:\/\/yoast.com\/wordpress\/plugins\/seo\/ -->\n<title>IT \u2013 TELECOM VALLEY : Vers toujours plus d\u2019ouverture, LOCALE ET INTERNATIONALE - In Magazines<\/title>\n<meta name=\"robots\" content=\"index, follow, max-snippet:-1, max-image-preview:large, max-video-preview:-1\" \/>\n<link rel=\"canonical\" href=\"https:\/\/www.in-magazines.com\/magazine\/categories\/services-aux-entreprises-mobilite\/it-telecom-valley-vers-toujours-plus-douverture-locale-et-internationale\/\" \/>\n<meta property=\"og:locale\" content=\"fr_FR\" \/>\n<meta property=\"og:type\" content=\"article\" \/>\n<meta property=\"og:title\" content=\"IT \u2013 TELECOM VALLEY : Vers toujours plus d\u2019ouverture, LOCALE ET INTERNATIONALE - In Magazines\" \/>\n<meta property=\"og:description\" content=\"Telecom Valley, l&rsquo;association pilier de l&rsquo;&eacute;cosyst&egrave;me num&eacute;rique azur&eacute;en, a tenu son Assembl&eacute;e G&eacute;n&eacute;rale annuelle. Un rendez-vous marqu&eacute; par une symbolique forte avec une premi&egrave;re r&eacute;union des membres au sein du P&ocirc;le Alpha, nouveau si&egrave;ge de l&rsquo;association ainsi qu&rsquo;une premi&egrave;re prise de parole officielle du nouveau bin&ocirc;me de co-pr&eacute;sidence form&eacute; par Teresa Colombi et Thierry Benmussa.&hellip; Poursuivre la lecture IT \u2013 TELECOM VALLEY : Vers toujours plus d\u2019ouverture, LOCALE ET INTERNATIONALE\" \/>\n<meta property=\"og:url\" content=\"https:\/\/www.in-magazines.com\/magazine\/categories\/services-aux-entreprises-mobilite\/it-telecom-valley-vers-toujours-plus-douverture-locale-et-internationale\/\" \/>\n<meta property=\"og:site_name\" content=\"In Magazines\" \/>\n<meta property=\"article:published_time\" content=\"2026-04-30T06:47:00+00:00\" \/>\n<meta property=\"article:modified_time\" content=\"2026-04-28T07:37:51+00:00\" \/>\n<meta property=\"og:image\" content=\"https:\/\/www.in-magazines.com\/magazine\/wp-content\/uploads\/2026\/04\/IT-TELECOM-VALLEY-Vers-toujours-plus-d-ouverture-LOCALE-ET-INTERNATIONALE-a.jpg\" \/>\n\t<meta property=\"og:image:width\" content=\"600\" \/>\n\t<meta property=\"og:image:height\" content=\"300\" \/>\n<meta name=\"twitter:label1\" content=\"Dur\u00e9e de lecture est.\">\n\t<meta name=\"twitter:data1\" content=\"2 minutes\">\n<script type=\"application\/ld+json\" class=\"yoast-schema-graph\">{\"@context\":\"https:\/\/schema.org\",\"@graph\":[{\"@type\":\"WebSite\",\"@id\":\"https:\/\/www.in-magazines.com\/magazine\/#website\",\"url\":\"https:\/\/www.in-magazines.com\/magazine\/\",\"name\":\"In Magazines\",\"description\":\"\",\"potentialAction\":[{\"@type\":\"SearchAction\",\"target\":\"https:\/\/www.in-magazines.com\/magazine\/?s={search_term_string}\",\"query-input\":\"required name=search_term_string\"}],\"inLanguage\":\"fr-FR\"},{\"@type\":\"ImageObject\",\"@id\":\"https:\/\/www.in-magazines.com\/magazine\/categories\/services-aux-entreprises-mobilite\/it-telecom-valley-vers-toujours-plus-douverture-locale-et-internationale\/#primaryimage\",\"inLanguage\":\"fr-FR\",\"url\":\"https:\/\/www.in-magazines.com\/magazine\/wp-content\/uploads\/2026\/04\/IT-TELECOM-VALLEY-Vers-toujours-plus-d-ouverture-LOCALE-ET-INTERNATIONALE-a.jpg\",\"contentUrl\":\"https:\/\/www.in-magazines.com\/magazine\/wp-content\/uploads\/2026\/04\/IT-TELECOM-VALLEY-Vers-toujours-plus-d-ouverture-LOCALE-ET-INTERNATIONALE-a.jpg\",\"width\":600,\"height\":300},{\"@type\":\"WebPage\",\"@id\":\"https:\/\/www.in-magazines.com\/magazine\/categories\/services-aux-entreprises-mobilite\/it-telecom-valley-vers-toujours-plus-douverture-locale-et-internationale\/#webpage\",\"url\":\"https:\/\/www.in-magazines.com\/magazine\/categories\/services-aux-entreprises-mobilite\/it-telecom-valley-vers-toujours-plus-douverture-locale-et-internationale\/\",\"name\":\"IT \\u2013 TELECOM VALLEY : Vers toujours plus d\\u2019ouverture, LOCALE ET INTERNATIONALE - In Magazines\",\"isPartOf\":{\"@id\":\"https:\/\/www.in-magazines.com\/magazine\/#website\"},\"primaryImageOfPage\":{\"@id\":\"https:\/\/www.in-magazines.com\/magazine\/categories\/services-aux-entreprises-mobilite\/it-telecom-valley-vers-toujours-plus-douverture-locale-et-internationale\/#primaryimage\"},\"datePublished\":\"2026-04-30T06:47:00+00:00\",\"dateModified\":\"2026-04-28T07:37:51+00:00\",\"author\":{\"@id\":\"https:\/\/www.in-magazines.com\/magazine\/#\/schema\/person\/c27e7dabb9a1ef380814bdd5636d07e3\"},\"breadcrumb\":{\"@id\":\"https:\/\/www.in-magazines.com\/magazine\/categories\/services-aux-entreprises-mobilite\/it-telecom-valley-vers-toujours-plus-douverture-locale-et-internationale\/#breadcrumb\"},\"inLanguage\":\"fr-FR\",\"potentialAction\":[{\"@type\":\"ReadAction\",\"target\":[\"https:\/\/www.in-magazines.com\/magazine\/categories\/services-aux-entreprises-mobilite\/it-telecom-valley-vers-toujours-plus-douverture-locale-et-internationale\/\"]}]},{\"@type\":\"BreadcrumbList\",\"@id\":\"https:\/\/www.in-magazines.com\/magazine\/categories\/services-aux-entreprises-mobilite\/it-telecom-valley-vers-toujours-plus-douverture-locale-et-internationale\/#breadcrumb\",\"itemListElement\":[{\"@type\":\"ListItem\",\"position\":1,\"item\":{\"@id\":\"https:\/\/www.in-magazines.com\/magazine\/categories\/services-aux-entreprises-mobilite\/it-telecom-valley-vers-toujours-plus-douverture-locale-et-internationale\/#webpage\"}}]},{\"@type\":\"Person\",\"@id\":\"https:\/\/www.in-magazines.com\/magazine\/#\/schema\/person\/c27e7dabb9a1ef380814bdd5636d07e3\",\"name\":\"backinmag\",\"image\":{\"@type\":\"ImageObject\",\"@id\":\"https:\/\/www.in-magazines.com\/magazine\/#personlogo\",\"inLanguage\":\"fr-FR\",\"url\":\"https:\/\/secure.gravatar.com\/avatar\/13a234bb19dc4fd04793d73c3472fbdb?s=96&d=mm&r=g\",\"contentUrl\":\"https:\/\/secure.gravatar.com\/avatar\/13a234bb19dc4fd04793d73c3472fbdb?s=96&d=mm&r=g\",\"caption\":\"backinmag\"},\"sameAs\":[\"http:\/\/www.in-magazines.com\/magazin\"]}]}<\/script>\n<!-- \/ Yoast SEO plugin. -->","_links":{"self":[{"href":"https:\/\/www.in-magazines.com\/magazine\/wp-json\/wp\/v2\/posts\/15049"}],"collection":[{"href":"https:\/\/www.in-magazines.com\/magazine\/wp-json\/wp\/v2\/posts"}],"about":[{"href":"https:\/\/www.in-magazines.com\/magazine\/wp-json\/wp\/v2\/types\/post"}],"author":[{"embeddable":true,"href":"https:\/\/www.in-magazines.com\/magazine\/wp-json\/wp\/v2\/users\/1"}],"replies":[{"embeddable":true,"href":"https:\/\/www.in-magazines.com\/magazine\/wp-json\/wp\/v2\/comments?post=15049"}],"version-history":[{"count":3,"href":"https:\/\/www.in-magazines.com\/magazine\/wp-json\/wp\/v2\/posts\/15049\/revisions"}],"predecessor-version":[{"id":15053,"href":"https:\/\/www.in-magazines.com\/magazine\/wp-json\/wp\/v2\/posts\/15049\/revisions\/15053"}],"wp:featuredmedia":[{"embeddable":true,"href":"https:\/\/www.in-magazines.com\/magazine\/wp-json\/wp\/v2\/media\/15314"}],"wp:attachment":[{"href":"https:\/\/www.in-magazines.com\/magazine\/wp-json\/wp\/v2\/media?parent=15049"}],"wp:term":[{"taxonomy":"category","embeddable":true,"href":"https:\/\/www.in-magazines.com\/magazine\/wp-json\/wp\/v2\/categories?post=15049"},{"taxonomy":"post_tag","embeddable":true,"href":"https:\/\/www.in-magazines.com\/magazine\/wp-json\/wp\/v2\/tags?post=15049"}],"curies":[{"name":"wp","href":"https:\/\/api.w.org\/{rel}","templated":true}]}}