

{"id":15073,"date":"2026-04-30T06:42:00","date_gmt":"2026-04-30T06:42:00","guid":{"rendered":"https:\/\/www.in-magazines.com\/magazine\/?p=15073"},"modified":"2026-04-24T11:03:04","modified_gmt":"2026-04-24T11:03:04","slug":"la-casa-developpe-son-autonomie-energetique","status":"publish","type":"post","link":"https:\/\/www.in-magazines.com\/magazine\/sommaire\/inmagazine-44\/la-casa-developpe-son-autonomie-energetique\/","title":{"rendered":"La CASA d\u00e9veloppe son AUTONOMIE \u00c9NERG\u00c9TIQUE"},"content":{"rendered":"\n<p><strong>L\u2019un des axes de l\u2019engagement de la CASA (Communaut\u00e9 d\u2019Agglom\u00e9ration de Sophia Antipolis) en faveur d\u2019une plus forte autonomie \u00e9nerg\u00e9tique se mat\u00e9rialise un peu plus avec la mise en service de l\u2019installation de panneaux photovolta\u00efques du si\u00e8ge de la collectivit\u00e9, \u00e0 Valbonne Sophia Antipolis.<\/strong><\/p>\n\n\n\n<p>Une strat\u00e9gie d\u00e9j\u00e0 \u00e0 l\u2019\u0153uvre ou en passe de se d\u00e9velopper encore avec la toiture du Business P\u00f4le (244 panneaux photovolta\u00efques), celle de la m\u00e9diath\u00e8que Colette de Valbonne ou encore l\u2019\u00e9quipement du projet du P\u00f4le Alpha -tout juste inaugur\u00e9- en panneaux photovolta\u00efques et en sondes g\u00e9othermiques. La centrale photovolta\u00efque de la CASA est compos\u00e9e de 539 panneaux soit une couverture de 1\u00a0400\u00a0m\u00b2 pour une puissance de 245 kWc. <br>La production annuelle correspondra \u00e0 plus de 320 MWh soit un \u00e9quivalent de 45 foyers. A savoir que la production \u00e9lectrique de la centrale permettra de couvrir plus de 17 % des besoins du b\u00e2timent, en utilisant la quasi-totalit\u00e9 de la production g\u00e9n\u00e9r\u00e9es par les panneaux<\/p>\n\n\n\n<p><a href=\"http:\/\/www.agglo-sophiaantipolis.fr\/\">www.agglo-sophiaantipolis.fr<\/a><\/p>\n\n\n<a href=\"#\" class=\"_3d-flip-book  fb3d-link-lightbox-mode\" data-id=\"14956\" data-mode=\"link-lightbox\" data-title=\"false\" data-template=\"short-white-book-view\" data-lightbox=\"dark\" data-urlparam=\"fb3d-page\" data-page-n=\"0\" data-pdf=\"\" data-tax=\"null\" data-thumbnail=\"\" data-cols=\"3\" data-query=\"\"><img decoding=\"async\" src=\"http:\/\/www.in-magazines.com\/magazine\/wp-content\/uploads\/2021\/05\/btn.jpg\"><\/a>\n","protected":false},"excerpt":{"rendered":"<p>L&rsquo;un des axes de l&rsquo;engagement de la CASA (Communaut&eacute; d&rsquo;Agglom&eacute;ration de Sophia Antipolis) en faveur d&rsquo;une plus forte autonomie &eacute;nerg&eacute;tique se mat&eacute;rialise un peu plus avec la mise en service de l&rsquo;installation de panneaux photovolta&iuml;ques du si&egrave;ge de la collectivit&eacute;, &agrave; Valbonne Sophia Antipolis. Une strat&eacute;gie d&eacute;j&agrave; &agrave; l&rsquo;&oelig;uvre ou en passe de se d&eacute;velopper&hellip; <a class=\"more-link\" href=\"https:\/\/www.in-magazines.com\/magazine\/sommaire\/inmagazine-44\/la-casa-developpe-son-autonomie-energetique\/\">Poursuivre la lecture <span class=\"screen-reader-text\">La CASA d\u00e9veloppe son AUTONOMIE \u00c9NERG\u00c9TIQUE<\/span><\/a><\/p>\n","protected":false},"author":1,"featured_media":15087,"comment_status":"open","ping_status":"open","sticky":false,"template":"","format":"standard","meta":{"footnotes":""},"categories":[2773,2766],"tags":[245,842,2804],"yoast_head":"<!-- This site is optimized with the Yoast SEO plugin v16.2 - https:\/\/yoast.com\/wordpress\/plugins\/seo\/ -->\n<title>La CASA d\u00e9veloppe son AUTONOMIE \u00c9NERG\u00c9TIQUE - In Magazines<\/title>\n<meta name=\"robots\" content=\"index, follow, max-snippet:-1, max-image-preview:large, max-video-preview:-1\" \/>\n<link rel=\"canonical\" href=\"https:\/\/www.in-magazines.com\/magazine\/categories\/energies-environnement-initiatives-durables\/la-casa-developpe-son-autonomie-energetique\/\" \/>\n<meta property=\"og:locale\" content=\"fr_FR\" \/>\n<meta property=\"og:type\" content=\"article\" \/>\n<meta property=\"og:title\" content=\"La CASA d\u00e9veloppe son AUTONOMIE \u00c9NERG\u00c9TIQUE - In Magazines\" \/>\n<meta property=\"og:description\" content=\"L&rsquo;un des axes de l&rsquo;engagement de la CASA (Communaut&eacute; d&rsquo;Agglom&eacute;ration de Sophia Antipolis) en faveur d&rsquo;une plus forte autonomie &eacute;nerg&eacute;tique se mat&eacute;rialise un peu plus avec la mise en service de l&rsquo;installation de panneaux photovolta&iuml;ques du si&egrave;ge de la collectivit&eacute;, &agrave; Valbonne Sophia Antipolis. Une strat&eacute;gie d&eacute;j&agrave; &agrave; l&rsquo;&oelig;uvre ou en passe de se d&eacute;velopper&hellip; Poursuivre la lecture La CASA d\u00e9veloppe son AUTONOMIE \u00c9NERG\u00c9TIQUE\" \/>\n<meta property=\"og:url\" content=\"https:\/\/www.in-magazines.com\/magazine\/categories\/energies-environnement-initiatives-durables\/la-casa-developpe-son-autonomie-energetique\/\" \/>\n<meta property=\"og:site_name\" content=\"In Magazines\" \/>\n<meta property=\"article:published_time\" content=\"2026-04-30T06:42:00+00:00\" \/>\n<meta property=\"article:modified_time\" content=\"2026-04-24T11:03:04+00:00\" \/>\n<meta property=\"og:image\" content=\"https:\/\/www.in-magazines.com\/magazine\/wp-content\/uploads\/2026\/04\/La-CASA-developpe-son-AUTONOMIE-ENERGETIQUE.jpg\" \/>\n\t<meta property=\"og:image:width\" content=\"600\" \/>\n\t<meta property=\"og:image:height\" content=\"500\" \/>\n<meta name=\"twitter:label1\" content=\"Dur\u00e9e de lecture est.\">\n\t<meta name=\"twitter:data1\" content=\"1 minute\">\n<script type=\"application\/ld+json\" class=\"yoast-schema-graph\">{\"@context\":\"https:\/\/schema.org\",\"@graph\":[{\"@type\":\"WebSite\",\"@id\":\"https:\/\/www.in-magazines.com\/magazine\/#website\",\"url\":\"https:\/\/www.in-magazines.com\/magazine\/\",\"name\":\"In Magazines\",\"description\":\"\",\"potentialAction\":[{\"@type\":\"SearchAction\",\"target\":\"https:\/\/www.in-magazines.com\/magazine\/?s={search_term_string}\",\"query-input\":\"required name=search_term_string\"}],\"inLanguage\":\"fr-FR\"},{\"@type\":\"ImageObject\",\"@id\":\"https:\/\/www.in-magazines.com\/magazine\/categories\/energies-environnement-initiatives-durables\/la-casa-developpe-son-autonomie-energetique\/#primaryimage\",\"inLanguage\":\"fr-FR\",\"url\":\"https:\/\/www.in-magazines.com\/magazine\/wp-content\/uploads\/2026\/04\/La-CASA-developpe-son-AUTONOMIE-ENERGETIQUE.jpg\",\"contentUrl\":\"https:\/\/www.in-magazines.com\/magazine\/wp-content\/uploads\/2026\/04\/La-CASA-developpe-son-AUTONOMIE-ENERGETIQUE.jpg\",\"width\":600,\"height\":500},{\"@type\":\"WebPage\",\"@id\":\"https:\/\/www.in-magazines.com\/magazine\/categories\/energies-environnement-initiatives-durables\/la-casa-developpe-son-autonomie-energetique\/#webpage\",\"url\":\"https:\/\/www.in-magazines.com\/magazine\/categories\/energies-environnement-initiatives-durables\/la-casa-developpe-son-autonomie-energetique\/\",\"name\":\"La CASA d\\u00e9veloppe son AUTONOMIE \\u00c9NERG\\u00c9TIQUE - In Magazines\",\"isPartOf\":{\"@id\":\"https:\/\/www.in-magazines.com\/magazine\/#website\"},\"primaryImageOfPage\":{\"@id\":\"https:\/\/www.in-magazines.com\/magazine\/categories\/energies-environnement-initiatives-durables\/la-casa-developpe-son-autonomie-energetique\/#primaryimage\"},\"datePublished\":\"2026-04-30T06:42:00+00:00\",\"dateModified\":\"2026-04-24T11:03:04+00:00\",\"author\":{\"@id\":\"https:\/\/www.in-magazines.com\/magazine\/#\/schema\/person\/c27e7dabb9a1ef380814bdd5636d07e3\"},\"breadcrumb\":{\"@id\":\"https:\/\/www.in-magazines.com\/magazine\/categories\/energies-environnement-initiatives-durables\/la-casa-developpe-son-autonomie-energetique\/#breadcrumb\"},\"inLanguage\":\"fr-FR\",\"potentialAction\":[{\"@type\":\"ReadAction\",\"target\":[\"https:\/\/www.in-magazines.com\/magazine\/categories\/energies-environnement-initiatives-durables\/la-casa-developpe-son-autonomie-energetique\/\"]}]},{\"@type\":\"BreadcrumbList\",\"@id\":\"https:\/\/www.in-magazines.com\/magazine\/categories\/energies-environnement-initiatives-durables\/la-casa-developpe-son-autonomie-energetique\/#breadcrumb\",\"itemListElement\":[{\"@type\":\"ListItem\",\"position\":1,\"item\":{\"@id\":\"https:\/\/www.in-magazines.com\/magazine\/categories\/energies-environnement-initiatives-durables\/la-casa-developpe-son-autonomie-energetique\/#webpage\"}}]},{\"@type\":\"Person\",\"@id\":\"https:\/\/www.in-magazines.com\/magazine\/#\/schema\/person\/c27e7dabb9a1ef380814bdd5636d07e3\",\"name\":\"backinmag\",\"image\":{\"@type\":\"ImageObject\",\"@id\":\"https:\/\/www.in-magazines.com\/magazine\/#personlogo\",\"inLanguage\":\"fr-FR\",\"url\":\"https:\/\/secure.gravatar.com\/avatar\/13a234bb19dc4fd04793d73c3472fbdb?s=96&d=mm&r=g\",\"contentUrl\":\"https:\/\/secure.gravatar.com\/avatar\/13a234bb19dc4fd04793d73c3472fbdb?s=96&d=mm&r=g\",\"caption\":\"backinmag\"},\"sameAs\":[\"http:\/\/www.in-magazines.com\/magazin\"]}]}<\/script>\n<!-- \/ Yoast SEO plugin. -->","_links":{"self":[{"href":"https:\/\/www.in-magazines.com\/magazine\/wp-json\/wp\/v2\/posts\/15073"}],"collection":[{"href":"https:\/\/www.in-magazines.com\/magazine\/wp-json\/wp\/v2\/posts"}],"about":[{"href":"https:\/\/www.in-magazines.com\/magazine\/wp-json\/wp\/v2\/types\/post"}],"author":[{"embeddable":true,"href":"https:\/\/www.in-magazines.com\/magazine\/wp-json\/wp\/v2\/users\/1"}],"replies":[{"embeddable":true,"href":"https:\/\/www.in-magazines.com\/magazine\/wp-json\/wp\/v2\/comments?post=15073"}],"version-history":[{"count":2,"href":"https:\/\/www.in-magazines.com\/magazine\/wp-json\/wp\/v2\/posts\/15073\/revisions"}],"predecessor-version":[{"id":15075,"href":"https:\/\/www.in-magazines.com\/magazine\/wp-json\/wp\/v2\/posts\/15073\/revisions\/15075"}],"wp:featuredmedia":[{"embeddable":true,"href":"https:\/\/www.in-magazines.com\/magazine\/wp-json\/wp\/v2\/media\/15087"}],"wp:attachment":[{"href":"https:\/\/www.in-magazines.com\/magazine\/wp-json\/wp\/v2\/media?parent=15073"}],"wp:term":[{"taxonomy":"category","embeddable":true,"href":"https:\/\/www.in-magazines.com\/magazine\/wp-json\/wp\/v2\/categories?post=15073"},{"taxonomy":"post_tag","embeddable":true,"href":"https:\/\/www.in-magazines.com\/magazine\/wp-json\/wp\/v2\/tags?post=15073"}],"curies":[{"name":"wp","href":"https:\/\/api.w.org\/{rel}","templated":true}]}}