

{"id":15094,"date":"2026-04-30T06:38:00","date_gmt":"2026-04-30T06:38:00","guid":{"rendered":"https:\/\/www.in-magazines.com\/magazine\/?p=15094"},"modified":"2026-04-24T11:34:40","modified_gmt":"2026-04-24T11:34:40","slug":"innovation-experimentation-aerienne-decarbonee-sur-la-cote-dazur","status":"publish","type":"post","link":"https:\/\/www.in-magazines.com\/magazine\/sommaire\/inmagazine-44\/innovation-experimentation-aerienne-decarbonee-sur-la-cote-dazur\/","title":{"rendered":"INNOVATION : EXP\u00c9RIMENTATION A\u00c9RIENNE D\u00c9CARBON\u00c9E sur la C\u00f4te d\u2019Azur"},"content":{"rendered":"\n<p>Les pr\u00e9visions de Fr\u00e9d\u00e9ric Meyer, dirigeant de VimPaci, sur l\u2019innovation de la mobilit\u00e9 a\u00e9rienne urbaine \u00e0 l\u2019aide d\u2019a\u00e9ronefs propres, prennent corps avec le type de partenariat que viennent de nouer Vertical Aerospace et H\u00e9li Air Monaco.<\/p>\n\n\n\n<p>La configuration g\u00e9ographique de Nice C\u00f4te d\u2019Azur, combin\u00e9e \u00e0 des flux touristiques \u00e9lev\u00e9s et \u00e0 un \u00e9cosyst\u00e8me orient\u00e9 innovation, en fait un cadre pertinent pour tester des solutions comme l\u2019eVTOL Valo, nouvel a\u00e9ronef z\u00e9ro \u00e9mission con\u00e7u par la soci\u00e9t\u00e9 Vertical Aerospace. Le survol maritime et la densit\u00e9 des liaisons courtes facilitent la mise en \u0153uvre de ces technologies. Vertical Aerospace et H\u00e9li Air Monaco ont ainsi officialis\u00e9 un partenariat pour introduire l\u2019eVTOL Valo sur la C\u00f4te d\u2019Azur, avec le soutien direct de l\u2019a\u00e9roport Nice C\u00f4te d\u2019Azur. Celui-ci s\u2019inscrit dans le dispositif en tant que facilitateur technique et territorial, en accompagnant les adaptations n\u00e9cessaires \u00e0 l\u2019accueil de ces appareils \u00e9lectriques \u00e0 d\u00e9collage vertical.<br>\u00ab L\u2019arriv\u00e9e de l\u2019eVTOL Valo prolonge nos efforts de transformation et de d\u00e9carbonation de la mobilit\u00e9 a\u00e9rienne, en particulier sur les trajets courts \u00bb, souligne notamment Franck Goldnadel, pr\u00e9sident du directoire des A\u00e9roports de la C\u00f4te d\u2019Azur. Le projet pr\u00e9voit une premi\u00e8re desserte reliant Monaco, Nice, Cannes et Saint-Tropez, illustrant la mise en \u0153uvre op\u00e9rationnelle de solutions de transport \u00e0 z\u00e9ro \u00e9mission sur un territoire \u00e0 forte densit\u00e9 touristique et logistique.<\/p>\n\n\n\n<h2 class=\"wp-block-heading\">Un \u00e9cosyst\u00e8me favorisant les transitions \u00e9nerg\u00e9tiques<\/h2>\n\n\n\n<p>Le calendrier communiqu\u00e9 vise la certification r\u00e9glementaire du Valo en 2028 aupr\u00e8s des autorit\u00e9s europ\u00e9ennes et britanniques, condition pr\u00e9alable \u00e0 son d\u00e9ploiement op\u00e9rationnel. Le choix de la C\u00f4te d\u2019Azur pour initier cette exp\u00e9rimentation r\u00e9pond \u00e0 des caract\u00e9ristiques territoriales pr\u00e9cises. La proximit\u00e9 des villes, les connexions naturelles entre zones touristiques et \u00e9conomiques, ainsi que la possibilit\u00e9 de survoler principalement la mer, cr\u00e9ent un environnement favorable \u00e0 l\u2019aviation \u00e9lectrique de courte distance.<\/p>\n\n\n<a href=\"#\" class=\"_3d-flip-book  fb3d-link-lightbox-mode\" data-id=\"14959\" data-mode=\"link-lightbox\" data-title=\"false\" data-template=\"short-white-book-view\" data-lightbox=\"dark\" data-urlparam=\"fb3d-page\" data-page-n=\"0\" data-pdf=\"\" data-tax=\"null\" data-thumbnail=\"\" data-cols=\"3\" data-query=\"\"><img decoding=\"async\" src=\"http:\/\/www.in-magazines.com\/magazine\/wp-content\/uploads\/2021\/05\/btn.jpg\"><\/a>\n","protected":false},"excerpt":{"rendered":"<p>Les pr&eacute;visions de Fr&eacute;d&eacute;ric Meyer, dirigeant de VimPaci, sur l&rsquo;innovation de la mobilit&eacute; a&eacute;rienne urbaine &agrave; l&rsquo;aide d&rsquo;a&eacute;ronefs propres, prennent corps avec le type de partenariat que viennent de nouer Vertical Aerospace et H&eacute;li Air Monaco. La configuration g&eacute;ographique de Nice C&ocirc;te d&rsquo;Azur, combin&eacute;e &agrave; des flux touristiques &eacute;lev&eacute;s et &agrave; un &eacute;cosyst&egrave;me orient&eacute; innovation,&hellip; <a class=\"more-link\" href=\"https:\/\/www.in-magazines.com\/magazine\/sommaire\/inmagazine-44\/innovation-experimentation-aerienne-decarbonee-sur-la-cote-dazur\/\">Poursuivre la lecture <span class=\"screen-reader-text\">INNOVATION : EXP\u00c9RIMENTATION A\u00c9RIENNE D\u00c9CARBON\u00c9E sur la C\u00f4te d\u2019Azur<\/span><\/a><\/p>\n","protected":false},"author":1,"featured_media":15095,"comment_status":"open","ping_status":"open","sticky":false,"template":"","format":"standard","meta":{"footnotes":""},"categories":[2773,2766],"tags":[1715,2809,2810],"yoast_head":"<!-- This site is optimized with the Yoast SEO plugin v16.2 - https:\/\/yoast.com\/wordpress\/plugins\/seo\/ -->\n<title>INNOVATION : EXP\u00c9RIMENTATION A\u00c9RIENNE D\u00c9CARBON\u00c9E sur la C\u00f4te d\u2019Azur - In Magazines<\/title>\n<meta name=\"robots\" content=\"index, follow, max-snippet:-1, max-image-preview:large, max-video-preview:-1\" \/>\n<link rel=\"canonical\" href=\"https:\/\/www.in-magazines.com\/magazine\/categories\/energies-environnement-initiatives-durables\/innovation-experimentation-aerienne-decarbonee-sur-la-cote-dazur\/\" \/>\n<meta property=\"og:locale\" content=\"fr_FR\" \/>\n<meta property=\"og:type\" content=\"article\" \/>\n<meta property=\"og:title\" content=\"INNOVATION : EXP\u00c9RIMENTATION A\u00c9RIENNE D\u00c9CARBON\u00c9E sur la C\u00f4te d\u2019Azur - In Magazines\" \/>\n<meta property=\"og:description\" content=\"Les pr&eacute;visions de Fr&eacute;d&eacute;ric Meyer, dirigeant de VimPaci, sur l&rsquo;innovation de la mobilit&eacute; a&eacute;rienne urbaine &agrave; l&rsquo;aide d&rsquo;a&eacute;ronefs propres, prennent corps avec le type de partenariat que viennent de nouer Vertical Aerospace et H&eacute;li Air Monaco. La configuration g&eacute;ographique de Nice C&ocirc;te d&rsquo;Azur, combin&eacute;e &agrave; des flux touristiques &eacute;lev&eacute;s et &agrave; un &eacute;cosyst&egrave;me orient&eacute; innovation,&hellip; Poursuivre la lecture INNOVATION : EXP\u00c9RIMENTATION A\u00c9RIENNE D\u00c9CARBON\u00c9E sur la C\u00f4te d\u2019Azur\" \/>\n<meta property=\"og:url\" content=\"https:\/\/www.in-magazines.com\/magazine\/categories\/energies-environnement-initiatives-durables\/innovation-experimentation-aerienne-decarbonee-sur-la-cote-dazur\/\" \/>\n<meta property=\"og:site_name\" content=\"In Magazines\" \/>\n<meta property=\"article:published_time\" content=\"2026-04-30T06:38:00+00:00\" \/>\n<meta property=\"article:modified_time\" content=\"2026-04-24T11:34:40+00:00\" \/>\n<meta property=\"og:image\" content=\"https:\/\/www.in-magazines.com\/magazine\/wp-content\/uploads\/2026\/04\/INNOVATION-EXPERIMENTATION-AERIENNE-DECARBONEE-sur-la-Cote-d-Azur.jpg\" \/>\n\t<meta property=\"og:image:width\" content=\"600\" \/>\n\t<meta property=\"og:image:height\" content=\"400\" \/>\n<meta name=\"twitter:label1\" content=\"Dur\u00e9e de lecture est.\">\n\t<meta name=\"twitter:data1\" content=\"2 minutes\">\n<script type=\"application\/ld+json\" class=\"yoast-schema-graph\">{\"@context\":\"https:\/\/schema.org\",\"@graph\":[{\"@type\":\"WebSite\",\"@id\":\"https:\/\/www.in-magazines.com\/magazine\/#website\",\"url\":\"https:\/\/www.in-magazines.com\/magazine\/\",\"name\":\"In Magazines\",\"description\":\"\",\"potentialAction\":[{\"@type\":\"SearchAction\",\"target\":\"https:\/\/www.in-magazines.com\/magazine\/?s={search_term_string}\",\"query-input\":\"required name=search_term_string\"}],\"inLanguage\":\"fr-FR\"},{\"@type\":\"ImageObject\",\"@id\":\"https:\/\/www.in-magazines.com\/magazine\/categories\/energies-environnement-initiatives-durables\/innovation-experimentation-aerienne-decarbonee-sur-la-cote-dazur\/#primaryimage\",\"inLanguage\":\"fr-FR\",\"url\":\"https:\/\/www.in-magazines.com\/magazine\/wp-content\/uploads\/2026\/04\/INNOVATION-EXPERIMENTATION-AERIENNE-DECARBONEE-sur-la-Cote-d-Azur.jpg\",\"contentUrl\":\"https:\/\/www.in-magazines.com\/magazine\/wp-content\/uploads\/2026\/04\/INNOVATION-EXPERIMENTATION-AERIENNE-DECARBONEE-sur-la-Cote-d-Azur.jpg\",\"width\":600,\"height\":400},{\"@type\":\"WebPage\",\"@id\":\"https:\/\/www.in-magazines.com\/magazine\/categories\/energies-environnement-initiatives-durables\/innovation-experimentation-aerienne-decarbonee-sur-la-cote-dazur\/#webpage\",\"url\":\"https:\/\/www.in-magazines.com\/magazine\/categories\/energies-environnement-initiatives-durables\/innovation-experimentation-aerienne-decarbonee-sur-la-cote-dazur\/\",\"name\":\"INNOVATION : EXP\\u00c9RIMENTATION A\\u00c9RIENNE D\\u00c9CARBON\\u00c9E sur la C\\u00f4te d\\u2019Azur - In Magazines\",\"isPartOf\":{\"@id\":\"https:\/\/www.in-magazines.com\/magazine\/#website\"},\"primaryImageOfPage\":{\"@id\":\"https:\/\/www.in-magazines.com\/magazine\/categories\/energies-environnement-initiatives-durables\/innovation-experimentation-aerienne-decarbonee-sur-la-cote-dazur\/#primaryimage\"},\"datePublished\":\"2026-04-30T06:38:00+00:00\",\"dateModified\":\"2026-04-24T11:34:40+00:00\",\"author\":{\"@id\":\"https:\/\/www.in-magazines.com\/magazine\/#\/schema\/person\/c27e7dabb9a1ef380814bdd5636d07e3\"},\"breadcrumb\":{\"@id\":\"https:\/\/www.in-magazines.com\/magazine\/categories\/energies-environnement-initiatives-durables\/innovation-experimentation-aerienne-decarbonee-sur-la-cote-dazur\/#breadcrumb\"},\"inLanguage\":\"fr-FR\",\"potentialAction\":[{\"@type\":\"ReadAction\",\"target\":[\"https:\/\/www.in-magazines.com\/magazine\/categories\/energies-environnement-initiatives-durables\/innovation-experimentation-aerienne-decarbonee-sur-la-cote-dazur\/\"]}]},{\"@type\":\"BreadcrumbList\",\"@id\":\"https:\/\/www.in-magazines.com\/magazine\/categories\/energies-environnement-initiatives-durables\/innovation-experimentation-aerienne-decarbonee-sur-la-cote-dazur\/#breadcrumb\",\"itemListElement\":[{\"@type\":\"ListItem\",\"position\":1,\"item\":{\"@id\":\"https:\/\/www.in-magazines.com\/magazine\/categories\/energies-environnement-initiatives-durables\/innovation-experimentation-aerienne-decarbonee-sur-la-cote-dazur\/#webpage\"}}]},{\"@type\":\"Person\",\"@id\":\"https:\/\/www.in-magazines.com\/magazine\/#\/schema\/person\/c27e7dabb9a1ef380814bdd5636d07e3\",\"name\":\"backinmag\",\"image\":{\"@type\":\"ImageObject\",\"@id\":\"https:\/\/www.in-magazines.com\/magazine\/#personlogo\",\"inLanguage\":\"fr-FR\",\"url\":\"https:\/\/secure.gravatar.com\/avatar\/13a234bb19dc4fd04793d73c3472fbdb?s=96&d=mm&r=g\",\"contentUrl\":\"https:\/\/secure.gravatar.com\/avatar\/13a234bb19dc4fd04793d73c3472fbdb?s=96&d=mm&r=g\",\"caption\":\"backinmag\"},\"sameAs\":[\"http:\/\/www.in-magazines.com\/magazin\"]}]}<\/script>\n<!-- \/ Yoast SEO plugin. -->","_links":{"self":[{"href":"https:\/\/www.in-magazines.com\/magazine\/wp-json\/wp\/v2\/posts\/15094"}],"collection":[{"href":"https:\/\/www.in-magazines.com\/magazine\/wp-json\/wp\/v2\/posts"}],"about":[{"href":"https:\/\/www.in-magazines.com\/magazine\/wp-json\/wp\/v2\/types\/post"}],"author":[{"embeddable":true,"href":"https:\/\/www.in-magazines.com\/magazine\/wp-json\/wp\/v2\/users\/1"}],"replies":[{"embeddable":true,"href":"https:\/\/www.in-magazines.com\/magazine\/wp-json\/wp\/v2\/comments?post=15094"}],"version-history":[{"count":2,"href":"https:\/\/www.in-magazines.com\/magazine\/wp-json\/wp\/v2\/posts\/15094\/revisions"}],"predecessor-version":[{"id":15097,"href":"https:\/\/www.in-magazines.com\/magazine\/wp-json\/wp\/v2\/posts\/15094\/revisions\/15097"}],"wp:featuredmedia":[{"embeddable":true,"href":"https:\/\/www.in-magazines.com\/magazine\/wp-json\/wp\/v2\/media\/15095"}],"wp:attachment":[{"href":"https:\/\/www.in-magazines.com\/magazine\/wp-json\/wp\/v2\/media?parent=15094"}],"wp:term":[{"taxonomy":"category","embeddable":true,"href":"https:\/\/www.in-magazines.com\/magazine\/wp-json\/wp\/v2\/categories?post=15094"},{"taxonomy":"post_tag","embeddable":true,"href":"https:\/\/www.in-magazines.com\/magazine\/wp-json\/wp\/v2\/tags?post=15094"}],"curies":[{"name":"wp","href":"https:\/\/api.w.org\/{rel}","templated":true}]}}