

{"id":15111,"date":"2026-04-30T06:35:00","date_gmt":"2026-04-30T06:35:00","guid":{"rendered":"https:\/\/www.in-magazines.com\/magazine\/?p=15111"},"modified":"2026-04-24T12:31:15","modified_gmt":"2026-04-24T12:31:15","slug":"dans-le-var-un-expert-de-limmobilier-se-met-a-la-culture-bio","status":"publish","type":"post","link":"https:\/\/www.in-magazines.com\/magazine\/sommaire\/inmagazine-44\/dans-le-var-un-expert-de-limmobilier-se-met-a-la-culture-bio\/","title":{"rendered":"DANS LE VAR, un expert de l\u2019immobilier se met \u00e0 la culture bio"},"content":{"rendered":"\n<p>Fid\u00e8le \u00e0 son engagement pour un immobilier plus responsable et humain, Neyrat Immobilier d\u00e9ploie un nouveau potager d\u2019entreprise, cette fois sur son site du Thoronet, dans le Var.<\/p>\n\n\n\n<p>Apr\u00e8s la Bourgogne, o\u00f9 les premi\u00e8res parcelles cultiv\u00e9es avaient suscit\u00e9 un vif engouement, le groupe poursuit son d\u00e9ploiement de potagers bios, en lien direct avec ses agences locales et les acteurs du territoire. Install\u00e9 au c\u0153ur d\u2019un site naturel pr\u00e9serv\u00e9, en bordure de la zone Natura 2000 \u00ab Val d\u2019Argens \u00bb, ce nouvel espace mara\u00eecher&nbsp; incarne une d\u00e9marche environnementale exigeante, valid\u00e9e par les autorit\u00e9s. Le potager du Thoronet accueillera des cultures bio de plein champ et sous serres, encadr\u00e9es par des mara\u00eechers professionnels, sur plusieurs parcelles am\u00e9nag\u00e9es pour la production de fruits et l\u00e9gumes de saison. Les collaborateurs volontaires de l\u2019agence varoise pourront b\u00e9n\u00e9ficier de paniers hebdomadaires \u00e0 prix co\u00fbtant.<\/p>\n\n\n\n<p><a href=\"http:\/\/www.neyrat-immobilier.fr\/\">www.neyrat-immobilier.fr<\/a><\/p>\n\n\n<a href=\"#\" class=\"_3d-flip-book  fb3d-link-lightbox-mode\" data-id=\"14960\" data-mode=\"link-lightbox\" data-title=\"false\" data-template=\"short-white-book-view\" data-lightbox=\"dark\" data-urlparam=\"fb3d-page\" data-page-n=\"0\" data-pdf=\"\" data-tax=\"null\" data-thumbnail=\"\" data-cols=\"3\" data-query=\"\"><img decoding=\"async\" src=\"http:\/\/www.in-magazines.com\/magazine\/wp-content\/uploads\/2021\/05\/btn.jpg\"><\/a>\n","protected":false},"excerpt":{"rendered":"<p>Fid&egrave;le &agrave; son engagement pour un immobilier plus responsable et humain, Neyrat Immobilier d&eacute;ploie un nouveau potager d&rsquo;entreprise, cette fois sur son site du Thoronet, dans le Var. Apr&egrave;s la Bourgogne, o&ugrave; les premi&egrave;res parcelles cultiv&eacute;es avaient suscit&eacute; un vif engouement, le groupe poursuit son d&eacute;ploiement de potagers bios, en lien direct avec ses agences&hellip; <a class=\"more-link\" href=\"https:\/\/www.in-magazines.com\/magazine\/sommaire\/inmagazine-44\/dans-le-var-un-expert-de-limmobilier-se-met-a-la-culture-bio\/\">Poursuivre la lecture <span class=\"screen-reader-text\">DANS LE VAR, un expert de l\u2019immobilier se met \u00e0 la culture bio<\/span><\/a><\/p>\n","protected":false},"author":1,"featured_media":15112,"comment_status":"open","ping_status":"open","sticky":false,"template":"","format":"standard","meta":{"footnotes":""},"categories":[2773,2766],"tags":[2816,2817],"yoast_head":"<!-- This site is optimized with the Yoast SEO plugin v16.2 - https:\/\/yoast.com\/wordpress\/plugins\/seo\/ -->\n<title>DANS LE VAR, un expert de l\u2019immobilier se met \u00e0 la culture bio - In Magazines<\/title>\n<meta name=\"robots\" content=\"index, follow, max-snippet:-1, max-image-preview:large, max-video-preview:-1\" \/>\n<link rel=\"canonical\" href=\"https:\/\/www.in-magazines.com\/magazine\/categories\/energies-environnement-initiatives-durables\/dans-le-var-un-expert-de-limmobilier-se-met-a-la-culture-bio\/\" \/>\n<meta property=\"og:locale\" content=\"fr_FR\" \/>\n<meta property=\"og:type\" content=\"article\" \/>\n<meta property=\"og:title\" content=\"DANS LE VAR, un expert de l\u2019immobilier se met \u00e0 la culture bio - In Magazines\" \/>\n<meta property=\"og:description\" content=\"Fid&egrave;le &agrave; son engagement pour un immobilier plus responsable et humain, Neyrat Immobilier d&eacute;ploie un nouveau potager d&rsquo;entreprise, cette fois sur son site du Thoronet, dans le Var. Apr&egrave;s la Bourgogne, o&ugrave; les premi&egrave;res parcelles cultiv&eacute;es avaient suscit&eacute; un vif engouement, le groupe poursuit son d&eacute;ploiement de potagers bios, en lien direct avec ses agences&hellip; Poursuivre la lecture DANS LE VAR, un expert de l\u2019immobilier se met \u00e0 la culture bio\" \/>\n<meta property=\"og:url\" content=\"https:\/\/www.in-magazines.com\/magazine\/categories\/energies-environnement-initiatives-durables\/dans-le-var-un-expert-de-limmobilier-se-met-a-la-culture-bio\/\" \/>\n<meta property=\"og:site_name\" content=\"In Magazines\" \/>\n<meta property=\"article:published_time\" content=\"2026-04-30T06:35:00+00:00\" \/>\n<meta property=\"article:modified_time\" content=\"2026-04-24T12:31:15+00:00\" \/>\n<meta property=\"og:image\" content=\"https:\/\/www.in-magazines.com\/magazine\/wp-content\/uploads\/2026\/04\/DANS-LE-VAR-un-expert-de-l-immobilier-se-met-a-la-culture-bio.jpg\" \/>\n\t<meta property=\"og:image:width\" content=\"600\" \/>\n\t<meta property=\"og:image:height\" content=\"246\" \/>\n<meta name=\"twitter:label1\" content=\"Dur\u00e9e de lecture est.\">\n\t<meta name=\"twitter:data1\" content=\"1 minute\">\n<script type=\"application\/ld+json\" class=\"yoast-schema-graph\">{\"@context\":\"https:\/\/schema.org\",\"@graph\":[{\"@type\":\"WebSite\",\"@id\":\"https:\/\/www.in-magazines.com\/magazine\/#website\",\"url\":\"https:\/\/www.in-magazines.com\/magazine\/\",\"name\":\"In Magazines\",\"description\":\"\",\"potentialAction\":[{\"@type\":\"SearchAction\",\"target\":\"https:\/\/www.in-magazines.com\/magazine\/?s={search_term_string}\",\"query-input\":\"required name=search_term_string\"}],\"inLanguage\":\"fr-FR\"},{\"@type\":\"ImageObject\",\"@id\":\"https:\/\/www.in-magazines.com\/magazine\/categories\/energies-environnement-initiatives-durables\/dans-le-var-un-expert-de-limmobilier-se-met-a-la-culture-bio\/#primaryimage\",\"inLanguage\":\"fr-FR\",\"url\":\"https:\/\/www.in-magazines.com\/magazine\/wp-content\/uploads\/2026\/04\/DANS-LE-VAR-un-expert-de-l-immobilier-se-met-a-la-culture-bio.jpg\",\"contentUrl\":\"https:\/\/www.in-magazines.com\/magazine\/wp-content\/uploads\/2026\/04\/DANS-LE-VAR-un-expert-de-l-immobilier-se-met-a-la-culture-bio.jpg\",\"width\":600,\"height\":246},{\"@type\":\"WebPage\",\"@id\":\"https:\/\/www.in-magazines.com\/magazine\/categories\/energies-environnement-initiatives-durables\/dans-le-var-un-expert-de-limmobilier-se-met-a-la-culture-bio\/#webpage\",\"url\":\"https:\/\/www.in-magazines.com\/magazine\/categories\/energies-environnement-initiatives-durables\/dans-le-var-un-expert-de-limmobilier-se-met-a-la-culture-bio\/\",\"name\":\"DANS LE VAR, un expert de l\\u2019immobilier se met \\u00e0 la culture bio - In Magazines\",\"isPartOf\":{\"@id\":\"https:\/\/www.in-magazines.com\/magazine\/#website\"},\"primaryImageOfPage\":{\"@id\":\"https:\/\/www.in-magazines.com\/magazine\/categories\/energies-environnement-initiatives-durables\/dans-le-var-un-expert-de-limmobilier-se-met-a-la-culture-bio\/#primaryimage\"},\"datePublished\":\"2026-04-30T06:35:00+00:00\",\"dateModified\":\"2026-04-24T12:31:15+00:00\",\"author\":{\"@id\":\"https:\/\/www.in-magazines.com\/magazine\/#\/schema\/person\/c27e7dabb9a1ef380814bdd5636d07e3\"},\"breadcrumb\":{\"@id\":\"https:\/\/www.in-magazines.com\/magazine\/categories\/energies-environnement-initiatives-durables\/dans-le-var-un-expert-de-limmobilier-se-met-a-la-culture-bio\/#breadcrumb\"},\"inLanguage\":\"fr-FR\",\"potentialAction\":[{\"@type\":\"ReadAction\",\"target\":[\"https:\/\/www.in-magazines.com\/magazine\/categories\/energies-environnement-initiatives-durables\/dans-le-var-un-expert-de-limmobilier-se-met-a-la-culture-bio\/\"]}]},{\"@type\":\"BreadcrumbList\",\"@id\":\"https:\/\/www.in-magazines.com\/magazine\/categories\/energies-environnement-initiatives-durables\/dans-le-var-un-expert-de-limmobilier-se-met-a-la-culture-bio\/#breadcrumb\",\"itemListElement\":[{\"@type\":\"ListItem\",\"position\":1,\"item\":{\"@id\":\"https:\/\/www.in-magazines.com\/magazine\/categories\/energies-environnement-initiatives-durables\/dans-le-var-un-expert-de-limmobilier-se-met-a-la-culture-bio\/#webpage\"}}]},{\"@type\":\"Person\",\"@id\":\"https:\/\/www.in-magazines.com\/magazine\/#\/schema\/person\/c27e7dabb9a1ef380814bdd5636d07e3\",\"name\":\"backinmag\",\"image\":{\"@type\":\"ImageObject\",\"@id\":\"https:\/\/www.in-magazines.com\/magazine\/#personlogo\",\"inLanguage\":\"fr-FR\",\"url\":\"https:\/\/secure.gravatar.com\/avatar\/13a234bb19dc4fd04793d73c3472fbdb?s=96&d=mm&r=g\",\"contentUrl\":\"https:\/\/secure.gravatar.com\/avatar\/13a234bb19dc4fd04793d73c3472fbdb?s=96&d=mm&r=g\",\"caption\":\"backinmag\"},\"sameAs\":[\"http:\/\/www.in-magazines.com\/magazin\"]}]}<\/script>\n<!-- \/ Yoast SEO plugin. -->","_links":{"self":[{"href":"https:\/\/www.in-magazines.com\/magazine\/wp-json\/wp\/v2\/posts\/15111"}],"collection":[{"href":"https:\/\/www.in-magazines.com\/magazine\/wp-json\/wp\/v2\/posts"}],"about":[{"href":"https:\/\/www.in-magazines.com\/magazine\/wp-json\/wp\/v2\/types\/post"}],"author":[{"embeddable":true,"href":"https:\/\/www.in-magazines.com\/magazine\/wp-json\/wp\/v2\/users\/1"}],"replies":[{"embeddable":true,"href":"https:\/\/www.in-magazines.com\/magazine\/wp-json\/wp\/v2\/comments?post=15111"}],"version-history":[{"count":3,"href":"https:\/\/www.in-magazines.com\/magazine\/wp-json\/wp\/v2\/posts\/15111\/revisions"}],"predecessor-version":[{"id":15116,"href":"https:\/\/www.in-magazines.com\/magazine\/wp-json\/wp\/v2\/posts\/15111\/revisions\/15116"}],"wp:featuredmedia":[{"embeddable":true,"href":"https:\/\/www.in-magazines.com\/magazine\/wp-json\/wp\/v2\/media\/15112"}],"wp:attachment":[{"href":"https:\/\/www.in-magazines.com\/magazine\/wp-json\/wp\/v2\/media?parent=15111"}],"wp:term":[{"taxonomy":"category","embeddable":true,"href":"https:\/\/www.in-magazines.com\/magazine\/wp-json\/wp\/v2\/categories?post=15111"},{"taxonomy":"post_tag","embeddable":true,"href":"https:\/\/www.in-magazines.com\/magazine\/wp-json\/wp\/v2\/tags?post=15111"}],"curies":[{"name":"wp","href":"https:\/\/api.w.org\/{rel}","templated":true}]}}