

{"id":15122,"date":"2026-04-30T06:32:00","date_gmt":"2026-04-30T06:32:00","guid":{"rendered":"https:\/\/www.in-magazines.com\/magazine\/?p=15122"},"modified":"2026-04-29T06:42:48","modified_gmt":"2026-04-29T06:42:48","slug":"un-appel-a-projets-pour-soutenir-et-accelerer-linstallationen-bio-en-paca","status":"publish","type":"post","link":"https:\/\/www.in-magazines.com\/magazine\/sommaire\/inmagazine-44\/un-appel-a-projets-pour-soutenir-et-accelerer-linstallationen-bio-en-paca\/","title":{"rendered":"\u00ab\u00a0Un appel \u00e0 projets pour soutenir et acc\u00e9l\u00e9rer L\u2019INSTALLATIONEN BIO EN PACA\u00a0\u00bb"},"content":{"rendered":"\n<p>Alors que le nombre de fermes bio recule pour la premi\u00e8re fois en France, FEVE (Fermes En ViE) et la FNAB s\u2019allient pour relancer la fili\u00e8re en Provence-Alpes-C\u00f4te d\u2019Azur.<\/p>\n\n\n\n<p>Ensemble, elles lancent un appel \u00e0 projets pour faciliter et acc\u00e9l\u00e9rer l\u2019installation de nouveaux agriculteurs engag\u00e9s en agro\u00e9cologie. Les porteurs de projet bio de la r\u00e9gion PACA ont jusqu\u2019au 30 juin 2026 pour postuler. Apr\u00e8s des ann\u00e9es de forte croissance, l\u2019agriculture biologique marque le pas : plus d\u2019exploitations cessent leur activit\u00e9 que de nouvelles s\u2019installent.<br>L\u2019acc\u00e8s au foncier reste le principal frein, notamment pour les jeunes agriculteurs et les personnes en reconversion. Depuis 2021, FEVE a permis l\u2019installation de plus de 50 fermes et la pr\u00e9servation de 3 500 hectares. La FNAB, de son c\u00f4t\u00e9, accompagne depuis pr\u00e8s de 50 ans les agriculteurs \u00e0 chaque \u00e9tape de leur parcours : installation, conversion, transmission et structuration des fili\u00e8res bio.<\/p>\n\n\n\n<p>L\u2019agriculture biologique progresse encore dans certaines r\u00e9gions, et la r\u00e9gion PACA est l\u2019une des plus engag\u00e9es de France&nbsp;: forte proportion de surfaces agricoles cultiv\u00e9es en bio, diversit\u00e9 des productions (fruits et l\u00e9gumes, ol\u00e9iculture, viticulture, grandes cultures) et un solide r\u00e9seau d\u2019accompagnement. Pour soutenir les agriculteurs de la r\u00e9gion \u00e0 s\u2019installer, FEVE et la FNAB proposent un accompagnement complet, combinant acc\u00e8s au foncier et accompagnement technique et financier. Pour candidater, le projet doit : porter sur une exploitation agricole en conversion ou d\u00e9j\u00e0 en bio ; avoir un mod\u00e8le \u00e9conomique viable et durable ; s\u2019inscrire dans une d\u00e9marche d\u2019agro\u00e9cologie ; \u00eatre port\u00e9 par un agriculteur ou un groupe d\u2019agriculteurs motiv\u00e9 par le d\u00e9veloppement du bio.<\/p>\n\n\n<a href=\"#\" class=\"_3d-flip-book  fb3d-link-lightbox-mode\" data-id=\"14961\" data-mode=\"link-lightbox\" data-title=\"false\" data-template=\"short-white-book-view\" data-lightbox=\"dark\" data-urlparam=\"fb3d-page\" data-page-n=\"0\" data-pdf=\"\" data-tax=\"null\" data-thumbnail=\"\" data-cols=\"3\" data-query=\"\"><img decoding=\"async\" src=\"http:\/\/www.in-magazines.com\/magazine\/wp-content\/uploads\/2021\/05\/btn.jpg\"><\/a>\n","protected":false},"excerpt":{"rendered":"<p>Alors que le nombre de fermes bio recule pour la premi&egrave;re fois en France, FEVE (Fermes En ViE) et la FNAB s&rsquo;allient pour relancer la fili&egrave;re en Provence-Alpes-C&ocirc;te d&rsquo;Azur. Ensemble, elles lancent un appel &agrave; projets pour faciliter et acc&eacute;l&eacute;rer l&rsquo;installation de nouveaux agriculteurs engag&eacute;s en agro&eacute;cologie. Les porteurs de projet bio de la r&eacute;gion&hellip; <a class=\"more-link\" href=\"https:\/\/www.in-magazines.com\/magazine\/sommaire\/inmagazine-44\/un-appel-a-projets-pour-soutenir-et-accelerer-linstallationen-bio-en-paca\/\">Poursuivre la lecture <span class=\"screen-reader-text\">\u00ab\u00a0Un appel \u00e0 projets pour soutenir et acc\u00e9l\u00e9rer L\u2019INSTALLATIONEN BIO EN PACA\u00a0\u00bb<\/span><\/a><\/p>\n","protected":false},"author":1,"featured_media":15123,"comment_status":"open","ping_status":"open","sticky":false,"template":"","format":"standard","meta":{"footnotes":""},"categories":[2773,2766],"tags":[184,2821,2822],"yoast_head":"<!-- This site is optimized with the Yoast SEO plugin v16.2 - https:\/\/yoast.com\/wordpress\/plugins\/seo\/ -->\n<title>&quot;Un appel \u00e0 projets pour soutenir et acc\u00e9l\u00e9rer L\u2019INSTALLATIONEN BIO EN PACA&quot; - In Magazines<\/title>\n<meta name=\"robots\" content=\"index, follow, max-snippet:-1, max-image-preview:large, max-video-preview:-1\" \/>\n<link rel=\"canonical\" href=\"https:\/\/www.in-magazines.com\/magazine\/categories\/energies-environnement-initiatives-durables\/un-appel-a-projets-pour-soutenir-et-accelerer-linstallationen-bio-en-paca\/\" \/>\n<meta property=\"og:locale\" content=\"fr_FR\" \/>\n<meta property=\"og:type\" content=\"article\" \/>\n<meta property=\"og:title\" content=\"&quot;Un appel \u00e0 projets pour soutenir et acc\u00e9l\u00e9rer L\u2019INSTALLATIONEN BIO EN PACA&quot; - In Magazines\" \/>\n<meta property=\"og:description\" content=\"Alors que le nombre de fermes bio recule pour la premi&egrave;re fois en France, FEVE (Fermes En ViE) et la FNAB s&rsquo;allient pour relancer la fili&egrave;re en Provence-Alpes-C&ocirc;te d&rsquo;Azur. Ensemble, elles lancent un appel &agrave; projets pour faciliter et acc&eacute;l&eacute;rer l&rsquo;installation de nouveaux agriculteurs engag&eacute;s en agro&eacute;cologie. Les porteurs de projet bio de la r&eacute;gion&hellip; Poursuivre la lecture \u00ab\u00a0Un appel \u00e0 projets pour soutenir et acc\u00e9l\u00e9rer L\u2019INSTALLATIONEN BIO EN PACA\u00a0\u00bb\" \/>\n<meta property=\"og:url\" content=\"https:\/\/www.in-magazines.com\/magazine\/categories\/energies-environnement-initiatives-durables\/un-appel-a-projets-pour-soutenir-et-accelerer-linstallationen-bio-en-paca\/\" \/>\n<meta property=\"og:site_name\" content=\"In Magazines\" \/>\n<meta property=\"article:published_time\" content=\"2026-04-30T06:32:00+00:00\" \/>\n<meta property=\"article:modified_time\" content=\"2026-04-29T06:42:48+00:00\" \/>\n<meta property=\"og:image\" content=\"https:\/\/www.in-magazines.com\/magazine\/wp-content\/uploads\/2026\/04\/Un-appel-a-projets-pour-soutenir-et-accelerer-L-INSTALLATION-EN-BIO-EN-PACA.jpg\" \/>\n\t<meta property=\"og:image:width\" content=\"600\" \/>\n\t<meta property=\"og:image:height\" content=\"300\" \/>\n<meta name=\"twitter:label1\" content=\"Dur\u00e9e de lecture est.\">\n\t<meta name=\"twitter:data1\" content=\"2 minutes\">\n<script type=\"application\/ld+json\" class=\"yoast-schema-graph\">{\"@context\":\"https:\/\/schema.org\",\"@graph\":[{\"@type\":\"WebSite\",\"@id\":\"https:\/\/www.in-magazines.com\/magazine\/#website\",\"url\":\"https:\/\/www.in-magazines.com\/magazine\/\",\"name\":\"In Magazines\",\"description\":\"\",\"potentialAction\":[{\"@type\":\"SearchAction\",\"target\":\"https:\/\/www.in-magazines.com\/magazine\/?s={search_term_string}\",\"query-input\":\"required name=search_term_string\"}],\"inLanguage\":\"fr-FR\"},{\"@type\":\"ImageObject\",\"@id\":\"https:\/\/www.in-magazines.com\/magazine\/categories\/energies-environnement-initiatives-durables\/un-appel-a-projets-pour-soutenir-et-accelerer-linstallationen-bio-en-paca\/#primaryimage\",\"inLanguage\":\"fr-FR\",\"url\":\"https:\/\/www.in-magazines.com\/magazine\/wp-content\/uploads\/2026\/04\/Un-appel-a-projets-pour-soutenir-et-accelerer-L-INSTALLATION-EN-BIO-EN-PACA.jpg\",\"contentUrl\":\"https:\/\/www.in-magazines.com\/magazine\/wp-content\/uploads\/2026\/04\/Un-appel-a-projets-pour-soutenir-et-accelerer-L-INSTALLATION-EN-BIO-EN-PACA.jpg\",\"width\":600,\"height\":300},{\"@type\":\"WebPage\",\"@id\":\"https:\/\/www.in-magazines.com\/magazine\/categories\/energies-environnement-initiatives-durables\/un-appel-a-projets-pour-soutenir-et-accelerer-linstallationen-bio-en-paca\/#webpage\",\"url\":\"https:\/\/www.in-magazines.com\/magazine\/categories\/energies-environnement-initiatives-durables\/un-appel-a-projets-pour-soutenir-et-accelerer-linstallationen-bio-en-paca\/\",\"name\":\"\\\"Un appel \\u00e0 projets pour soutenir et acc\\u00e9l\\u00e9rer L\\u2019INSTALLATIONEN BIO EN PACA\\\" - In Magazines\",\"isPartOf\":{\"@id\":\"https:\/\/www.in-magazines.com\/magazine\/#website\"},\"primaryImageOfPage\":{\"@id\":\"https:\/\/www.in-magazines.com\/magazine\/categories\/energies-environnement-initiatives-durables\/un-appel-a-projets-pour-soutenir-et-accelerer-linstallationen-bio-en-paca\/#primaryimage\"},\"datePublished\":\"2026-04-30T06:32:00+00:00\",\"dateModified\":\"2026-04-29T06:42:48+00:00\",\"author\":{\"@id\":\"https:\/\/www.in-magazines.com\/magazine\/#\/schema\/person\/c27e7dabb9a1ef380814bdd5636d07e3\"},\"breadcrumb\":{\"@id\":\"https:\/\/www.in-magazines.com\/magazine\/categories\/energies-environnement-initiatives-durables\/un-appel-a-projets-pour-soutenir-et-accelerer-linstallationen-bio-en-paca\/#breadcrumb\"},\"inLanguage\":\"fr-FR\",\"potentialAction\":[{\"@type\":\"ReadAction\",\"target\":[\"https:\/\/www.in-magazines.com\/magazine\/categories\/energies-environnement-initiatives-durables\/un-appel-a-projets-pour-soutenir-et-accelerer-linstallationen-bio-en-paca\/\"]}]},{\"@type\":\"BreadcrumbList\",\"@id\":\"https:\/\/www.in-magazines.com\/magazine\/categories\/energies-environnement-initiatives-durables\/un-appel-a-projets-pour-soutenir-et-accelerer-linstallationen-bio-en-paca\/#breadcrumb\",\"itemListElement\":[{\"@type\":\"ListItem\",\"position\":1,\"item\":{\"@id\":\"https:\/\/www.in-magazines.com\/magazine\/categories\/energies-environnement-initiatives-durables\/un-appel-a-projets-pour-soutenir-et-accelerer-linstallationen-bio-en-paca\/#webpage\"}}]},{\"@type\":\"Person\",\"@id\":\"https:\/\/www.in-magazines.com\/magazine\/#\/schema\/person\/c27e7dabb9a1ef380814bdd5636d07e3\",\"name\":\"backinmag\",\"image\":{\"@type\":\"ImageObject\",\"@id\":\"https:\/\/www.in-magazines.com\/magazine\/#personlogo\",\"inLanguage\":\"fr-FR\",\"url\":\"https:\/\/secure.gravatar.com\/avatar\/13a234bb19dc4fd04793d73c3472fbdb?s=96&d=mm&r=g\",\"contentUrl\":\"https:\/\/secure.gravatar.com\/avatar\/13a234bb19dc4fd04793d73c3472fbdb?s=96&d=mm&r=g\",\"caption\":\"backinmag\"},\"sameAs\":[\"http:\/\/www.in-magazines.com\/magazin\"]}]}<\/script>\n<!-- \/ Yoast SEO plugin. -->","_links":{"self":[{"href":"https:\/\/www.in-magazines.com\/magazine\/wp-json\/wp\/v2\/posts\/15122"}],"collection":[{"href":"https:\/\/www.in-magazines.com\/magazine\/wp-json\/wp\/v2\/posts"}],"about":[{"href":"https:\/\/www.in-magazines.com\/magazine\/wp-json\/wp\/v2\/types\/post"}],"author":[{"embeddable":true,"href":"https:\/\/www.in-magazines.com\/magazine\/wp-json\/wp\/v2\/users\/1"}],"replies":[{"embeddable":true,"href":"https:\/\/www.in-magazines.com\/magazine\/wp-json\/wp\/v2\/comments?post=15122"}],"version-history":[{"count":2,"href":"https:\/\/www.in-magazines.com\/magazine\/wp-json\/wp\/v2\/posts\/15122\/revisions"}],"predecessor-version":[{"id":15125,"href":"https:\/\/www.in-magazines.com\/magazine\/wp-json\/wp\/v2\/posts\/15122\/revisions\/15125"}],"wp:featuredmedia":[{"embeddable":true,"href":"https:\/\/www.in-magazines.com\/magazine\/wp-json\/wp\/v2\/media\/15123"}],"wp:attachment":[{"href":"https:\/\/www.in-magazines.com\/magazine\/wp-json\/wp\/v2\/media?parent=15122"}],"wp:term":[{"taxonomy":"category","embeddable":true,"href":"https:\/\/www.in-magazines.com\/magazine\/wp-json\/wp\/v2\/categories?post=15122"},{"taxonomy":"post_tag","embeddable":true,"href":"https:\/\/www.in-magazines.com\/magazine\/wp-json\/wp\/v2\/tags?post=15122"}],"curies":[{"name":"wp","href":"https:\/\/api.w.org\/{rel}","templated":true}]}}