

{"id":15193,"date":"2026-04-30T06:21:00","date_gmt":"2026-04-30T06:21:00","guid":{"rendered":"https:\/\/www.in-magazines.com\/magazine\/?p=15193"},"modified":"2026-04-27T08:44:44","modified_gmt":"2026-04-27T08:44:44","slug":"sante-avec-lentite-azur-la-recherche-clinique-territoriale-sorganise-et-se-developpe","status":"publish","type":"post","link":"https:\/\/www.in-magazines.com\/magazine\/sommaire\/inmagazine-44\/sante-avec-lentite-azur-la-recherche-clinique-territoriale-sorganise-et-se-developpe\/","title":{"rendered":"SANTE : AVEC L\u2019ENTIT\u00c9 AZUR, la recherche clinique territoriale s\u2019organise et se d\u00e9veloppe"},"content":{"rendered":"\n<p>Une avanc\u00e9e significative pour la recherche clinique territoriale&nbsp;: c\u2019est le message d\u00e9livr\u00e9 par la cr\u00e9ation de la nouvelle entit\u00e9 de recherche Azur.<\/p>\n\n\n\n<p>Le Centre Hospitalier Universitaire de Nice et le Centre Hospitalier de Cannes \u2013 Simone Veil annoncent la signature de la convention constitutive de l\u2019Entit\u00e9 de Recherche Territoriale Azur. Cette cr\u00e9ation marque une \u00e9tape pour le d\u00e9veloppement de la recherche clinique \u00e0 l\u2019\u00e9chelle territoriale. Le CHU de Nice en assure le pilotage en tant qu\u2019\u00e9tablissement support du GHT 06.<br>L\u2019entit\u00e9 repose sur une mutualisation des comp\u00e9tences et des ressources. Le Centre Hospitalier de Cannes \u2013 Simone Veil s\u2019inscrit dans cette d\u00e9marche collaborative. Elle vise notamment \u00e0 augmenter le nombre d\u2019essais cliniques propos\u00e9s, \u00e0 am\u00e9liorer la qualit\u00e9 et la coordination des \u00e9tudes et \u00e0 favoriser l\u2019inclusion des patients dans les protocoles de recherche.<br>Un Comit\u00e9 Territorial de la Recherche d\u00e9finit les orientations strat\u00e9giques, suit les r\u00e9sultats et accompagne la mise en \u0153uvre des projets. Chaque \u00e9tablissement conserve son autonomie dans un cadre partag\u00e9 garantissant la qualit\u00e9 et la fiabilit\u00e9 des donn\u00e9es. Un suivi annuel portera sur l\u2019activit\u00e9 de recherche, les inclusions de patients et la production scientifique.<\/p>\n\n\n\n<p>L\u2019entit\u00e9 a vocation \u00e0 s\u2019inscrire dans la dur\u00e9e et \u00e0 s\u2019\u00e9largir progressivement \u00e0 l\u2019ensemble des \u00e9tablissements du GHT 06. Elle contribue \u00e0 positionner la C\u00f4te d\u2019Azur comme un territoire de r\u00e9f\u00e9rence en recherche clinique.<br>L\u2019Entit\u00e9 Azur repose sur une logique de mutualisation des comp\u00e9tences et des ressources. Elle doit permettre l\u2019acc\u00e8s \u00e0 des traitements innovants, augmenter le nombre d\u2019essais cliniques propos\u00e9s, am\u00e9liorer la qualit\u00e9 et la coordination des \u00e9tudes, favoriser l\u2019inclusion des patients dans les protocoles et d\u00e9velopper des expertises partag\u00e9es entre \u00e9tablissements.<\/p>\n\n\n<a href=\"#\" class=\"_3d-flip-book  fb3d-link-lightbox-mode\" data-id=\"14969\" data-mode=\"link-lightbox\" data-title=\"false\" data-template=\"short-white-book-view\" data-lightbox=\"dark\" data-urlparam=\"fb3d-page\" data-page-n=\"0\" data-pdf=\"\" data-tax=\"null\" data-thumbnail=\"\" data-cols=\"3\" data-query=\"\"><img decoding=\"async\" src=\"http:\/\/www.in-magazines.com\/magazine\/wp-content\/uploads\/2021\/05\/btn.jpg\"><\/a>\n","protected":false},"excerpt":{"rendered":"<p>Une avanc&eacute;e significative pour la recherche clinique territoriale&nbsp;: c&rsquo;est le message d&eacute;livr&eacute; par la cr&eacute;ation de la nouvelle entit&eacute; de recherche Azur. Le Centre Hospitalier Universitaire de Nice et le Centre Hospitalier de Cannes &ndash; Simone Veil annoncent la signature de la convention constitutive de l&rsquo;Entit&eacute; de Recherche Territoriale Azur. Cette cr&eacute;ation marque une &eacute;tape&hellip; <a class=\"more-link\" href=\"https:\/\/www.in-magazines.com\/magazine\/sommaire\/inmagazine-44\/sante-avec-lentite-azur-la-recherche-clinique-territoriale-sorganise-et-se-developpe\/\">Poursuivre la lecture <span class=\"screen-reader-text\">SANTE : AVEC L\u2019ENTIT\u00c9 AZUR, la recherche clinique territoriale s\u2019organise et se d\u00e9veloppe<\/span><\/a><\/p>\n","protected":false},"author":1,"featured_media":15196,"comment_status":"open","ping_status":"open","sticky":false,"template":"","format":"standard","meta":{"footnotes":""},"categories":[2773,1695],"tags":[2844,2845],"yoast_head":"<!-- This site is optimized with the Yoast SEO plugin v16.2 - https:\/\/yoast.com\/wordpress\/plugins\/seo\/ -->\n<title>SANTE : AVEC L\u2019ENTIT\u00c9 AZUR, la recherche clinique territoriale s\u2019organise et se d\u00e9veloppe - In Magazines<\/title>\n<meta name=\"robots\" content=\"index, follow, max-snippet:-1, max-image-preview:large, max-video-preview:-1\" \/>\n<link rel=\"canonical\" href=\"https:\/\/www.in-magazines.com\/magazine\/categories\/it-industrie-pharmaceutique-sciences-du-vivant\/sante-avec-lentite-azur-la-recherche-clinique-territoriale-sorganise-et-se-developpe\/\" \/>\n<meta property=\"og:locale\" content=\"fr_FR\" \/>\n<meta property=\"og:type\" content=\"article\" \/>\n<meta property=\"og:title\" content=\"SANTE : AVEC L\u2019ENTIT\u00c9 AZUR, la recherche clinique territoriale s\u2019organise et se d\u00e9veloppe - In Magazines\" \/>\n<meta property=\"og:description\" content=\"Une avanc&eacute;e significative pour la recherche clinique territoriale&nbsp;: c&rsquo;est le message d&eacute;livr&eacute; par la cr&eacute;ation de la nouvelle entit&eacute; de recherche Azur. Le Centre Hospitalier Universitaire de Nice et le Centre Hospitalier de Cannes &ndash; Simone Veil annoncent la signature de la convention constitutive de l&rsquo;Entit&eacute; de Recherche Territoriale Azur. Cette cr&eacute;ation marque une &eacute;tape&hellip; Poursuivre la lecture SANTE : AVEC L\u2019ENTIT\u00c9 AZUR, la recherche clinique territoriale s\u2019organise et se d\u00e9veloppe\" \/>\n<meta property=\"og:url\" content=\"https:\/\/www.in-magazines.com\/magazine\/categories\/it-industrie-pharmaceutique-sciences-du-vivant\/sante-avec-lentite-azur-la-recherche-clinique-territoriale-sorganise-et-se-developpe\/\" \/>\n<meta property=\"og:site_name\" content=\"In Magazines\" \/>\n<meta property=\"article:published_time\" content=\"2026-04-30T06:21:00+00:00\" \/>\n<meta property=\"article:modified_time\" content=\"2026-04-27T08:44:44+00:00\" \/>\n<meta property=\"og:image\" content=\"http:\/\/www.in-magazines.com\/magazine\/wp-content\/uploads\/2026\/04\/SANTE-AVEC-L-ENTITE-AZUR-la-recherche-clinique-territoriale-s-organise-et-se-developpe.jpg\" \/>\n\t<meta property=\"og:image:width\" content=\"600\" \/>\n\t<meta property=\"og:image:height\" content=\"500\" \/>\n<meta name=\"twitter:label1\" content=\"Dur\u00e9e de lecture est.\">\n\t<meta name=\"twitter:data1\" content=\"2 minutes\">\n<script type=\"application\/ld+json\" class=\"yoast-schema-graph\">{\"@context\":\"https:\/\/schema.org\",\"@graph\":[{\"@type\":\"WebSite\",\"@id\":\"https:\/\/www.in-magazines.com\/magazine\/#website\",\"url\":\"https:\/\/www.in-magazines.com\/magazine\/\",\"name\":\"In Magazines\",\"description\":\"\",\"potentialAction\":[{\"@type\":\"SearchAction\",\"target\":\"https:\/\/www.in-magazines.com\/magazine\/?s={search_term_string}\",\"query-input\":\"required name=search_term_string\"}],\"inLanguage\":\"fr-FR\"},{\"@type\":\"ImageObject\",\"@id\":\"https:\/\/www.in-magazines.com\/magazine\/categories\/it-industrie-pharmaceutique-sciences-du-vivant\/sante-avec-lentite-azur-la-recherche-clinique-territoriale-sorganise-et-se-developpe\/#primaryimage\",\"inLanguage\":\"fr-FR\",\"url\":\"https:\/\/www.in-magazines.com\/magazine\/wp-content\/uploads\/2026\/04\/SANTE-AVEC-L-ENTITE-AZUR-la-recherche-clinique-territoriale-s-organise-et-se-developpe.jpg\",\"contentUrl\":\"https:\/\/www.in-magazines.com\/magazine\/wp-content\/uploads\/2026\/04\/SANTE-AVEC-L-ENTITE-AZUR-la-recherche-clinique-territoriale-s-organise-et-se-developpe.jpg\",\"width\":600,\"height\":500},{\"@type\":\"WebPage\",\"@id\":\"https:\/\/www.in-magazines.com\/magazine\/categories\/it-industrie-pharmaceutique-sciences-du-vivant\/sante-avec-lentite-azur-la-recherche-clinique-territoriale-sorganise-et-se-developpe\/#webpage\",\"url\":\"https:\/\/www.in-magazines.com\/magazine\/categories\/it-industrie-pharmaceutique-sciences-du-vivant\/sante-avec-lentite-azur-la-recherche-clinique-territoriale-sorganise-et-se-developpe\/\",\"name\":\"SANTE : AVEC L\\u2019ENTIT\\u00c9 AZUR, la recherche clinique territoriale s\\u2019organise et se d\\u00e9veloppe - In Magazines\",\"isPartOf\":{\"@id\":\"https:\/\/www.in-magazines.com\/magazine\/#website\"},\"primaryImageOfPage\":{\"@id\":\"https:\/\/www.in-magazines.com\/magazine\/categories\/it-industrie-pharmaceutique-sciences-du-vivant\/sante-avec-lentite-azur-la-recherche-clinique-territoriale-sorganise-et-se-developpe\/#primaryimage\"},\"datePublished\":\"2026-04-30T06:21:00+00:00\",\"dateModified\":\"2026-04-27T08:44:44+00:00\",\"author\":{\"@id\":\"https:\/\/www.in-magazines.com\/magazine\/#\/schema\/person\/c27e7dabb9a1ef380814bdd5636d07e3\"},\"breadcrumb\":{\"@id\":\"https:\/\/www.in-magazines.com\/magazine\/categories\/it-industrie-pharmaceutique-sciences-du-vivant\/sante-avec-lentite-azur-la-recherche-clinique-territoriale-sorganise-et-se-developpe\/#breadcrumb\"},\"inLanguage\":\"fr-FR\",\"potentialAction\":[{\"@type\":\"ReadAction\",\"target\":[\"https:\/\/www.in-magazines.com\/magazine\/categories\/it-industrie-pharmaceutique-sciences-du-vivant\/sante-avec-lentite-azur-la-recherche-clinique-territoriale-sorganise-et-se-developpe\/\"]}]},{\"@type\":\"BreadcrumbList\",\"@id\":\"https:\/\/www.in-magazines.com\/magazine\/categories\/it-industrie-pharmaceutique-sciences-du-vivant\/sante-avec-lentite-azur-la-recherche-clinique-territoriale-sorganise-et-se-developpe\/#breadcrumb\",\"itemListElement\":[{\"@type\":\"ListItem\",\"position\":1,\"item\":{\"@id\":\"https:\/\/www.in-magazines.com\/magazine\/categories\/it-industrie-pharmaceutique-sciences-du-vivant\/sante-avec-lentite-azur-la-recherche-clinique-territoriale-sorganise-et-se-developpe\/#webpage\"}}]},{\"@type\":\"Person\",\"@id\":\"https:\/\/www.in-magazines.com\/magazine\/#\/schema\/person\/c27e7dabb9a1ef380814bdd5636d07e3\",\"name\":\"backinmag\",\"image\":{\"@type\":\"ImageObject\",\"@id\":\"https:\/\/www.in-magazines.com\/magazine\/#personlogo\",\"inLanguage\":\"fr-FR\",\"url\":\"https:\/\/secure.gravatar.com\/avatar\/13a234bb19dc4fd04793d73c3472fbdb?s=96&d=mm&r=g\",\"contentUrl\":\"https:\/\/secure.gravatar.com\/avatar\/13a234bb19dc4fd04793d73c3472fbdb?s=96&d=mm&r=g\",\"caption\":\"backinmag\"},\"sameAs\":[\"http:\/\/www.in-magazines.com\/magazin\"]}]}<\/script>\n<!-- \/ Yoast SEO plugin. -->","_links":{"self":[{"href":"https:\/\/www.in-magazines.com\/magazine\/wp-json\/wp\/v2\/posts\/15193"}],"collection":[{"href":"https:\/\/www.in-magazines.com\/magazine\/wp-json\/wp\/v2\/posts"}],"about":[{"href":"https:\/\/www.in-magazines.com\/magazine\/wp-json\/wp\/v2\/types\/post"}],"author":[{"embeddable":true,"href":"https:\/\/www.in-magazines.com\/magazine\/wp-json\/wp\/v2\/users\/1"}],"replies":[{"embeddable":true,"href":"https:\/\/www.in-magazines.com\/magazine\/wp-json\/wp\/v2\/comments?post=15193"}],"version-history":[{"count":2,"href":"https:\/\/www.in-magazines.com\/magazine\/wp-json\/wp\/v2\/posts\/15193\/revisions"}],"predecessor-version":[{"id":15195,"href":"https:\/\/www.in-magazines.com\/magazine\/wp-json\/wp\/v2\/posts\/15193\/revisions\/15195"}],"wp:featuredmedia":[{"embeddable":true,"href":"https:\/\/www.in-magazines.com\/magazine\/wp-json\/wp\/v2\/media\/15196"}],"wp:attachment":[{"href":"https:\/\/www.in-magazines.com\/magazine\/wp-json\/wp\/v2\/media?parent=15193"}],"wp:term":[{"taxonomy":"category","embeddable":true,"href":"https:\/\/www.in-magazines.com\/magazine\/wp-json\/wp\/v2\/categories?post=15193"},{"taxonomy":"post_tag","embeddable":true,"href":"https:\/\/www.in-magazines.com\/magazine\/wp-json\/wp\/v2\/tags?post=15193"}],"curies":[{"name":"wp","href":"https:\/\/api.w.org\/{rel}","templated":true}]}}