

{"id":15211,"date":"2026-04-30T06:16:00","date_gmt":"2026-04-30T06:16:00","guid":{"rendered":"https:\/\/www.in-magazines.com\/magazine\/?p=15211"},"modified":"2026-04-27T10:25:00","modified_gmt":"2026-04-27T10:25:00","slug":"zone-dactivites-economiques-a-contes-une-nouvelle-zae-qui-integre-une-forte-dimension-environnementale","status":"publish","type":"post","link":"https:\/\/www.in-magazines.com\/magazine\/sommaire\/inmagazine-44\/zone-dactivites-economiques-a-contes-une-nouvelle-zae-qui-integre-une-forte-dimension-environnementale\/","title":{"rendered":"ZONE D\u2019ACTIVITES ECONOMIQUES : A CONTES, UNE NOUVELLE ZAE qui int\u00e8gre une forte dimension environnementale"},"content":{"rendered":"\n<p>L\u2019ancienne cimenterie Lafarge de Contes va donner naissance \u00e0 la zone d\u2019activit\u00e9s \u00e9conomique du Pimian. Un projet qui int\u00e9grera 3 dimensions environnementales&nbsp;: gestion de l\u2019eau raisonn\u00e9e, restauration des espaces et gestion de l\u2019\u00e9nergie. Au total, 35 000 m\u00b2 de surfaces seront cr\u00e9\u00e9es dont 22 000 m\u00b2 pour la petite industrie, 5&nbsp;000 m\u00b2 pour l\u2019artisanat et 8 000 m\u00b2 d\u00e9di\u00e9s \u00e0 un projet \u00e0 dimension environnementale.<\/p>\n\n\n\n<p>Le projet de la zone d\u2019activit\u00e9s \u00e9conomiques du Pimian, \u00e0 Contes, r\u00e9pond \u00e0 plusieurs enjeux forts. En premier lieu, il s\u2019agit de conduire un projet de reconversion de la derni\u00e8re friche industrielle du d\u00e9partement, totalisant 18 hectares. L\u2019Etablissement Public Foncier (EPF) PACA, a ainsi fait valoir son droit de pr\u00e9emption fin octobre 2024 et en novembre 2025 intervenait la signature de l\u2019acte authentique de cession entre Lafarge et l\u2019EPF PACA. Etape suivante&nbsp;: la Communaut\u00e9 de Communes des Pays des Paillons (CCPP) et la Mairie de Contes ont d\u00e9sign\u00e9 la CCI Nice C\u00f4te d\u2019azur comme acqu\u00e9reur et am\u00e9nageur du site. Le second enjeu et non des moindres consiste \u00e0 proposer un projet \u00e0 fortes retomb\u00e9es \u00e9conomiques pour le territoire et enfin \u00e0 cr\u00e9er des emplois de proximit\u00e9.<\/p>\n\n\n\n<h2 class=\"wp-block-heading\">Trois dimensions environnementales<\/h2>\n\n\n\n<p>&nbsp;Le projet int\u00e8gre des activit\u00e9s artisanales, des activit\u00e9s de petites industries, une halle environnementale et des aires de stationnement, en y apportant d\u2019importantes dimensions environnementales. A commencer par la gestion de l\u2019eau, qui sera raisonn\u00e9e \u00e0 l\u2019\u00e9chelle du site, gr\u00e2ce \u00e0 la cr\u00e9ation de trois bassins de r\u00e9tention naturelle. Autre aspect&nbsp;: la renaturation des espaces. Le Parc naturel de Pimian sera ainsi cr\u00e9\u00e9, d\u2019une superficie de 14.000 m\u00b2 de jardin en pleine terre, constituant pr\u00e8s de 40 % de la surface totale du plateau.<\/p>\n\n\n<a href=\"#\" class=\"_3d-flip-book  fb3d-link-lightbox-mode\" data-id=\"14972\" data-mode=\"link-lightbox\" data-title=\"false\" data-template=\"short-white-book-view\" data-lightbox=\"dark\" data-urlparam=\"fb3d-page\" data-page-n=\"0\" data-pdf=\"\" data-tax=\"null\" data-thumbnail=\"\" data-cols=\"3\" data-query=\"\"><img decoding=\"async\" src=\"http:\/\/www.in-magazines.com\/magazine\/wp-content\/uploads\/2021\/05\/btn.jpg\"><\/a>\n","protected":false},"excerpt":{"rendered":"<p>L&rsquo;ancienne cimenterie Lafarge de Contes va donner naissance &agrave; la zone d&rsquo;activit&eacute;s &eacute;conomique du Pimian. Un projet qui int&eacute;grera 3 dimensions environnementales&nbsp;: gestion de l&rsquo;eau raisonn&eacute;e, restauration des espaces et gestion de l&rsquo;&eacute;nergie. Au total, 35 000 m&sup2; de surfaces seront cr&eacute;&eacute;es dont 22 000 m&sup2; pour la petite industrie, 5&nbsp;000 m&sup2; pour l&rsquo;artisanat et&hellip; <a class=\"more-link\" href=\"https:\/\/www.in-magazines.com\/magazine\/sommaire\/inmagazine-44\/zone-dactivites-economiques-a-contes-une-nouvelle-zae-qui-integre-une-forte-dimension-environnementale\/\">Poursuivre la lecture <span class=\"screen-reader-text\">ZONE D\u2019ACTIVITES ECONOMIQUES : A CONTES, UNE NOUVELLE ZAE qui int\u00e8gre une forte dimension environnementale<\/span><\/a><\/p>\n","protected":false},"author":1,"featured_media":15214,"comment_status":"open","ping_status":"open","sticky":false,"template":"","format":"standard","meta":{"footnotes":""},"categories":[2773,1698],"tags":[2855,2856,2857],"yoast_head":"<!-- This site is optimized with the Yoast SEO plugin v16.2 - https:\/\/yoast.com\/wordpress\/plugins\/seo\/ -->\n<title>ZONE D\u2019ACTIVITES ECONOMIQUES : A CONTES, UNE NOUVELLE ZAE qui int\u00e8gre une forte dimension environnementale - In Magazines<\/title>\n<meta name=\"robots\" content=\"index, follow, max-snippet:-1, max-image-preview:large, max-video-preview:-1\" \/>\n<link rel=\"canonical\" href=\"https:\/\/www.in-magazines.com\/magazine\/categories\/btp-artisanat-habitat-immobilier\/zone-dactivites-economiques-a-contes-une-nouvelle-zae-qui-integre-une-forte-dimension-environnementale\/\" \/>\n<meta property=\"og:locale\" content=\"fr_FR\" \/>\n<meta property=\"og:type\" content=\"article\" \/>\n<meta property=\"og:title\" content=\"ZONE D\u2019ACTIVITES ECONOMIQUES : A CONTES, UNE NOUVELLE ZAE qui int\u00e8gre une forte dimension environnementale - In Magazines\" \/>\n<meta property=\"og:description\" content=\"L&rsquo;ancienne cimenterie Lafarge de Contes va donner naissance &agrave; la zone d&rsquo;activit&eacute;s &eacute;conomique du Pimian. Un projet qui int&eacute;grera 3 dimensions environnementales&nbsp;: gestion de l&rsquo;eau raisonn&eacute;e, restauration des espaces et gestion de l&rsquo;&eacute;nergie. Au total, 35 000 m&sup2; de surfaces seront cr&eacute;&eacute;es dont 22 000 m&sup2; pour la petite industrie, 5&nbsp;000 m&sup2; pour l&rsquo;artisanat et&hellip; Poursuivre la lecture ZONE D\u2019ACTIVITES ECONOMIQUES : A CONTES, UNE NOUVELLE ZAE qui int\u00e8gre une forte dimension environnementale\" \/>\n<meta property=\"og:url\" content=\"https:\/\/www.in-magazines.com\/magazine\/categories\/btp-artisanat-habitat-immobilier\/zone-dactivites-economiques-a-contes-une-nouvelle-zae-qui-integre-une-forte-dimension-environnementale\/\" \/>\n<meta property=\"og:site_name\" content=\"In Magazines\" \/>\n<meta property=\"article:published_time\" content=\"2026-04-30T06:16:00+00:00\" \/>\n<meta property=\"article:modified_time\" content=\"2026-04-27T10:25:00+00:00\" \/>\n<meta property=\"og:image\" content=\"https:\/\/www.in-magazines.com\/magazine\/wp-content\/uploads\/2026\/04\/ZONE-D-ACTIVITES-ECONOMIQUES-A-CONTES-UNE-NOUVELLE-ZAE-qui-integre-une-forte-dimension-environnementale.jpg\" \/>\n\t<meta property=\"og:image:width\" content=\"600\" \/>\n\t<meta property=\"og:image:height\" content=\"400\" \/>\n<meta name=\"twitter:label1\" content=\"Dur\u00e9e de lecture est.\">\n\t<meta name=\"twitter:data1\" content=\"2 minutes\">\n<script type=\"application\/ld+json\" class=\"yoast-schema-graph\">{\"@context\":\"https:\/\/schema.org\",\"@graph\":[{\"@type\":\"WebSite\",\"@id\":\"https:\/\/www.in-magazines.com\/magazine\/#website\",\"url\":\"https:\/\/www.in-magazines.com\/magazine\/\",\"name\":\"In Magazines\",\"description\":\"\",\"potentialAction\":[{\"@type\":\"SearchAction\",\"target\":\"https:\/\/www.in-magazines.com\/magazine\/?s={search_term_string}\",\"query-input\":\"required name=search_term_string\"}],\"inLanguage\":\"fr-FR\"},{\"@type\":\"ImageObject\",\"@id\":\"https:\/\/www.in-magazines.com\/magazine\/categories\/btp-artisanat-habitat-immobilier\/zone-dactivites-economiques-a-contes-une-nouvelle-zae-qui-integre-une-forte-dimension-environnementale\/#primaryimage\",\"inLanguage\":\"fr-FR\",\"url\":\"https:\/\/www.in-magazines.com\/magazine\/wp-content\/uploads\/2026\/04\/ZONE-D-ACTIVITES-ECONOMIQUES-A-CONTES-UNE-NOUVELLE-ZAE-qui-integre-une-forte-dimension-environnementale.jpg\",\"contentUrl\":\"https:\/\/www.in-magazines.com\/magazine\/wp-content\/uploads\/2026\/04\/ZONE-D-ACTIVITES-ECONOMIQUES-A-CONTES-UNE-NOUVELLE-ZAE-qui-integre-une-forte-dimension-environnementale.jpg\",\"width\":600,\"height\":400},{\"@type\":\"WebPage\",\"@id\":\"https:\/\/www.in-magazines.com\/magazine\/categories\/btp-artisanat-habitat-immobilier\/zone-dactivites-economiques-a-contes-une-nouvelle-zae-qui-integre-une-forte-dimension-environnementale\/#webpage\",\"url\":\"https:\/\/www.in-magazines.com\/magazine\/categories\/btp-artisanat-habitat-immobilier\/zone-dactivites-economiques-a-contes-une-nouvelle-zae-qui-integre-une-forte-dimension-environnementale\/\",\"name\":\"ZONE D\\u2019ACTIVITES ECONOMIQUES : A CONTES, UNE NOUVELLE ZAE qui int\\u00e8gre une forte dimension environnementale - In Magazines\",\"isPartOf\":{\"@id\":\"https:\/\/www.in-magazines.com\/magazine\/#website\"},\"primaryImageOfPage\":{\"@id\":\"https:\/\/www.in-magazines.com\/magazine\/categories\/btp-artisanat-habitat-immobilier\/zone-dactivites-economiques-a-contes-une-nouvelle-zae-qui-integre-une-forte-dimension-environnementale\/#primaryimage\"},\"datePublished\":\"2026-04-30T06:16:00+00:00\",\"dateModified\":\"2026-04-27T10:25:00+00:00\",\"author\":{\"@id\":\"https:\/\/www.in-magazines.com\/magazine\/#\/schema\/person\/c27e7dabb9a1ef380814bdd5636d07e3\"},\"breadcrumb\":{\"@id\":\"https:\/\/www.in-magazines.com\/magazine\/categories\/btp-artisanat-habitat-immobilier\/zone-dactivites-economiques-a-contes-une-nouvelle-zae-qui-integre-une-forte-dimension-environnementale\/#breadcrumb\"},\"inLanguage\":\"fr-FR\",\"potentialAction\":[{\"@type\":\"ReadAction\",\"target\":[\"https:\/\/www.in-magazines.com\/magazine\/categories\/btp-artisanat-habitat-immobilier\/zone-dactivites-economiques-a-contes-une-nouvelle-zae-qui-integre-une-forte-dimension-environnementale\/\"]}]},{\"@type\":\"BreadcrumbList\",\"@id\":\"https:\/\/www.in-magazines.com\/magazine\/categories\/btp-artisanat-habitat-immobilier\/zone-dactivites-economiques-a-contes-une-nouvelle-zae-qui-integre-une-forte-dimension-environnementale\/#breadcrumb\",\"itemListElement\":[{\"@type\":\"ListItem\",\"position\":1,\"item\":{\"@id\":\"https:\/\/www.in-magazines.com\/magazine\/categories\/btp-artisanat-habitat-immobilier\/zone-dactivites-economiques-a-contes-une-nouvelle-zae-qui-integre-une-forte-dimension-environnementale\/#webpage\"}}]},{\"@type\":\"Person\",\"@id\":\"https:\/\/www.in-magazines.com\/magazine\/#\/schema\/person\/c27e7dabb9a1ef380814bdd5636d07e3\",\"name\":\"backinmag\",\"image\":{\"@type\":\"ImageObject\",\"@id\":\"https:\/\/www.in-magazines.com\/magazine\/#personlogo\",\"inLanguage\":\"fr-FR\",\"url\":\"https:\/\/secure.gravatar.com\/avatar\/13a234bb19dc4fd04793d73c3472fbdb?s=96&d=mm&r=g\",\"contentUrl\":\"https:\/\/secure.gravatar.com\/avatar\/13a234bb19dc4fd04793d73c3472fbdb?s=96&d=mm&r=g\",\"caption\":\"backinmag\"},\"sameAs\":[\"http:\/\/www.in-magazines.com\/magazin\"]}]}<\/script>\n<!-- \/ Yoast SEO plugin. -->","_links":{"self":[{"href":"https:\/\/www.in-magazines.com\/magazine\/wp-json\/wp\/v2\/posts\/15211"}],"collection":[{"href":"https:\/\/www.in-magazines.com\/magazine\/wp-json\/wp\/v2\/posts"}],"about":[{"href":"https:\/\/www.in-magazines.com\/magazine\/wp-json\/wp\/v2\/types\/post"}],"author":[{"embeddable":true,"href":"https:\/\/www.in-magazines.com\/magazine\/wp-json\/wp\/v2\/users\/1"}],"replies":[{"embeddable":true,"href":"https:\/\/www.in-magazines.com\/magazine\/wp-json\/wp\/v2\/comments?post=15211"}],"version-history":[{"count":2,"href":"https:\/\/www.in-magazines.com\/magazine\/wp-json\/wp\/v2\/posts\/15211\/revisions"}],"predecessor-version":[{"id":15213,"href":"https:\/\/www.in-magazines.com\/magazine\/wp-json\/wp\/v2\/posts\/15211\/revisions\/15213"}],"wp:featuredmedia":[{"embeddable":true,"href":"https:\/\/www.in-magazines.com\/magazine\/wp-json\/wp\/v2\/media\/15214"}],"wp:attachment":[{"href":"https:\/\/www.in-magazines.com\/magazine\/wp-json\/wp\/v2\/media?parent=15211"}],"wp:term":[{"taxonomy":"category","embeddable":true,"href":"https:\/\/www.in-magazines.com\/magazine\/wp-json\/wp\/v2\/categories?post=15211"},{"taxonomy":"post_tag","embeddable":true,"href":"https:\/\/www.in-magazines.com\/magazine\/wp-json\/wp\/v2\/tags?post=15211"}],"curies":[{"name":"wp","href":"https:\/\/api.w.org\/{rel}","templated":true}]}}