

{"id":15215,"date":"2026-04-30T06:15:00","date_gmt":"2026-04-30T06:15:00","guid":{"rendered":"https:\/\/www.in-magazines.com\/magazine\/?p=15215"},"modified":"2026-04-27T10:35:14","modified_gmt":"2026-04-27T10:35:14","slug":"cristina-vochescu-du-carrelage-et-du-caractere","status":"publish","type":"post","link":"https:\/\/www.in-magazines.com\/magazine\/sommaire\/inmagazine-44\/cristina-vochescu-du-carrelage-et-du-caractere\/","title":{"rendered":"CRISTINA VOCHESCU : Du carrelage ET DU CARACT\u00c8RE"},"content":{"rendered":"\n<p>Si Dan Mosteanu apporte depuis quelques ann\u00e9es de la nouveaut\u00e9 sur le march\u00e9 de la vente de carrelage dans le d\u00e9partement des Alpes-Maritimes, la r\u00e9ussite de l\u2019entreprise MOS 06 est aussi une affaire f\u00e9minine&nbsp;: la pr\u00e9sence de Cristina Vochescu, son implication de tous les instants au service des clients de l\u2019entreprise, en font l\u2019une des pi\u00e8ces maitresses du succ\u00e8s de MOS 06. Rencontre.<\/p>\n\n\n\n<p><strong>Cristina, votre accent souligne des origines d\u2019Europe de l\u2019est. D\u2019o\u00f9 vous vient-il\u00a0?<\/strong><br>Cristina\u00a0 Vochescu : je suis n\u00e9e et j\u2019ai grandi en Roumanie, dans le Judet de V\u00e2lcea. Un Judet, en Roumanie, c\u2019est en quelque sorte l\u2019\u00e9quivalent, en France, d\u2019un d\u00e9partement. J\u2019habitais dans un petit village. J\u2019ai rencontr\u00e9 Dan en 2013. Je vivais d\u00e9j\u00e0 en Roumanie et \u00e0 cette \u00e9poque, il revenait r\u00e9guli\u00e8rement de Nice pour voir sa famille. Je suis ensuite venue plusieurs fois ici, en vacances, avant de venir m\u2019y installer \u00e0 l\u2019\u00e2ge de 20 ans. Au d\u00e9part, j\u2019ai travaill\u00e9 aupr\u00e8s de Dan dans une premi\u00e8re entreprise de r\u00e9novation qu\u2019il avait cr\u00e9\u00e9e avant de se lancer dans le commerce de carrelage et de rev\u00eatement de sols.<\/p>\n\n\n\n<p><strong>Vos d\u00e9buts ont \u00e9t\u00e9 difficiles\u00a0?<\/strong><br>Cela a \u00e9t\u00e9 difficile d\u2019apprendre \u00e0 maitriser la langue, m\u00eame si au lyc\u00e9e\u00a0 en Roumanie, nous \u00e9tudions de nombreuses langues, dont le fran\u00e7ais ! En arrivant ici, je ne fr\u00e9quentais que la communaut\u00e9 roumaine : c\u2019est r\u00e9confortant pour nous de parler notre langue maternelle mais cela retardait mes progr\u00e8s en Fran\u00e7ais\u2026<\/p>\n\n\n\n<p><strong>Comment est n\u00e9e l\u2019entreprise\u00a0?<\/strong><br>Avec sa premi\u00e8re entreprise de r\u00e9novation du b\u00e2timent, Dan Mosteanu a \u00e9t\u00e9 confront\u00e9 \u00e0 une demande de clients et amis de trouver des mat\u00e9riaux pour ses chantiers et leurs projets. Petit \u00e0 petit, il a nou\u00e9 des contacts, notamment en Italie. Et c\u2019est comme cela que l\u2019activit\u00e9 a commenc\u00e9.<\/p>\n\n\n<a href=\"#\" class=\"_3d-flip-book  fb3d-link-lightbox-mode\" data-id=\"14973\" data-mode=\"link-lightbox\" data-title=\"false\" data-template=\"short-white-book-view\" data-lightbox=\"dark\" data-urlparam=\"fb3d-page\" data-page-n=\"0\" data-pdf=\"\" data-tax=\"null\" data-thumbnail=\"\" data-cols=\"3\" data-query=\"\"><img decoding=\"async\" src=\"http:\/\/www.in-magazines.com\/magazine\/wp-content\/uploads\/2021\/05\/btn.jpg\"><\/a>\n","protected":false},"excerpt":{"rendered":"<p>Si Dan Mosteanu apporte depuis quelques ann&eacute;es de la nouveaut&eacute; sur le march&eacute; de la vente de carrelage dans le d&eacute;partement des Alpes-Maritimes, la r&eacute;ussite de l&rsquo;entreprise MOS 06 est aussi une affaire f&eacute;minine&nbsp;: la pr&eacute;sence de Cristina Vochescu, son implication de tous les instants au service des clients de l&rsquo;entreprise, en font l&rsquo;une des&hellip; <a class=\"more-link\" href=\"https:\/\/www.in-magazines.com\/magazine\/sommaire\/inmagazine-44\/cristina-vochescu-du-carrelage-et-du-caractere\/\">Poursuivre la lecture <span class=\"screen-reader-text\">CRISTINA VOCHESCU : Du carrelage ET DU CARACT\u00c8RE<\/span><\/a><\/p>\n","protected":false},"author":1,"featured_media":15218,"comment_status":"open","ping_status":"open","sticky":false,"template":"","format":"standard","meta":{"footnotes":""},"categories":[2773,1698],"tags":[2858,2859],"yoast_head":"<!-- This site is optimized with the Yoast SEO plugin v16.2 - https:\/\/yoast.com\/wordpress\/plugins\/seo\/ -->\n<title>CRISTINA VOCHESCU : Du carrelage ET DU CARACT\u00c8RE - In Magazines<\/title>\n<meta name=\"robots\" content=\"index, follow, max-snippet:-1, max-image-preview:large, max-video-preview:-1\" \/>\n<link rel=\"canonical\" href=\"https:\/\/www.in-magazines.com\/magazine\/categories\/btp-artisanat-habitat-immobilier\/cristina-vochescu-du-carrelage-et-du-caractere\/\" \/>\n<meta property=\"og:locale\" content=\"fr_FR\" \/>\n<meta property=\"og:type\" content=\"article\" \/>\n<meta property=\"og:title\" content=\"CRISTINA VOCHESCU : Du carrelage ET DU CARACT\u00c8RE - In Magazines\" \/>\n<meta property=\"og:description\" content=\"Si Dan Mosteanu apporte depuis quelques ann&eacute;es de la nouveaut&eacute; sur le march&eacute; de la vente de carrelage dans le d&eacute;partement des Alpes-Maritimes, la r&eacute;ussite de l&rsquo;entreprise MOS 06 est aussi une affaire f&eacute;minine&nbsp;: la pr&eacute;sence de Cristina Vochescu, son implication de tous les instants au service des clients de l&rsquo;entreprise, en font l&rsquo;une des&hellip; Poursuivre la lecture CRISTINA VOCHESCU : Du carrelage ET DU CARACT\u00c8RE\" \/>\n<meta property=\"og:url\" content=\"https:\/\/www.in-magazines.com\/magazine\/categories\/btp-artisanat-habitat-immobilier\/cristina-vochescu-du-carrelage-et-du-caractere\/\" \/>\n<meta property=\"og:site_name\" content=\"In Magazines\" \/>\n<meta property=\"article:published_time\" content=\"2026-04-30T06:15:00+00:00\" \/>\n<meta property=\"article:modified_time\" content=\"2026-04-27T10:35:14+00:00\" \/>\n<meta property=\"og:image\" content=\"https:\/\/www.in-magazines.com\/magazine\/wp-content\/uploads\/2026\/04\/CRISTINA-VOCHESCU-Du-carrelage-ET-DU-CARACTERE.jpg\" \/>\n\t<meta property=\"og:image:width\" content=\"600\" \/>\n\t<meta property=\"og:image:height\" content=\"600\" \/>\n<meta name=\"twitter:label1\" content=\"Dur\u00e9e de lecture est.\">\n\t<meta name=\"twitter:data1\" content=\"2 minutes\">\n<script type=\"application\/ld+json\" class=\"yoast-schema-graph\">{\"@context\":\"https:\/\/schema.org\",\"@graph\":[{\"@type\":\"WebSite\",\"@id\":\"https:\/\/www.in-magazines.com\/magazine\/#website\",\"url\":\"https:\/\/www.in-magazines.com\/magazine\/\",\"name\":\"In Magazines\",\"description\":\"\",\"potentialAction\":[{\"@type\":\"SearchAction\",\"target\":\"https:\/\/www.in-magazines.com\/magazine\/?s={search_term_string}\",\"query-input\":\"required name=search_term_string\"}],\"inLanguage\":\"fr-FR\"},{\"@type\":\"ImageObject\",\"@id\":\"https:\/\/www.in-magazines.com\/magazine\/categories\/btp-artisanat-habitat-immobilier\/cristina-vochescu-du-carrelage-et-du-caractere\/#primaryimage\",\"inLanguage\":\"fr-FR\",\"url\":\"https:\/\/www.in-magazines.com\/magazine\/wp-content\/uploads\/2026\/04\/CRISTINA-VOCHESCU-Du-carrelage-ET-DU-CARACTERE.jpg\",\"contentUrl\":\"https:\/\/www.in-magazines.com\/magazine\/wp-content\/uploads\/2026\/04\/CRISTINA-VOCHESCU-Du-carrelage-ET-DU-CARACTERE.jpg\",\"width\":600,\"height\":600},{\"@type\":\"WebPage\",\"@id\":\"https:\/\/www.in-magazines.com\/magazine\/categories\/btp-artisanat-habitat-immobilier\/cristina-vochescu-du-carrelage-et-du-caractere\/#webpage\",\"url\":\"https:\/\/www.in-magazines.com\/magazine\/categories\/btp-artisanat-habitat-immobilier\/cristina-vochescu-du-carrelage-et-du-caractere\/\",\"name\":\"CRISTINA VOCHESCU : Du carrelage ET DU CARACT\\u00c8RE - In Magazines\",\"isPartOf\":{\"@id\":\"https:\/\/www.in-magazines.com\/magazine\/#website\"},\"primaryImageOfPage\":{\"@id\":\"https:\/\/www.in-magazines.com\/magazine\/categories\/btp-artisanat-habitat-immobilier\/cristina-vochescu-du-carrelage-et-du-caractere\/#primaryimage\"},\"datePublished\":\"2026-04-30T06:15:00+00:00\",\"dateModified\":\"2026-04-27T10:35:14+00:00\",\"author\":{\"@id\":\"https:\/\/www.in-magazines.com\/magazine\/#\/schema\/person\/c27e7dabb9a1ef380814bdd5636d07e3\"},\"breadcrumb\":{\"@id\":\"https:\/\/www.in-magazines.com\/magazine\/categories\/btp-artisanat-habitat-immobilier\/cristina-vochescu-du-carrelage-et-du-caractere\/#breadcrumb\"},\"inLanguage\":\"fr-FR\",\"potentialAction\":[{\"@type\":\"ReadAction\",\"target\":[\"https:\/\/www.in-magazines.com\/magazine\/categories\/btp-artisanat-habitat-immobilier\/cristina-vochescu-du-carrelage-et-du-caractere\/\"]}]},{\"@type\":\"BreadcrumbList\",\"@id\":\"https:\/\/www.in-magazines.com\/magazine\/categories\/btp-artisanat-habitat-immobilier\/cristina-vochescu-du-carrelage-et-du-caractere\/#breadcrumb\",\"itemListElement\":[{\"@type\":\"ListItem\",\"position\":1,\"item\":{\"@id\":\"https:\/\/www.in-magazines.com\/magazine\/categories\/btp-artisanat-habitat-immobilier\/cristina-vochescu-du-carrelage-et-du-caractere\/#webpage\"}}]},{\"@type\":\"Person\",\"@id\":\"https:\/\/www.in-magazines.com\/magazine\/#\/schema\/person\/c27e7dabb9a1ef380814bdd5636d07e3\",\"name\":\"backinmag\",\"image\":{\"@type\":\"ImageObject\",\"@id\":\"https:\/\/www.in-magazines.com\/magazine\/#personlogo\",\"inLanguage\":\"fr-FR\",\"url\":\"https:\/\/secure.gravatar.com\/avatar\/13a234bb19dc4fd04793d73c3472fbdb?s=96&d=mm&r=g\",\"contentUrl\":\"https:\/\/secure.gravatar.com\/avatar\/13a234bb19dc4fd04793d73c3472fbdb?s=96&d=mm&r=g\",\"caption\":\"backinmag\"},\"sameAs\":[\"http:\/\/www.in-magazines.com\/magazin\"]}]}<\/script>\n<!-- \/ Yoast SEO plugin. -->","_links":{"self":[{"href":"https:\/\/www.in-magazines.com\/magazine\/wp-json\/wp\/v2\/posts\/15215"}],"collection":[{"href":"https:\/\/www.in-magazines.com\/magazine\/wp-json\/wp\/v2\/posts"}],"about":[{"href":"https:\/\/www.in-magazines.com\/magazine\/wp-json\/wp\/v2\/types\/post"}],"author":[{"embeddable":true,"href":"https:\/\/www.in-magazines.com\/magazine\/wp-json\/wp\/v2\/users\/1"}],"replies":[{"embeddable":true,"href":"https:\/\/www.in-magazines.com\/magazine\/wp-json\/wp\/v2\/comments?post=15215"}],"version-history":[{"count":2,"href":"https:\/\/www.in-magazines.com\/magazine\/wp-json\/wp\/v2\/posts\/15215\/revisions"}],"predecessor-version":[{"id":15217,"href":"https:\/\/www.in-magazines.com\/magazine\/wp-json\/wp\/v2\/posts\/15215\/revisions\/15217"}],"wp:featuredmedia":[{"embeddable":true,"href":"https:\/\/www.in-magazines.com\/magazine\/wp-json\/wp\/v2\/media\/15218"}],"wp:attachment":[{"href":"https:\/\/www.in-magazines.com\/magazine\/wp-json\/wp\/v2\/media?parent=15215"}],"wp:term":[{"taxonomy":"category","embeddable":true,"href":"https:\/\/www.in-magazines.com\/magazine\/wp-json\/wp\/v2\/categories?post=15215"},{"taxonomy":"post_tag","embeddable":true,"href":"https:\/\/www.in-magazines.com\/magazine\/wp-json\/wp\/v2\/tags?post=15215"}],"curies":[{"name":"wp","href":"https:\/\/api.w.org\/{rel}","templated":true}]}}