

{"id":15219,"date":"2026-04-30T06:14:00","date_gmt":"2026-04-30T06:14:00","guid":{"rendered":"https:\/\/www.in-magazines.com\/magazine\/?p=15219"},"modified":"2026-04-27T10:56:47","modified_gmt":"2026-04-27T10:56:47","slug":"michel-amerio-couleurs-locales","status":"publish","type":"post","link":"https:\/\/www.in-magazines.com\/magazine\/sommaire\/inmagazine-44\/michel-amerio-couleurs-locales\/","title":{"rendered":"MICHEL AMERIO : COULEURS LOCALES"},"content":{"rendered":"\n<p>Depuis six ans, les magasins de vente de peinture Nuances Unikalo se d\u00e9veloppent dans les Alpes-Maritimes. Michel Amerio, pionnier de la marque dans le 06, en assure la prescription aupr\u00e8s des professionnels. Voici son parcours :<\/p>\n\n\n\n<p><strong>Vous avez toujours travaill\u00e9 aupr\u00e8s des professionnels du b\u00e2timent ?<\/strong><br>Michel Amerio : Je suis originaire de la C\u00f4te d\u2019Azur o\u00f9 j\u2019ai commenc\u00e9 par des \u00e9tudes de dessinateur industriel. J\u2019ai travaill\u00e9 pendant un an et demi dans ce secteur apr\u00e8s mon service militaire, mais cela ne me correspondait pas vraiment. J\u2019ai r\u00e9pondu \u00e0 la petite annonce d\u2019un marchand de mat\u00e9riaux qui recherchait un technico-commercial. J\u2019y suis rest\u00e9 quatre ans puis un fabricant de planchers et d\u2019agglos qui faisait \u00e9galement centrale \u00e0 b\u00e9ton et produits de n\u00e9goce du b\u00e2timent, m\u2019a contact\u00e9. C\u2019est l\u00e0, chez Trinit\u00e9 Planchers, que j\u2019ai fait mes armes. J\u2019y suis rest\u00e9 9 ans, aupr\u00e8s d\u2019un directeur commercial \u00ab \u00e0 l\u2019ancienne \u00bb, qui m\u2019a vraiment appris le m\u00e9tier.<\/p>\n\n\n\n<p><strong>Qu\u2019est-ce que cela implique d\u2019apprendre \u00ab \u00e0 l\u2019ancienne \u00bb ?<\/strong><br>Je crois que l\u2019on apprend bien sur le terrain, au plus pr\u00e8s des clients. Autre point essentiel : connaitre la technicit\u00e9 des produits. Et surtout, \u00eatre en confiance avec l\u2019\u00e9quipe avec laquelle on travaille et on s\u2019implique. Dans cette entreprise, qui faisait du n\u00e9goce, je me suis int\u00e9ress\u00e9 aux produits qui devenaient \u00e0 la mode \u00e0 cette \u00e9poque, comme les enduits \u00e0 la chaux et d\u2019autres nouveaut\u00e9s sur lesquels je me suis plu \u00e0 travailler. A ce moment, les principaux fabricants de ces produits m\u2019ont fait un appel du pied. Ils souhaitaient d\u00e9velopper leurs ventes dans les Alpes-Maritimes, les Alpes de Haute Provence et le Var.<\/p>\n\n\n<a href=\"#\" class=\"_3d-flip-book  fb3d-link-lightbox-mode\" data-id=\"14974\" data-mode=\"link-lightbox\" data-title=\"false\" data-template=\"short-white-book-view\" data-lightbox=\"dark\" data-urlparam=\"fb3d-page\" data-page-n=\"0\" data-pdf=\"\" data-tax=\"null\" data-thumbnail=\"\" data-cols=\"3\" data-query=\"\"><img decoding=\"async\" src=\"http:\/\/www.in-magazines.com\/magazine\/wp-content\/uploads\/2021\/05\/btn.jpg\"><\/a>\n","protected":false},"excerpt":{"rendered":"<p>Depuis six ans, les magasins de vente de peinture Nuances Unikalo se d&eacute;veloppent dans les Alpes-Maritimes. Michel Amerio, pionnier de la marque dans le 06, en assure la prescription aupr&egrave;s des professionnels. Voici son parcours : Vous avez toujours travaill&eacute; aupr&egrave;s des professionnels du b&acirc;timent ?Michel Amerio : Je suis originaire de la C&ocirc;te d&rsquo;Azur&hellip; <a class=\"more-link\" href=\"https:\/\/www.in-magazines.com\/magazine\/sommaire\/inmagazine-44\/michel-amerio-couleurs-locales\/\">Poursuivre la lecture <span class=\"screen-reader-text\">MICHEL AMERIO : COULEURS LOCALES<\/span><\/a><\/p>\n","protected":false},"author":1,"featured_media":15222,"comment_status":"open","ping_status":"open","sticky":false,"template":"","format":"standard","meta":{"footnotes":""},"categories":[2773,1698],"tags":[279,2861,2862],"yoast_head":"<!-- This site is optimized with the Yoast SEO plugin v16.2 - https:\/\/yoast.com\/wordpress\/plugins\/seo\/ -->\n<title>MICHEL AMERIO : COULEURS LOCALES - In Magazines<\/title>\n<meta name=\"robots\" content=\"index, follow, max-snippet:-1, max-image-preview:large, max-video-preview:-1\" \/>\n<link rel=\"canonical\" href=\"https:\/\/www.in-magazines.com\/magazine\/categories\/btp-artisanat-habitat-immobilier\/michel-amerio-couleurs-locales\/\" \/>\n<meta property=\"og:locale\" content=\"fr_FR\" \/>\n<meta property=\"og:type\" content=\"article\" \/>\n<meta property=\"og:title\" content=\"MICHEL AMERIO : COULEURS LOCALES - In Magazines\" \/>\n<meta property=\"og:description\" content=\"Depuis six ans, les magasins de vente de peinture Nuances Unikalo se d&eacute;veloppent dans les Alpes-Maritimes. Michel Amerio, pionnier de la marque dans le 06, en assure la prescription aupr&egrave;s des professionnels. Voici son parcours : Vous avez toujours travaill&eacute; aupr&egrave;s des professionnels du b&acirc;timent ?Michel Amerio : Je suis originaire de la C&ocirc;te d&rsquo;Azur&hellip; Poursuivre la lecture MICHEL AMERIO : COULEURS LOCALES\" \/>\n<meta property=\"og:url\" content=\"https:\/\/www.in-magazines.com\/magazine\/categories\/btp-artisanat-habitat-immobilier\/michel-amerio-couleurs-locales\/\" \/>\n<meta property=\"og:site_name\" content=\"In Magazines\" \/>\n<meta property=\"article:published_time\" content=\"2026-04-30T06:14:00+00:00\" \/>\n<meta property=\"article:modified_time\" content=\"2026-04-27T10:56:47+00:00\" \/>\n<meta property=\"og:image\" content=\"https:\/\/www.in-magazines.com\/magazine\/wp-content\/uploads\/2026\/04\/MICHEL-AMERIO-COULEURS-LOCALES.jpg\" \/>\n\t<meta property=\"og:image:width\" content=\"600\" \/>\n\t<meta property=\"og:image:height\" content=\"600\" \/>\n<meta name=\"twitter:label1\" content=\"Dur\u00e9e de lecture est.\">\n\t<meta name=\"twitter:data1\" content=\"2 minutes\">\n<script type=\"application\/ld+json\" class=\"yoast-schema-graph\">{\"@context\":\"https:\/\/schema.org\",\"@graph\":[{\"@type\":\"WebSite\",\"@id\":\"https:\/\/www.in-magazines.com\/magazine\/#website\",\"url\":\"https:\/\/www.in-magazines.com\/magazine\/\",\"name\":\"In Magazines\",\"description\":\"\",\"potentialAction\":[{\"@type\":\"SearchAction\",\"target\":\"https:\/\/www.in-magazines.com\/magazine\/?s={search_term_string}\",\"query-input\":\"required name=search_term_string\"}],\"inLanguage\":\"fr-FR\"},{\"@type\":\"ImageObject\",\"@id\":\"https:\/\/www.in-magazines.com\/magazine\/categories\/btp-artisanat-habitat-immobilier\/michel-amerio-couleurs-locales\/#primaryimage\",\"inLanguage\":\"fr-FR\",\"url\":\"https:\/\/www.in-magazines.com\/magazine\/wp-content\/uploads\/2026\/04\/MICHEL-AMERIO-COULEURS-LOCALES.jpg\",\"contentUrl\":\"https:\/\/www.in-magazines.com\/magazine\/wp-content\/uploads\/2026\/04\/MICHEL-AMERIO-COULEURS-LOCALES.jpg\",\"width\":600,\"height\":600},{\"@type\":\"WebPage\",\"@id\":\"https:\/\/www.in-magazines.com\/magazine\/categories\/btp-artisanat-habitat-immobilier\/michel-amerio-couleurs-locales\/#webpage\",\"url\":\"https:\/\/www.in-magazines.com\/magazine\/categories\/btp-artisanat-habitat-immobilier\/michel-amerio-couleurs-locales\/\",\"name\":\"MICHEL AMERIO : COULEURS LOCALES - In Magazines\",\"isPartOf\":{\"@id\":\"https:\/\/www.in-magazines.com\/magazine\/#website\"},\"primaryImageOfPage\":{\"@id\":\"https:\/\/www.in-magazines.com\/magazine\/categories\/btp-artisanat-habitat-immobilier\/michel-amerio-couleurs-locales\/#primaryimage\"},\"datePublished\":\"2026-04-30T06:14:00+00:00\",\"dateModified\":\"2026-04-27T10:56:47+00:00\",\"author\":{\"@id\":\"https:\/\/www.in-magazines.com\/magazine\/#\/schema\/person\/c27e7dabb9a1ef380814bdd5636d07e3\"},\"breadcrumb\":{\"@id\":\"https:\/\/www.in-magazines.com\/magazine\/categories\/btp-artisanat-habitat-immobilier\/michel-amerio-couleurs-locales\/#breadcrumb\"},\"inLanguage\":\"fr-FR\",\"potentialAction\":[{\"@type\":\"ReadAction\",\"target\":[\"https:\/\/www.in-magazines.com\/magazine\/categories\/btp-artisanat-habitat-immobilier\/michel-amerio-couleurs-locales\/\"]}]},{\"@type\":\"BreadcrumbList\",\"@id\":\"https:\/\/www.in-magazines.com\/magazine\/categories\/btp-artisanat-habitat-immobilier\/michel-amerio-couleurs-locales\/#breadcrumb\",\"itemListElement\":[{\"@type\":\"ListItem\",\"position\":1,\"item\":{\"@id\":\"https:\/\/www.in-magazines.com\/magazine\/categories\/btp-artisanat-habitat-immobilier\/michel-amerio-couleurs-locales\/#webpage\"}}]},{\"@type\":\"Person\",\"@id\":\"https:\/\/www.in-magazines.com\/magazine\/#\/schema\/person\/c27e7dabb9a1ef380814bdd5636d07e3\",\"name\":\"backinmag\",\"image\":{\"@type\":\"ImageObject\",\"@id\":\"https:\/\/www.in-magazines.com\/magazine\/#personlogo\",\"inLanguage\":\"fr-FR\",\"url\":\"https:\/\/secure.gravatar.com\/avatar\/13a234bb19dc4fd04793d73c3472fbdb?s=96&d=mm&r=g\",\"contentUrl\":\"https:\/\/secure.gravatar.com\/avatar\/13a234bb19dc4fd04793d73c3472fbdb?s=96&d=mm&r=g\",\"caption\":\"backinmag\"},\"sameAs\":[\"http:\/\/www.in-magazines.com\/magazin\"]}]}<\/script>\n<!-- \/ Yoast SEO plugin. -->","_links":{"self":[{"href":"https:\/\/www.in-magazines.com\/magazine\/wp-json\/wp\/v2\/posts\/15219"}],"collection":[{"href":"https:\/\/www.in-magazines.com\/magazine\/wp-json\/wp\/v2\/posts"}],"about":[{"href":"https:\/\/www.in-magazines.com\/magazine\/wp-json\/wp\/v2\/types\/post"}],"author":[{"embeddable":true,"href":"https:\/\/www.in-magazines.com\/magazine\/wp-json\/wp\/v2\/users\/1"}],"replies":[{"embeddable":true,"href":"https:\/\/www.in-magazines.com\/magazine\/wp-json\/wp\/v2\/comments?post=15219"}],"version-history":[{"count":2,"href":"https:\/\/www.in-magazines.com\/magazine\/wp-json\/wp\/v2\/posts\/15219\/revisions"}],"predecessor-version":[{"id":15221,"href":"https:\/\/www.in-magazines.com\/magazine\/wp-json\/wp\/v2\/posts\/15219\/revisions\/15221"}],"wp:featuredmedia":[{"embeddable":true,"href":"https:\/\/www.in-magazines.com\/magazine\/wp-json\/wp\/v2\/media\/15222"}],"wp:attachment":[{"href":"https:\/\/www.in-magazines.com\/magazine\/wp-json\/wp\/v2\/media?parent=15219"}],"wp:term":[{"taxonomy":"category","embeddable":true,"href":"https:\/\/www.in-magazines.com\/magazine\/wp-json\/wp\/v2\/categories?post=15219"},{"taxonomy":"post_tag","embeddable":true,"href":"https:\/\/www.in-magazines.com\/magazine\/wp-json\/wp\/v2\/tags?post=15219"}],"curies":[{"name":"wp","href":"https:\/\/api.w.org\/{rel}","templated":true}]}}