

{"id":15223,"date":"2026-04-30T06:13:00","date_gmt":"2026-04-30T06:13:00","guid":{"rendered":"https:\/\/www.in-magazines.com\/magazine\/?p=15223"},"modified":"2026-04-27T11:13:18","modified_gmt":"2026-04-27T11:13:18","slug":"celine-emmanuel-montesi-virage-bioclimatique","status":"publish","type":"post","link":"https:\/\/www.in-magazines.com\/magazine\/sommaire\/inmagazine-44\/celine-emmanuel-montesi-virage-bioclimatique\/","title":{"rendered":"C\u00c9LINE &amp; EMMANUEL MONTESI : Virage BIOCLIMATIQUE"},"content":{"rendered":"\n<p>Plus de 25 ans qu\u2019Emmanuel Montesi, \u00e9paul\u00e9 par son \u00e9pouse C\u00e9line, d\u00e9veloppe B\u00e2ti Vence, entreprise de construction et d\u2019am\u00e9nagement ext\u00e9rieur au service des particuliers, des architectes, des entreprises et collectivit\u00e9s des Alpes-Maritimes et de l\u2019Est Var. Une expertise qui se focalise de plus en plus aujourd\u2019hui sur la commercialisation et la pose de pergolas bioclimatiques premium, mod\u00e8les ing\u00e9nieux et innovants, qui transforment ind\u00e9niablement les am\u00e9nagements du b\u00e2ti existant, pour en sublimer les espaces.<\/p>\n\n\n\n<p><strong>Comment est n\u00e9e B\u00e2ti Vence\u00a0? Quelle est l\u2019histoire de l\u2019entreprise\u00a0?<br><\/strong>Emmanuel Montesi\u00a0: En 1998, je reprends l\u2019entreprise de ma\u00e7onnerie g\u00e9n\u00e9rale fond\u00e9e par mes parents. A ce moment-l\u00e0, elle \u00e9tait l\u2019une des plus importantes de Vence, employant jusqu\u2019\u00e0 35 personnes. Nous construisions des maisons, piscines et nous proposions d\u00e9j\u00e0 des terrassements complexes, mais j\u2019avais envie d\u2019une organisation diff\u00e9rente.<\/p>\n\n\n\n<p><strong>Le b\u00e2timent, c\u2019\u00e9tait une vocation\u00a0? <br><\/strong>Je m\u2019\u00e9tais promis de ne pas devenir ma\u00e7on\u2026 Mais je me suis tout de m\u00eame lanc\u00e9 dans le BTP en pr\u00e9parant mon dipl\u00f4me de g\u00e9om\u00e8tre. J\u2019ai effectu\u00e9 diff\u00e9rents stages, mais je n\u2019ai jamais exerc\u00e9 comme g\u00e9om\u00e8tre. Cela me permettait surtout de valider un dipl\u00f4me dans le b\u00e2timent et cette expertise me sert encore quotidiennement dans mes calculs d\u2019implantation lorsque je pr\u00e9pare par exemple la construction d\u2019une piscine ou de tout autre type de b\u00e2ti.<br>Lorsque mon p\u00e8re m\u2019a demand\u00e9 ce que je voulais faire dans l\u2019entreprise, je n\u2019ai pas h\u00e9sit\u00e9 longtemps, ma r\u00e9ponse \u00e9tait d\u00e9j\u00e0 toute pr\u00eate\u00a0: terrassier\u2026 Tout petit, d\u00e8s l\u2019\u00e2ge de 7 ou 8 ans, je montais dans les engins de chantier\u2026\u00a0 Je savais que je faisais le bon choix, j\u2019ai toujours eu besoin d\u2019\u00eatre dehors, sur le terrain\u2026 au sens propre. Aujourd\u2019hui encore, passer dans des endroits impossibles, d\u00e9placer des montagnes, c\u2019est un d\u00e9fi de tous les jours.<\/p>\n\n\n<a href=\"#\" class=\"_3d-flip-book  fb3d-link-lightbox-mode\" data-id=\"14975\" data-mode=\"link-lightbox\" data-title=\"false\" data-template=\"short-white-book-view\" data-lightbox=\"dark\" data-urlparam=\"fb3d-page\" data-page-n=\"0\" data-pdf=\"\" data-tax=\"null\" data-thumbnail=\"\" data-cols=\"3\" data-query=\"\"><img decoding=\"async\" src=\"http:\/\/www.in-magazines.com\/magazine\/wp-content\/uploads\/2021\/05\/btn.jpg\"><\/a>\n","protected":false},"excerpt":{"rendered":"<p>Plus de 25 ans qu&rsquo;Emmanuel Montesi, &eacute;paul&eacute; par son &eacute;pouse C&eacute;line, d&eacute;veloppe B&acirc;ti Vence, entreprise de construction et d&rsquo;am&eacute;nagement ext&eacute;rieur au service des particuliers, des architectes, des entreprises et collectivit&eacute;s des Alpes-Maritimes et de l&rsquo;Est Var. Une expertise qui se focalise de plus en plus aujourd&rsquo;hui sur la commercialisation et la pose de pergolas bioclimatiques&hellip; <a class=\"more-link\" href=\"https:\/\/www.in-magazines.com\/magazine\/sommaire\/inmagazine-44\/celine-emmanuel-montesi-virage-bioclimatique\/\">Poursuivre la lecture <span class=\"screen-reader-text\">C\u00c9LINE &amp; EMMANUEL MONTESI : Virage BIOCLIMATIQUE<\/span><\/a><\/p>\n","protected":false},"author":1,"featured_media":15230,"comment_status":"open","ping_status":"open","sticky":false,"template":"","format":"standard","meta":{"footnotes":""},"categories":[2773,1698],"tags":[279,2863,2865,2866],"yoast_head":"<!-- This site is optimized with the Yoast SEO plugin v16.2 - https:\/\/yoast.com\/wordpress\/plugins\/seo\/ -->\n<title>C\u00c9LINE &amp; EMMANUEL MONTESI : Virage BIOCLIMATIQUE - In Magazines<\/title>\n<meta name=\"robots\" content=\"index, follow, max-snippet:-1, max-image-preview:large, max-video-preview:-1\" \/>\n<link rel=\"canonical\" href=\"https:\/\/www.in-magazines.com\/magazine\/categories\/btp-artisanat-habitat-immobilier\/celine-emmanuel-montesi-virage-bioclimatique\/\" \/>\n<meta property=\"og:locale\" content=\"fr_FR\" \/>\n<meta property=\"og:type\" content=\"article\" \/>\n<meta property=\"og:title\" content=\"C\u00c9LINE &amp; EMMANUEL MONTESI : Virage BIOCLIMATIQUE - In Magazines\" \/>\n<meta property=\"og:description\" content=\"Plus de 25 ans qu&rsquo;Emmanuel Montesi, &eacute;paul&eacute; par son &eacute;pouse C&eacute;line, d&eacute;veloppe B&acirc;ti Vence, entreprise de construction et d&rsquo;am&eacute;nagement ext&eacute;rieur au service des particuliers, des architectes, des entreprises et collectivit&eacute;s des Alpes-Maritimes et de l&rsquo;Est Var. Une expertise qui se focalise de plus en plus aujourd&rsquo;hui sur la commercialisation et la pose de pergolas bioclimatiques&hellip; Poursuivre la lecture C\u00c9LINE &amp; EMMANUEL MONTESI : Virage BIOCLIMATIQUE\" \/>\n<meta property=\"og:url\" content=\"https:\/\/www.in-magazines.com\/magazine\/categories\/btp-artisanat-habitat-immobilier\/celine-emmanuel-montesi-virage-bioclimatique\/\" \/>\n<meta property=\"og:site_name\" content=\"In Magazines\" \/>\n<meta property=\"article:published_time\" content=\"2026-04-30T06:13:00+00:00\" \/>\n<meta property=\"article:modified_time\" content=\"2026-04-27T11:13:18+00:00\" \/>\n<meta property=\"og:image\" content=\"https:\/\/www.in-magazines.com\/magazine\/wp-content\/uploads\/2026\/04\/CELINE-EMMANUEL-MONTESI-Virage-BIOCLIMATIQUE-a.jpg\" \/>\n\t<meta property=\"og:image:width\" content=\"600\" \/>\n\t<meta property=\"og:image:height\" content=\"700\" \/>\n<meta name=\"twitter:label1\" content=\"Dur\u00e9e de lecture est.\">\n\t<meta name=\"twitter:data1\" content=\"2 minutes\">\n<script type=\"application\/ld+json\" class=\"yoast-schema-graph\">{\"@context\":\"https:\/\/schema.org\",\"@graph\":[{\"@type\":\"WebSite\",\"@id\":\"https:\/\/www.in-magazines.com\/magazine\/#website\",\"url\":\"https:\/\/www.in-magazines.com\/magazine\/\",\"name\":\"In Magazines\",\"description\":\"\",\"potentialAction\":[{\"@type\":\"SearchAction\",\"target\":\"https:\/\/www.in-magazines.com\/magazine\/?s={search_term_string}\",\"query-input\":\"required name=search_term_string\"}],\"inLanguage\":\"fr-FR\"},{\"@type\":\"ImageObject\",\"@id\":\"https:\/\/www.in-magazines.com\/magazine\/categories\/btp-artisanat-habitat-immobilier\/celine-emmanuel-montesi-virage-bioclimatique\/#primaryimage\",\"inLanguage\":\"fr-FR\",\"url\":\"https:\/\/www.in-magazines.com\/magazine\/wp-content\/uploads\/2026\/04\/CELINE-EMMANUEL-MONTESI-Virage-BIOCLIMATIQUE-a.jpg\",\"contentUrl\":\"https:\/\/www.in-magazines.com\/magazine\/wp-content\/uploads\/2026\/04\/CELINE-EMMANUEL-MONTESI-Virage-BIOCLIMATIQUE-a.jpg\",\"width\":600,\"height\":700},{\"@type\":\"WebPage\",\"@id\":\"https:\/\/www.in-magazines.com\/magazine\/categories\/btp-artisanat-habitat-immobilier\/celine-emmanuel-montesi-virage-bioclimatique\/#webpage\",\"url\":\"https:\/\/www.in-magazines.com\/magazine\/categories\/btp-artisanat-habitat-immobilier\/celine-emmanuel-montesi-virage-bioclimatique\/\",\"name\":\"C\\u00c9LINE &amp; EMMANUEL MONTESI : Virage BIOCLIMATIQUE - In Magazines\",\"isPartOf\":{\"@id\":\"https:\/\/www.in-magazines.com\/magazine\/#website\"},\"primaryImageOfPage\":{\"@id\":\"https:\/\/www.in-magazines.com\/magazine\/categories\/btp-artisanat-habitat-immobilier\/celine-emmanuel-montesi-virage-bioclimatique\/#primaryimage\"},\"datePublished\":\"2026-04-30T06:13:00+00:00\",\"dateModified\":\"2026-04-27T11:13:18+00:00\",\"author\":{\"@id\":\"https:\/\/www.in-magazines.com\/magazine\/#\/schema\/person\/c27e7dabb9a1ef380814bdd5636d07e3\"},\"breadcrumb\":{\"@id\":\"https:\/\/www.in-magazines.com\/magazine\/categories\/btp-artisanat-habitat-immobilier\/celine-emmanuel-montesi-virage-bioclimatique\/#breadcrumb\"},\"inLanguage\":\"fr-FR\",\"potentialAction\":[{\"@type\":\"ReadAction\",\"target\":[\"https:\/\/www.in-magazines.com\/magazine\/categories\/btp-artisanat-habitat-immobilier\/celine-emmanuel-montesi-virage-bioclimatique\/\"]}]},{\"@type\":\"BreadcrumbList\",\"@id\":\"https:\/\/www.in-magazines.com\/magazine\/categories\/btp-artisanat-habitat-immobilier\/celine-emmanuel-montesi-virage-bioclimatique\/#breadcrumb\",\"itemListElement\":[{\"@type\":\"ListItem\",\"position\":1,\"item\":{\"@id\":\"https:\/\/www.in-magazines.com\/magazine\/categories\/btp-artisanat-habitat-immobilier\/celine-emmanuel-montesi-virage-bioclimatique\/#webpage\"}}]},{\"@type\":\"Person\",\"@id\":\"https:\/\/www.in-magazines.com\/magazine\/#\/schema\/person\/c27e7dabb9a1ef380814bdd5636d07e3\",\"name\":\"backinmag\",\"image\":{\"@type\":\"ImageObject\",\"@id\":\"https:\/\/www.in-magazines.com\/magazine\/#personlogo\",\"inLanguage\":\"fr-FR\",\"url\":\"https:\/\/secure.gravatar.com\/avatar\/13a234bb19dc4fd04793d73c3472fbdb?s=96&d=mm&r=g\",\"contentUrl\":\"https:\/\/secure.gravatar.com\/avatar\/13a234bb19dc4fd04793d73c3472fbdb?s=96&d=mm&r=g\",\"caption\":\"backinmag\"},\"sameAs\":[\"http:\/\/www.in-magazines.com\/magazin\"]}]}<\/script>\n<!-- \/ Yoast SEO plugin. -->","_links":{"self":[{"href":"https:\/\/www.in-magazines.com\/magazine\/wp-json\/wp\/v2\/posts\/15223"}],"collection":[{"href":"https:\/\/www.in-magazines.com\/magazine\/wp-json\/wp\/v2\/posts"}],"about":[{"href":"https:\/\/www.in-magazines.com\/magazine\/wp-json\/wp\/v2\/types\/post"}],"author":[{"embeddable":true,"href":"https:\/\/www.in-magazines.com\/magazine\/wp-json\/wp\/v2\/users\/1"}],"replies":[{"embeddable":true,"href":"https:\/\/www.in-magazines.com\/magazine\/wp-json\/wp\/v2\/comments?post=15223"}],"version-history":[{"count":2,"href":"https:\/\/www.in-magazines.com\/magazine\/wp-json\/wp\/v2\/posts\/15223\/revisions"}],"predecessor-version":[{"id":15225,"href":"https:\/\/www.in-magazines.com\/magazine\/wp-json\/wp\/v2\/posts\/15223\/revisions\/15225"}],"wp:featuredmedia":[{"embeddable":true,"href":"https:\/\/www.in-magazines.com\/magazine\/wp-json\/wp\/v2\/media\/15230"}],"wp:attachment":[{"href":"https:\/\/www.in-magazines.com\/magazine\/wp-json\/wp\/v2\/media?parent=15223"}],"wp:term":[{"taxonomy":"category","embeddable":true,"href":"https:\/\/www.in-magazines.com\/magazine\/wp-json\/wp\/v2\/categories?post=15223"},{"taxonomy":"post_tag","embeddable":true,"href":"https:\/\/www.in-magazines.com\/magazine\/wp-json\/wp\/v2\/tags?post=15223"}],"curies":[{"name":"wp","href":"https:\/\/api.w.org\/{rel}","templated":true}]}}