

{"id":15232,"date":"2026-04-30T06:12:00","date_gmt":"2026-04-30T06:12:00","guid":{"rendered":"https:\/\/www.in-magazines.com\/magazine\/?p=15232"},"modified":"2026-04-27T11:25:26","modified_gmt":"2026-04-27T11:25:26","slug":"julie-duriez-50-ans-developpement-et-recrutement-au-programme","status":"publish","type":"post","link":"https:\/\/www.in-magazines.com\/magazine\/sommaire\/inmagazine-44\/julie-duriez-50-ans-developpement-et-recrutement-au-programme\/","title":{"rendered":"JULIE DURIEZ &#8211; 50 ANS : d\u00e9veloppement et recrutement au programme"},"content":{"rendered":"\n<p>Hygi\u00e8ne 4D vient tout juste de c\u00e9l\u00e9brer ses 50 ann\u00e9es d\u2019existence au service des professionnels et des particuliers dans le domaine de l\u2019assainissement et de l\u2019hygi\u00e8ne antiparasitaire 3D (d\u00e9sinfection, d\u00e9sinsectisation et d\u00e9ratisation). En r\u00e9gion parisienne et sur la C\u00f4te d\u2019Azur, sa dirigeante Julie Duriez, deuxi\u00e8me g\u00e9n\u00e9ration aux commandes de l\u2019entreprise, capitalise sur le regain de notori\u00e9t\u00e9 que lui conf\u00e8re la c\u00e9l\u00e9bration de ce cinquantenaire, en misant sur des projets de d\u00e9veloppement pour 2026.<\/p>\n\n\n\n<p><strong>Qu\u2019est-ce qui s\u2019est pass\u00e9 depuis les festivit\u00e9s des 50 ans d\u2019Hygi\u00e8ne 4D et le lancement du magazine sp\u00e9cial pour lequel tu faisais la couverture ?<\/strong><br>Julie Duriez : Faire la couverture de IN magazine nous a apport\u00e9 un magnifique regain de notori\u00e9t\u00e9&nbsp;! J\u2019ai re\u00e7u de nombreux appels, SMS, mails de connaissances, de clients, pour me f\u00e9liciter ou me faire part de leur bonne surprise. Le lancement du magazine, coupl\u00e9 \u00e0 notre soir\u00e9e d\u2019anniversaire, a \u00e9t\u00e9 un grand moment festif et cela aura aussi permis \u00e0 nos clients de se rappeler que nous \u00e9tions pr\u00e9sents, dans le petit \u00e9cosyst\u00e8me des entreprises de 3D et d\u2019assainissement&#8230;D\u2019ailleurs, nous allons tr\u00e8s certainement organiser une nouvelle f\u00eate en r\u00e9gion parisienne, au plus proche de nos clients et partenaires sur place !<br>J\u2019avais un peu oubli\u00e9 comme il \u00e9tait important, voire primordial, de se rassembler dans ce cadre-l\u00e0 et tous les bienfaits que cela apportait d\u2019un point de vue g\u00e9n\u00e9ral.<br>Des anniversaires comme celui-ci, cela nous redonne envie de nous r\u00e9unir au moins une fois par an, afin de f\u00e9d\u00e9rer tous ceux qui participent \u00e0 l\u2019histoire de l\u2019entreprise.<br>Au niveau de l\u2019\u00e9quipe, je pense que chacun a pu appr\u00e9cier la d\u00e9marche de pouvoir s\u2019exprimer sur l\u2019entreprise dans le magazine et de pouvoir mettre en avant son travail. Pour nous, il \u00e9tait important de valoriser leur r\u00f4le au sein d\u2019Hygi\u00e8ne 4D, leur implication.<\/p>\n\n\n<a href=\"#\" class=\"_3d-flip-book  fb3d-link-lightbox-mode\" data-id=\"14976\" data-mode=\"link-lightbox\" data-title=\"false\" data-template=\"short-white-book-view\" data-lightbox=\"dark\" data-urlparam=\"fb3d-page\" data-page-n=\"0\" data-pdf=\"\" data-tax=\"null\" data-thumbnail=\"\" data-cols=\"3\" data-query=\"\"><img decoding=\"async\" src=\"http:\/\/www.in-magazines.com\/magazine\/wp-content\/uploads\/2021\/05\/btn.jpg\"><\/a>\n","protected":false},"excerpt":{"rendered":"<p>Hygi&egrave;ne 4D vient tout juste de c&eacute;l&eacute;brer ses 50 ann&eacute;es d&rsquo;existence au service des professionnels et des particuliers dans le domaine de l&rsquo;assainissement et de l&rsquo;hygi&egrave;ne antiparasitaire 3D (d&eacute;sinfection, d&eacute;sinsectisation et d&eacute;ratisation). En r&eacute;gion parisienne et sur la C&ocirc;te d&rsquo;Azur, sa dirigeante Julie Duriez, deuxi&egrave;me g&eacute;n&eacute;ration aux commandes de l&rsquo;entreprise, capitalise sur le regain de&hellip; <a class=\"more-link\" href=\"https:\/\/www.in-magazines.com\/magazine\/sommaire\/inmagazine-44\/julie-duriez-50-ans-developpement-et-recrutement-au-programme\/\">Poursuivre la lecture <span class=\"screen-reader-text\">JULIE DURIEZ &#8211; 50 ANS : d\u00e9veloppement et recrutement au programme<\/span><\/a><\/p>\n","protected":false},"author":1,"featured_media":15236,"comment_status":"open","ping_status":"open","sticky":false,"template":"","format":"standard","meta":{"footnotes":""},"categories":[2773,1698],"tags":[1673,1856,2867],"yoast_head":"<!-- This site is optimized with the Yoast SEO plugin v16.2 - https:\/\/yoast.com\/wordpress\/plugins\/seo\/ -->\n<title>JULIE DURIEZ - 50 ANS : d\u00e9veloppement et recrutement au programme - In Magazines<\/title>\n<meta name=\"robots\" content=\"index, follow, max-snippet:-1, max-image-preview:large, max-video-preview:-1\" \/>\n<link rel=\"canonical\" href=\"https:\/\/www.in-magazines.com\/magazine\/categories\/btp-artisanat-habitat-immobilier\/julie-duriez-50-ans-developpement-et-recrutement-au-programme\/\" \/>\n<meta property=\"og:locale\" content=\"fr_FR\" \/>\n<meta property=\"og:type\" content=\"article\" \/>\n<meta property=\"og:title\" content=\"JULIE DURIEZ - 50 ANS : d\u00e9veloppement et recrutement au programme - In Magazines\" \/>\n<meta property=\"og:description\" content=\"Hygi&egrave;ne 4D vient tout juste de c&eacute;l&eacute;brer ses 50 ann&eacute;es d&rsquo;existence au service des professionnels et des particuliers dans le domaine de l&rsquo;assainissement et de l&rsquo;hygi&egrave;ne antiparasitaire 3D (d&eacute;sinfection, d&eacute;sinsectisation et d&eacute;ratisation). En r&eacute;gion parisienne et sur la C&ocirc;te d&rsquo;Azur, sa dirigeante Julie Duriez, deuxi&egrave;me g&eacute;n&eacute;ration aux commandes de l&rsquo;entreprise, capitalise sur le regain de&hellip; Poursuivre la lecture JULIE DURIEZ &#8211; 50 ANS : d\u00e9veloppement et recrutement au programme\" \/>\n<meta property=\"og:url\" content=\"https:\/\/www.in-magazines.com\/magazine\/categories\/btp-artisanat-habitat-immobilier\/julie-duriez-50-ans-developpement-et-recrutement-au-programme\/\" \/>\n<meta property=\"og:site_name\" content=\"In Magazines\" \/>\n<meta property=\"article:published_time\" content=\"2026-04-30T06:12:00+00:00\" \/>\n<meta property=\"article:modified_time\" content=\"2026-04-27T11:25:26+00:00\" \/>\n<meta property=\"og:image\" content=\"https:\/\/www.in-magazines.com\/magazine\/wp-content\/uploads\/2026\/04\/JULIE-DURIEZ-50-ANS-developpement-et-recrutement-au-programme.jpg\" \/>\n\t<meta property=\"og:image:width\" content=\"600\" \/>\n\t<meta property=\"og:image:height\" content=\"600\" \/>\n<meta name=\"twitter:label1\" content=\"Dur\u00e9e de lecture est.\">\n\t<meta name=\"twitter:data1\" content=\"2 minutes\">\n<script type=\"application\/ld+json\" class=\"yoast-schema-graph\">{\"@context\":\"https:\/\/schema.org\",\"@graph\":[{\"@type\":\"WebSite\",\"@id\":\"https:\/\/www.in-magazines.com\/magazine\/#website\",\"url\":\"https:\/\/www.in-magazines.com\/magazine\/\",\"name\":\"In Magazines\",\"description\":\"\",\"potentialAction\":[{\"@type\":\"SearchAction\",\"target\":\"https:\/\/www.in-magazines.com\/magazine\/?s={search_term_string}\",\"query-input\":\"required name=search_term_string\"}],\"inLanguage\":\"fr-FR\"},{\"@type\":\"ImageObject\",\"@id\":\"https:\/\/www.in-magazines.com\/magazine\/categories\/btp-artisanat-habitat-immobilier\/julie-duriez-50-ans-developpement-et-recrutement-au-programme\/#primaryimage\",\"inLanguage\":\"fr-FR\",\"url\":\"https:\/\/www.in-magazines.com\/magazine\/wp-content\/uploads\/2026\/04\/JULIE-DURIEZ-50-ANS-developpement-et-recrutement-au-programme.jpg\",\"contentUrl\":\"https:\/\/www.in-magazines.com\/magazine\/wp-content\/uploads\/2026\/04\/JULIE-DURIEZ-50-ANS-developpement-et-recrutement-au-programme.jpg\",\"width\":600,\"height\":600},{\"@type\":\"WebPage\",\"@id\":\"https:\/\/www.in-magazines.com\/magazine\/categories\/btp-artisanat-habitat-immobilier\/julie-duriez-50-ans-developpement-et-recrutement-au-programme\/#webpage\",\"url\":\"https:\/\/www.in-magazines.com\/magazine\/categories\/btp-artisanat-habitat-immobilier\/julie-duriez-50-ans-developpement-et-recrutement-au-programme\/\",\"name\":\"JULIE DURIEZ - 50 ANS : d\\u00e9veloppement et recrutement au programme - In Magazines\",\"isPartOf\":{\"@id\":\"https:\/\/www.in-magazines.com\/magazine\/#website\"},\"primaryImageOfPage\":{\"@id\":\"https:\/\/www.in-magazines.com\/magazine\/categories\/btp-artisanat-habitat-immobilier\/julie-duriez-50-ans-developpement-et-recrutement-au-programme\/#primaryimage\"},\"datePublished\":\"2026-04-30T06:12:00+00:00\",\"dateModified\":\"2026-04-27T11:25:26+00:00\",\"author\":{\"@id\":\"https:\/\/www.in-magazines.com\/magazine\/#\/schema\/person\/c27e7dabb9a1ef380814bdd5636d07e3\"},\"breadcrumb\":{\"@id\":\"https:\/\/www.in-magazines.com\/magazine\/categories\/btp-artisanat-habitat-immobilier\/julie-duriez-50-ans-developpement-et-recrutement-au-programme\/#breadcrumb\"},\"inLanguage\":\"fr-FR\",\"potentialAction\":[{\"@type\":\"ReadAction\",\"target\":[\"https:\/\/www.in-magazines.com\/magazine\/categories\/btp-artisanat-habitat-immobilier\/julie-duriez-50-ans-developpement-et-recrutement-au-programme\/\"]}]},{\"@type\":\"BreadcrumbList\",\"@id\":\"https:\/\/www.in-magazines.com\/magazine\/categories\/btp-artisanat-habitat-immobilier\/julie-duriez-50-ans-developpement-et-recrutement-au-programme\/#breadcrumb\",\"itemListElement\":[{\"@type\":\"ListItem\",\"position\":1,\"item\":{\"@id\":\"https:\/\/www.in-magazines.com\/magazine\/categories\/btp-artisanat-habitat-immobilier\/julie-duriez-50-ans-developpement-et-recrutement-au-programme\/#webpage\"}}]},{\"@type\":\"Person\",\"@id\":\"https:\/\/www.in-magazines.com\/magazine\/#\/schema\/person\/c27e7dabb9a1ef380814bdd5636d07e3\",\"name\":\"backinmag\",\"image\":{\"@type\":\"ImageObject\",\"@id\":\"https:\/\/www.in-magazines.com\/magazine\/#personlogo\",\"inLanguage\":\"fr-FR\",\"url\":\"https:\/\/secure.gravatar.com\/avatar\/13a234bb19dc4fd04793d73c3472fbdb?s=96&d=mm&r=g\",\"contentUrl\":\"https:\/\/secure.gravatar.com\/avatar\/13a234bb19dc4fd04793d73c3472fbdb?s=96&d=mm&r=g\",\"caption\":\"backinmag\"},\"sameAs\":[\"http:\/\/www.in-magazines.com\/magazin\"]}]}<\/script>\n<!-- \/ Yoast SEO plugin. -->","_links":{"self":[{"href":"https:\/\/www.in-magazines.com\/magazine\/wp-json\/wp\/v2\/posts\/15232"}],"collection":[{"href":"https:\/\/www.in-magazines.com\/magazine\/wp-json\/wp\/v2\/posts"}],"about":[{"href":"https:\/\/www.in-magazines.com\/magazine\/wp-json\/wp\/v2\/types\/post"}],"author":[{"embeddable":true,"href":"https:\/\/www.in-magazines.com\/magazine\/wp-json\/wp\/v2\/users\/1"}],"replies":[{"embeddable":true,"href":"https:\/\/www.in-magazines.com\/magazine\/wp-json\/wp\/v2\/comments?post=15232"}],"version-history":[{"count":3,"href":"https:\/\/www.in-magazines.com\/magazine\/wp-json\/wp\/v2\/posts\/15232\/revisions"}],"predecessor-version":[{"id":15238,"href":"https:\/\/www.in-magazines.com\/magazine\/wp-json\/wp\/v2\/posts\/15232\/revisions\/15238"}],"wp:featuredmedia":[{"embeddable":true,"href":"https:\/\/www.in-magazines.com\/magazine\/wp-json\/wp\/v2\/media\/15236"}],"wp:attachment":[{"href":"https:\/\/www.in-magazines.com\/magazine\/wp-json\/wp\/v2\/media?parent=15232"}],"wp:term":[{"taxonomy":"category","embeddable":true,"href":"https:\/\/www.in-magazines.com\/magazine\/wp-json\/wp\/v2\/categories?post=15232"},{"taxonomy":"post_tag","embeddable":true,"href":"https:\/\/www.in-magazines.com\/magazine\/wp-json\/wp\/v2\/tags?post=15232"}],"curies":[{"name":"wp","href":"https:\/\/api.w.org\/{rel}","templated":true}]}}