

{"id":15239,"date":"2026-04-30T06:11:00","date_gmt":"2026-04-30T06:11:00","guid":{"rendered":"https:\/\/www.in-magazines.com\/magazine\/?p=15239"},"modified":"2026-04-27T11:34:01","modified_gmt":"2026-04-27T11:34:01","slug":"distinction-a-cannes-le-palais-1er-centre-de-congres-en-europe","status":"publish","type":"post","link":"https:\/\/www.in-magazines.com\/magazine\/sommaire\/inmagazine-44\/distinction-a-cannes-le-palais-1er-centre-de-congres-en-europe\/","title":{"rendered":"DISTINCTION : A CANNES, LE PALAIS, 1er centre de Congr\u00e8s en Europe"},"content":{"rendered":"\n<p>En 2025, le Palais des Festivals et des Congr\u00e8s de Cannes s\u2019est impos\u00e9 comme le premier palais des congr\u00e8s d\u2019Europe en termes de chiffre d\u2019affaires, devan\u00e7ant des destinations internationales telles que Barcelone, Londres et Paris. Cette premi\u00e8re place europ\u00e9enne s\u2019inscrit pleinement dans la raison d\u2019\u00eatre du Palais des festivals et des Congr\u00e8s, soci\u00e9t\u00e9 \u00e0 mission depuis 2022 : \u00ab\u00a0Accueillir Durablement le Monde \u00bb. Elle consacre une politique \u00e9v\u00e9nementielle structur\u00e9e, fond\u00e9e sur l\u2019innovation, la durabilit\u00e9 et une coop\u00e9ration \u00e9troite entre acteurs publics et priv\u00e9s, au service de l\u2019attractivit\u00e9, de la comp\u00e9titivit\u00e9 et du d\u00e9veloppement responsable du territoire.<\/p>\n\n\n<a href=\"#\" class=\"_3d-flip-book  fb3d-link-lightbox-mode\" data-id=\"14977\" data-mode=\"link-lightbox\" data-title=\"false\" data-template=\"short-white-book-view\" data-lightbox=\"dark\" data-urlparam=\"fb3d-page\" data-page-n=\"0\" data-pdf=\"\" data-tax=\"null\" data-thumbnail=\"\" data-cols=\"3\" data-query=\"\"><img decoding=\"async\" src=\"http:\/\/www.in-magazines.com\/magazine\/wp-content\/uploads\/2021\/05\/btn.jpg\"><\/a>\n","protected":false},"excerpt":{"rendered":"<p>En 2025, le Palais des Festivals et des Congr&egrave;s de Cannes s&rsquo;est impos&eacute; comme le premier palais des congr&egrave;s d&rsquo;Europe en termes de chiffre d&rsquo;affaires, devan&ccedil;ant des destinations internationales telles que Barcelone, Londres et Paris. Cette premi&egrave;re place europ&eacute;enne s&rsquo;inscrit pleinement dans la raison d&rsquo;&ecirc;tre du Palais des festivals et des Congr&egrave;s, soci&eacute;t&eacute; &agrave; mission&hellip; <a class=\"more-link\" href=\"https:\/\/www.in-magazines.com\/magazine\/sommaire\/inmagazine-44\/distinction-a-cannes-le-palais-1er-centre-de-congres-en-europe\/\">Poursuivre la lecture <span class=\"screen-reader-text\">DISTINCTION : A CANNES, LE PALAIS, 1er centre de Congr\u00e8s en Europe<\/span><\/a><\/p>\n","protected":false},"author":1,"featured_media":15244,"comment_status":"open","ping_status":"open","sticky":false,"template":"","format":"standard","meta":{"footnotes":""},"categories":[2773,1697],"tags":[],"yoast_head":"<!-- This site is optimized with the Yoast SEO plugin v16.2 - https:\/\/yoast.com\/wordpress\/plugins\/seo\/ -->\n<title>DISTINCTION : A CANNES, LE PALAIS, 1er centre de Congr\u00e8s en Europe - In Magazines<\/title>\n<meta name=\"robots\" content=\"index, follow, max-snippet:-1, max-image-preview:large, max-video-preview:-1\" \/>\n<link rel=\"canonical\" href=\"https:\/\/www.in-magazines.com\/magazine\/categories\/villes-intercommunalites-vie-des-municipalites\/distinction-a-cannes-le-palais-1er-centre-de-congres-en-europe\/\" \/>\n<meta property=\"og:locale\" content=\"fr_FR\" \/>\n<meta property=\"og:type\" content=\"article\" \/>\n<meta property=\"og:title\" content=\"DISTINCTION : A CANNES, LE PALAIS, 1er centre de Congr\u00e8s en Europe - In Magazines\" \/>\n<meta property=\"og:description\" content=\"En 2025, le Palais des Festivals et des Congr&egrave;s de Cannes s&rsquo;est impos&eacute; comme le premier palais des congr&egrave;s d&rsquo;Europe en termes de chiffre d&rsquo;affaires, devan&ccedil;ant des destinations internationales telles que Barcelone, Londres et Paris. Cette premi&egrave;re place europ&eacute;enne s&rsquo;inscrit pleinement dans la raison d&rsquo;&ecirc;tre du Palais des festivals et des Congr&egrave;s, soci&eacute;t&eacute; &agrave; mission&hellip; Poursuivre la lecture DISTINCTION : A CANNES, LE PALAIS, 1er centre de Congr\u00e8s en Europe\" \/>\n<meta property=\"og:url\" content=\"https:\/\/www.in-magazines.com\/magazine\/categories\/villes-intercommunalites-vie-des-municipalites\/distinction-a-cannes-le-palais-1er-centre-de-congres-en-europe\/\" \/>\n<meta property=\"og:site_name\" content=\"In Magazines\" \/>\n<meta property=\"article:published_time\" content=\"2026-04-30T06:11:00+00:00\" \/>\n<meta property=\"article:modified_time\" content=\"2026-04-27T11:34:01+00:00\" \/>\n<meta property=\"og:image\" content=\"https:\/\/www.in-magazines.com\/magazine\/wp-content\/uploads\/2026\/04\/DISTINCTION-A-CANNES-LE-PALAIS-1er-centre-de-Congres-en-Europe-1.jpg\" \/>\n\t<meta property=\"og:image:width\" content=\"600\" \/>\n\t<meta property=\"og:image:height\" content=\"500\" \/>\n<meta name=\"twitter:label1\" content=\"Dur\u00e9e de lecture est.\">\n\t<meta name=\"twitter:data1\" content=\"1 minute\">\n<script type=\"application\/ld+json\" class=\"yoast-schema-graph\">{\"@context\":\"https:\/\/schema.org\",\"@graph\":[{\"@type\":\"WebSite\",\"@id\":\"https:\/\/www.in-magazines.com\/magazine\/#website\",\"url\":\"https:\/\/www.in-magazines.com\/magazine\/\",\"name\":\"In Magazines\",\"description\":\"\",\"potentialAction\":[{\"@type\":\"SearchAction\",\"target\":\"https:\/\/www.in-magazines.com\/magazine\/?s={search_term_string}\",\"query-input\":\"required name=search_term_string\"}],\"inLanguage\":\"fr-FR\"},{\"@type\":\"ImageObject\",\"@id\":\"https:\/\/www.in-magazines.com\/magazine\/categories\/villes-intercommunalites-vie-des-municipalites\/distinction-a-cannes-le-palais-1er-centre-de-congres-en-europe\/#primaryimage\",\"inLanguage\":\"fr-FR\",\"url\":\"https:\/\/www.in-magazines.com\/magazine\/wp-content\/uploads\/2026\/04\/DISTINCTION-A-CANNES-LE-PALAIS-1er-centre-de-Congres-en-Europe-1.jpg\",\"contentUrl\":\"https:\/\/www.in-magazines.com\/magazine\/wp-content\/uploads\/2026\/04\/DISTINCTION-A-CANNES-LE-PALAIS-1er-centre-de-Congres-en-Europe-1.jpg\",\"width\":600,\"height\":500},{\"@type\":\"WebPage\",\"@id\":\"https:\/\/www.in-magazines.com\/magazine\/categories\/villes-intercommunalites-vie-des-municipalites\/distinction-a-cannes-le-palais-1er-centre-de-congres-en-europe\/#webpage\",\"url\":\"https:\/\/www.in-magazines.com\/magazine\/categories\/villes-intercommunalites-vie-des-municipalites\/distinction-a-cannes-le-palais-1er-centre-de-congres-en-europe\/\",\"name\":\"DISTINCTION : A CANNES, LE PALAIS, 1er centre de Congr\\u00e8s en Europe - In Magazines\",\"isPartOf\":{\"@id\":\"https:\/\/www.in-magazines.com\/magazine\/#website\"},\"primaryImageOfPage\":{\"@id\":\"https:\/\/www.in-magazines.com\/magazine\/categories\/villes-intercommunalites-vie-des-municipalites\/distinction-a-cannes-le-palais-1er-centre-de-congres-en-europe\/#primaryimage\"},\"datePublished\":\"2026-04-30T06:11:00+00:00\",\"dateModified\":\"2026-04-27T11:34:01+00:00\",\"author\":{\"@id\":\"https:\/\/www.in-magazines.com\/magazine\/#\/schema\/person\/c27e7dabb9a1ef380814bdd5636d07e3\"},\"breadcrumb\":{\"@id\":\"https:\/\/www.in-magazines.com\/magazine\/categories\/villes-intercommunalites-vie-des-municipalites\/distinction-a-cannes-le-palais-1er-centre-de-congres-en-europe\/#breadcrumb\"},\"inLanguage\":\"fr-FR\",\"potentialAction\":[{\"@type\":\"ReadAction\",\"target\":[\"https:\/\/www.in-magazines.com\/magazine\/categories\/villes-intercommunalites-vie-des-municipalites\/distinction-a-cannes-le-palais-1er-centre-de-congres-en-europe\/\"]}]},{\"@type\":\"BreadcrumbList\",\"@id\":\"https:\/\/www.in-magazines.com\/magazine\/categories\/villes-intercommunalites-vie-des-municipalites\/distinction-a-cannes-le-palais-1er-centre-de-congres-en-europe\/#breadcrumb\",\"itemListElement\":[{\"@type\":\"ListItem\",\"position\":1,\"item\":{\"@id\":\"https:\/\/www.in-magazines.com\/magazine\/categories\/villes-intercommunalites-vie-des-municipalites\/distinction-a-cannes-le-palais-1er-centre-de-congres-en-europe\/#webpage\"}}]},{\"@type\":\"Person\",\"@id\":\"https:\/\/www.in-magazines.com\/magazine\/#\/schema\/person\/c27e7dabb9a1ef380814bdd5636d07e3\",\"name\":\"backinmag\",\"image\":{\"@type\":\"ImageObject\",\"@id\":\"https:\/\/www.in-magazines.com\/magazine\/#personlogo\",\"inLanguage\":\"fr-FR\",\"url\":\"https:\/\/secure.gravatar.com\/avatar\/13a234bb19dc4fd04793d73c3472fbdb?s=96&d=mm&r=g\",\"contentUrl\":\"https:\/\/secure.gravatar.com\/avatar\/13a234bb19dc4fd04793d73c3472fbdb?s=96&d=mm&r=g\",\"caption\":\"backinmag\"},\"sameAs\":[\"http:\/\/www.in-magazines.com\/magazin\"]}]}<\/script>\n<!-- \/ Yoast SEO plugin. -->","_links":{"self":[{"href":"https:\/\/www.in-magazines.com\/magazine\/wp-json\/wp\/v2\/posts\/15239"}],"collection":[{"href":"https:\/\/www.in-magazines.com\/magazine\/wp-json\/wp\/v2\/posts"}],"about":[{"href":"https:\/\/www.in-magazines.com\/magazine\/wp-json\/wp\/v2\/types\/post"}],"author":[{"embeddable":true,"href":"https:\/\/www.in-magazines.com\/magazine\/wp-json\/wp\/v2\/users\/1"}],"replies":[{"embeddable":true,"href":"https:\/\/www.in-magazines.com\/magazine\/wp-json\/wp\/v2\/comments?post=15239"}],"version-history":[{"count":2,"href":"https:\/\/www.in-magazines.com\/magazine\/wp-json\/wp\/v2\/posts\/15239\/revisions"}],"predecessor-version":[{"id":15241,"href":"https:\/\/www.in-magazines.com\/magazine\/wp-json\/wp\/v2\/posts\/15239\/revisions\/15241"}],"wp:featuredmedia":[{"embeddable":true,"href":"https:\/\/www.in-magazines.com\/magazine\/wp-json\/wp\/v2\/media\/15244"}],"wp:attachment":[{"href":"https:\/\/www.in-magazines.com\/magazine\/wp-json\/wp\/v2\/media?parent=15239"}],"wp:term":[{"taxonomy":"category","embeddable":true,"href":"https:\/\/www.in-magazines.com\/magazine\/wp-json\/wp\/v2\/categories?post=15239"},{"taxonomy":"post_tag","embeddable":true,"href":"https:\/\/www.in-magazines.com\/magazine\/wp-json\/wp\/v2\/tags?post=15239"}],"curies":[{"name":"wp","href":"https:\/\/api.w.org\/{rel}","templated":true}]}}