

{"id":15245,"date":"2026-04-30T06:10:00","date_gmt":"2026-04-30T06:10:00","guid":{"rendered":"https:\/\/www.in-magazines.com\/magazine\/?p=15245"},"modified":"2026-04-27T11:45:31","modified_gmt":"2026-04-27T11:45:31","slug":"habitat-a-antibes-bientot-une-nouvelle-residence-pour-seniors-autonomes","status":"publish","type":"post","link":"https:\/\/www.in-magazines.com\/magazine\/sommaire\/inmagazine-44\/habitat-a-antibes-bientot-une-nouvelle-residence-pour-seniors-autonomes\/","title":{"rendered":"HABITAT : A ANTIBES, bient\u00f4t une nouvelle r\u00e9sidence pour seniors autonomes"},"content":{"rendered":"\n<p>D\u00e8s 2027, 87 seniors autonomes logeront dans la future r\u00e9sidence autonomie adoss\u00e9e au Centre Hospitalier et au quartier de la Fontonne.<\/p>\n\n\n\n<p>La construction de la r\u00e9sidence autonomie \u00ab Fontaine de Fontvieille \u00bb, \u00e0 la Fontonne, se poursuit. Le gros \u0153uvre est pratiquement achev\u00e9 et les quatre b\u00e2timents sont d\u00e9sormais pleinement visibles depuis la route de Nice.<br>La Ville accompagne les seniors qui font le choix de vieillir dignement \u00e0 domicile. \u00c0 l\u2019instar des r\u00e9sidences seniors Pasteur, dans le centre-ville, et Est\u00e9rel, au c\u0153ur de Juan-les-Pins, ce lieu de vie \u00e0 l\u2019est d\u2019Antibes off rira une alternative entre le maintien \u00e0 domicile et l\u2019\u00e9tablissement m\u00e9dicalis\u00e9. Il est adapt\u00e9 aux personnes \u00e2g\u00e9es de plus de 60 ans ou en situation de handicap, isol\u00e9es, \u00e0 faibles revenus, autonomes ou en l\u00e9g\u00e8re perte d\u2019autonomie.<br>Le Centre Communal d\u2019Action Sociale (CCAS) g\u00e9rera les lieux et proposera des activit\u00e9s pour pr\u00e9venir la perte de l\u2019autonomie et maintenir un fort lien social. Une salle de restauration sera ouverte tous les midis de la semaine \u00e9galement aux non-r\u00e9sidents<br>84 logements confortables, dont 81 studios de 33&nbsp;m\u00b2 et trois T2 de 45 m\u00b2 avec un balcon ou une loggia chacun, pourront accueillir jusqu\u2019\u00e0 87 r\u00e9sidents. Les locaux seront s\u00e9curis\u00e9s 24h\/24 avec la pr\u00e9sence d\u2019un gardien et \u00e9quip\u00e9s de laveries en libre-service. Pour les seniors aux revenus modestes, 30 % des appartements seront \u00e9ligibles aux aides sociales.<\/p>\n\n\n<a href=\"#\" class=\"_3d-flip-book  fb3d-link-lightbox-mode\" data-id=\"14977\" data-mode=\"link-lightbox\" data-title=\"false\" data-template=\"short-white-book-view\" data-lightbox=\"dark\" data-urlparam=\"fb3d-page\" data-page-n=\"0\" data-pdf=\"\" data-tax=\"null\" data-thumbnail=\"\" data-cols=\"3\" data-query=\"\"><img decoding=\"async\" src=\"http:\/\/www.in-magazines.com\/magazine\/wp-content\/uploads\/2021\/05\/btn.jpg\"><\/a>\n","protected":false},"excerpt":{"rendered":"<p>D&egrave;s 2027, 87 seniors autonomes logeront dans la future r&eacute;sidence autonomie adoss&eacute;e au Centre Hospitalier et au quartier de la Fontonne. La construction de la r&eacute;sidence autonomie &laquo; Fontaine de Fontvieille &raquo;, &agrave; la Fontonne, se poursuit. Le gros &oelig;uvre est pratiquement achev&eacute; et les quatre b&acirc;timents sont d&eacute;sormais pleinement visibles depuis la route de&hellip; <a class=\"more-link\" href=\"https:\/\/www.in-magazines.com\/magazine\/sommaire\/inmagazine-44\/habitat-a-antibes-bientot-une-nouvelle-residence-pour-seniors-autonomes\/\">Poursuivre la lecture <span class=\"screen-reader-text\">HABITAT : A ANTIBES, bient\u00f4t une nouvelle r\u00e9sidence pour seniors autonomes<\/span><\/a><\/p>\n","protected":false},"author":1,"featured_media":15248,"comment_status":"open","ping_status":"open","sticky":false,"template":"","format":"standard","meta":{"footnotes":""},"categories":[2773,1697],"tags":[2868,2869],"yoast_head":"<!-- This site is optimized with the Yoast SEO plugin v16.2 - https:\/\/yoast.com\/wordpress\/plugins\/seo\/ -->\n<title>HABITAT : A ANTIBES, bient\u00f4t une nouvelle r\u00e9sidence pour seniors autonomes - In Magazines<\/title>\n<meta name=\"robots\" content=\"index, follow, max-snippet:-1, max-image-preview:large, max-video-preview:-1\" \/>\n<link rel=\"canonical\" href=\"https:\/\/www.in-magazines.com\/magazine\/categories\/villes-intercommunalites-vie-des-municipalites\/habitat-a-antibes-bientot-une-nouvelle-residence-pour-seniors-autonomes\/\" \/>\n<meta property=\"og:locale\" content=\"fr_FR\" \/>\n<meta property=\"og:type\" content=\"article\" \/>\n<meta property=\"og:title\" content=\"HABITAT : A ANTIBES, bient\u00f4t une nouvelle r\u00e9sidence pour seniors autonomes - In Magazines\" \/>\n<meta property=\"og:description\" content=\"D&egrave;s 2027, 87 seniors autonomes logeront dans la future r&eacute;sidence autonomie adoss&eacute;e au Centre Hospitalier et au quartier de la Fontonne. La construction de la r&eacute;sidence autonomie &laquo; Fontaine de Fontvieille &raquo;, &agrave; la Fontonne, se poursuit. Le gros &oelig;uvre est pratiquement achev&eacute; et les quatre b&acirc;timents sont d&eacute;sormais pleinement visibles depuis la route de&hellip; Poursuivre la lecture HABITAT : A ANTIBES, bient\u00f4t une nouvelle r\u00e9sidence pour seniors autonomes\" \/>\n<meta property=\"og:url\" content=\"https:\/\/www.in-magazines.com\/magazine\/categories\/villes-intercommunalites-vie-des-municipalites\/habitat-a-antibes-bientot-une-nouvelle-residence-pour-seniors-autonomes\/\" \/>\n<meta property=\"og:site_name\" content=\"In Magazines\" \/>\n<meta property=\"article:published_time\" content=\"2026-04-30T06:10:00+00:00\" \/>\n<meta property=\"article:modified_time\" content=\"2026-04-27T11:45:31+00:00\" \/>\n<meta property=\"og:image\" content=\"https:\/\/www.in-magazines.com\/magazine\/wp-content\/uploads\/2026\/04\/HABITAT-A-ANTIBES-bientot-une-nouvelle-residence-pour-seniors-autonomes.jpg\" \/>\n\t<meta property=\"og:image:width\" content=\"600\" \/>\n\t<meta property=\"og:image:height\" content=\"200\" \/>\n<meta name=\"twitter:label1\" content=\"Dur\u00e9e de lecture est.\">\n\t<meta name=\"twitter:data1\" content=\"2 minutes\">\n<script type=\"application\/ld+json\" class=\"yoast-schema-graph\">{\"@context\":\"https:\/\/schema.org\",\"@graph\":[{\"@type\":\"WebSite\",\"@id\":\"https:\/\/www.in-magazines.com\/magazine\/#website\",\"url\":\"https:\/\/www.in-magazines.com\/magazine\/\",\"name\":\"In Magazines\",\"description\":\"\",\"potentialAction\":[{\"@type\":\"SearchAction\",\"target\":\"https:\/\/www.in-magazines.com\/magazine\/?s={search_term_string}\",\"query-input\":\"required name=search_term_string\"}],\"inLanguage\":\"fr-FR\"},{\"@type\":\"ImageObject\",\"@id\":\"https:\/\/www.in-magazines.com\/magazine\/categories\/villes-intercommunalites-vie-des-municipalites\/habitat-a-antibes-bientot-une-nouvelle-residence-pour-seniors-autonomes\/#primaryimage\",\"inLanguage\":\"fr-FR\",\"url\":\"https:\/\/www.in-magazines.com\/magazine\/wp-content\/uploads\/2026\/04\/HABITAT-A-ANTIBES-bientot-une-nouvelle-residence-pour-seniors-autonomes.jpg\",\"contentUrl\":\"https:\/\/www.in-magazines.com\/magazine\/wp-content\/uploads\/2026\/04\/HABITAT-A-ANTIBES-bientot-une-nouvelle-residence-pour-seniors-autonomes.jpg\",\"width\":600,\"height\":200},{\"@type\":\"WebPage\",\"@id\":\"https:\/\/www.in-magazines.com\/magazine\/categories\/villes-intercommunalites-vie-des-municipalites\/habitat-a-antibes-bientot-une-nouvelle-residence-pour-seniors-autonomes\/#webpage\",\"url\":\"https:\/\/www.in-magazines.com\/magazine\/categories\/villes-intercommunalites-vie-des-municipalites\/habitat-a-antibes-bientot-une-nouvelle-residence-pour-seniors-autonomes\/\",\"name\":\"HABITAT : A ANTIBES, bient\\u00f4t une nouvelle r\\u00e9sidence pour seniors autonomes - In Magazines\",\"isPartOf\":{\"@id\":\"https:\/\/www.in-magazines.com\/magazine\/#website\"},\"primaryImageOfPage\":{\"@id\":\"https:\/\/www.in-magazines.com\/magazine\/categories\/villes-intercommunalites-vie-des-municipalites\/habitat-a-antibes-bientot-une-nouvelle-residence-pour-seniors-autonomes\/#primaryimage\"},\"datePublished\":\"2026-04-30T06:10:00+00:00\",\"dateModified\":\"2026-04-27T11:45:31+00:00\",\"author\":{\"@id\":\"https:\/\/www.in-magazines.com\/magazine\/#\/schema\/person\/c27e7dabb9a1ef380814bdd5636d07e3\"},\"breadcrumb\":{\"@id\":\"https:\/\/www.in-magazines.com\/magazine\/categories\/villes-intercommunalites-vie-des-municipalites\/habitat-a-antibes-bientot-une-nouvelle-residence-pour-seniors-autonomes\/#breadcrumb\"},\"inLanguage\":\"fr-FR\",\"potentialAction\":[{\"@type\":\"ReadAction\",\"target\":[\"https:\/\/www.in-magazines.com\/magazine\/categories\/villes-intercommunalites-vie-des-municipalites\/habitat-a-antibes-bientot-une-nouvelle-residence-pour-seniors-autonomes\/\"]}]},{\"@type\":\"BreadcrumbList\",\"@id\":\"https:\/\/www.in-magazines.com\/magazine\/categories\/villes-intercommunalites-vie-des-municipalites\/habitat-a-antibes-bientot-une-nouvelle-residence-pour-seniors-autonomes\/#breadcrumb\",\"itemListElement\":[{\"@type\":\"ListItem\",\"position\":1,\"item\":{\"@id\":\"https:\/\/www.in-magazines.com\/magazine\/categories\/villes-intercommunalites-vie-des-municipalites\/habitat-a-antibes-bientot-une-nouvelle-residence-pour-seniors-autonomes\/#webpage\"}}]},{\"@type\":\"Person\",\"@id\":\"https:\/\/www.in-magazines.com\/magazine\/#\/schema\/person\/c27e7dabb9a1ef380814bdd5636d07e3\",\"name\":\"backinmag\",\"image\":{\"@type\":\"ImageObject\",\"@id\":\"https:\/\/www.in-magazines.com\/magazine\/#personlogo\",\"inLanguage\":\"fr-FR\",\"url\":\"https:\/\/secure.gravatar.com\/avatar\/13a234bb19dc4fd04793d73c3472fbdb?s=96&d=mm&r=g\",\"contentUrl\":\"https:\/\/secure.gravatar.com\/avatar\/13a234bb19dc4fd04793d73c3472fbdb?s=96&d=mm&r=g\",\"caption\":\"backinmag\"},\"sameAs\":[\"http:\/\/www.in-magazines.com\/magazin\"]}]}<\/script>\n<!-- \/ Yoast SEO plugin. -->","_links":{"self":[{"href":"https:\/\/www.in-magazines.com\/magazine\/wp-json\/wp\/v2\/posts\/15245"}],"collection":[{"href":"https:\/\/www.in-magazines.com\/magazine\/wp-json\/wp\/v2\/posts"}],"about":[{"href":"https:\/\/www.in-magazines.com\/magazine\/wp-json\/wp\/v2\/types\/post"}],"author":[{"embeddable":true,"href":"https:\/\/www.in-magazines.com\/magazine\/wp-json\/wp\/v2\/users\/1"}],"replies":[{"embeddable":true,"href":"https:\/\/www.in-magazines.com\/magazine\/wp-json\/wp\/v2\/comments?post=15245"}],"version-history":[{"count":3,"href":"https:\/\/www.in-magazines.com\/magazine\/wp-json\/wp\/v2\/posts\/15245\/revisions"}],"predecessor-version":[{"id":15249,"href":"https:\/\/www.in-magazines.com\/magazine\/wp-json\/wp\/v2\/posts\/15245\/revisions\/15249"}],"wp:featuredmedia":[{"embeddable":true,"href":"https:\/\/www.in-magazines.com\/magazine\/wp-json\/wp\/v2\/media\/15248"}],"wp:attachment":[{"href":"https:\/\/www.in-magazines.com\/magazine\/wp-json\/wp\/v2\/media?parent=15245"}],"wp:term":[{"taxonomy":"category","embeddable":true,"href":"https:\/\/www.in-magazines.com\/magazine\/wp-json\/wp\/v2\/categories?post=15245"},{"taxonomy":"post_tag","embeddable":true,"href":"https:\/\/www.in-magazines.com\/magazine\/wp-json\/wp\/v2\/tags?post=15245"}],"curies":[{"name":"wp","href":"https:\/\/api.w.org\/{rel}","templated":true}]}}