

{"id":15265,"date":"2026-04-30T06:06:00","date_gmt":"2026-04-30T06:06:00","guid":{"rendered":"https:\/\/www.in-magazines.com\/magazine\/?p=15265"},"modified":"2026-04-29T05:27:26","modified_gmt":"2026-04-29T05:27:26","slug":"mandelieu-discrete-elegante-performante-destination-mandelieu","status":"publish","type":"post","link":"https:\/\/www.in-magazines.com\/magazine\/sommaire\/inmagazine-44\/mandelieu-discrete-elegante-performante-destination-mandelieu\/","title":{"rendered":"MANDELIEU &#8211; Discr\u00e8te, \u00e9l\u00e9gante, performante : Destination Mandelieu"},"content":{"rendered":"\n<p>Directeur G\u00e9n\u00e9ral de Destination Mandelieu \u2013 Office du tourisme et congr\u00e8s, Pierre-Louis Roucari\u00e8s est arriv\u00e9 il y a 35 ans sur la C\u00f4te d\u2019Azur comme charg\u00e9 de projet. Depuis, il n\u2019a eu de cesse d\u2019\u0153uvrer au d\u00e9veloppement et \u00e0 la promotion du territoire de Mandelieu-La Napoule. Il revient avec nous sur ce riche parcours et nous pr\u00e9sente aujourd\u2019hui les atouts et les performances touristiques de la capitale du mimosa.<\/p>\n\n\n\n<p><strong>Vous avez d\u00e9couvert la C\u00f4te d\u2019Azur pour le travail, en 1990 mais vous \u00eates d\u2019origine toulousaine. Quel a \u00e9t\u00e9 votre parcours professionnel ?<\/strong><br>Pierre-Louis Roucaries : J\u2019ai \u00e9t\u00e9 admis \u00e0 l\u2019\u00e9cole de commerce INSEEC \u00e0 Bordeaux. Le parrain de ma promotion \u00e9tait Patrick Baudry -qui apr\u00e8s Jean-Loup Chr\u00e9tien avec les Russes, a \u00e9t\u00e9 le premier fran\u00e7ais \u00e0 partir avec les am\u00e9ricains dans l\u2019espace. Ce n\u2019est pas anecdotique dans mon parcours : Patrick Baudry \u00e9tait \u00e0 l\u2019origine du Space Camp, un complexe voulu pour d\u00e9mocratiser aupr\u00e8s du grand public le projet de conqu\u00eate de l\u2019espace. J\u2019ai travaill\u00e9 sur les \u00e9tudes de march\u00e9 de ce projet qui devait initialement ouvrir \u00e0 Toulouse et a finalement \u00e9t\u00e9 inaugur\u00e9 dans les anciens b\u00e2timents de Pioneer, \u00e0 Cannes en juillet 1989. Avec un simulateur spatial, une salle de contr\u00f4le, centrifugeuse\u2026 nous recevions jusqu\u2019\u00e0 3 000 jeunes en stage pendant l\u2019ann\u00e9e et 50 % de l\u2019activit\u00e9 \u00e9tait consacr\u00e9 au tourisme d\u2019affaires mais h\u00e9las, le Space Camp a ferm\u00e9 trois ans plus tard.<\/p>\n\n\n\n<p><strong>Mais vous n\u2019\u00eates jamais reparti\u2026<br><\/strong>Le hasard a bien fait les choses et je me suis vu proposer un poste de chef de projet \u00e0 Mandelieu, pour Europa, modeste salle de congr\u00e8s de l\u2019\u00e9poque. Nous \u00e9tions aux pr\u00e9mices du d\u00e9veloppement du secteur MICE (Meetings, Incentive, Conferences, Exhibitions \/ Events, NDLR).<\/p>\n\n\n<a href=\"#\" class=\"_3d-flip-book  fb3d-link-lightbox-mode\" data-id=\"14979\" data-mode=\"link-lightbox\" data-title=\"false\" data-template=\"short-white-book-view\" data-lightbox=\"dark\" data-urlparam=\"fb3d-page\" data-page-n=\"0\" data-pdf=\"\" data-tax=\"null\" data-thumbnail=\"\" data-cols=\"3\" data-query=\"\"><img decoding=\"async\" src=\"http:\/\/www.in-magazines.com\/magazine\/wp-content\/uploads\/2021\/05\/btn.jpg\"><\/a>\n","protected":false},"excerpt":{"rendered":"<p>Directeur G&eacute;n&eacute;ral de Destination Mandelieu &ndash; Office du tourisme et congr&egrave;s, Pierre-Louis Roucari&egrave;s est arriv&eacute; il y a 35 ans sur la C&ocirc;te d&rsquo;Azur comme charg&eacute; de projet. Depuis, il n&rsquo;a eu de cesse d&rsquo;&oelig;uvrer au d&eacute;veloppement et &agrave; la promotion du territoire de Mandelieu-La Napoule. Il revient avec nous sur ce riche parcours et&hellip; <a class=\"more-link\" href=\"https:\/\/www.in-magazines.com\/magazine\/sommaire\/inmagazine-44\/mandelieu-discrete-elegante-performante-destination-mandelieu\/\">Poursuivre la lecture <span class=\"screen-reader-text\">MANDELIEU &#8211; Discr\u00e8te, \u00e9l\u00e9gante, performante : Destination Mandelieu<\/span><\/a><\/p>\n","protected":false},"author":1,"featured_media":15269,"comment_status":"open","ping_status":"open","sticky":false,"template":"","format":"standard","meta":{"footnotes":""},"categories":[2773,1697],"tags":[70,2873,2874],"yoast_head":"<!-- This site is optimized with the Yoast SEO plugin v16.2 - https:\/\/yoast.com\/wordpress\/plugins\/seo\/ -->\n<title>MANDELIEU - Discr\u00e8te, \u00e9l\u00e9gante, performante : Destination Mandelieu - In Magazines<\/title>\n<meta name=\"robots\" content=\"index, follow, max-snippet:-1, max-image-preview:large, max-video-preview:-1\" \/>\n<link rel=\"canonical\" href=\"https:\/\/www.in-magazines.com\/magazine\/categories\/villes-intercommunalites-vie-des-municipalites\/mandelieu-discrete-elegante-performante-destination-mandelieu\/\" \/>\n<meta property=\"og:locale\" content=\"fr_FR\" \/>\n<meta property=\"og:type\" content=\"article\" \/>\n<meta property=\"og:title\" content=\"MANDELIEU - Discr\u00e8te, \u00e9l\u00e9gante, performante : Destination Mandelieu - In Magazines\" \/>\n<meta property=\"og:description\" content=\"Directeur G&eacute;n&eacute;ral de Destination Mandelieu &ndash; Office du tourisme et congr&egrave;s, Pierre-Louis Roucari&egrave;s est arriv&eacute; il y a 35 ans sur la C&ocirc;te d&rsquo;Azur comme charg&eacute; de projet. Depuis, il n&rsquo;a eu de cesse d&rsquo;&oelig;uvrer au d&eacute;veloppement et &agrave; la promotion du territoire de Mandelieu-La Napoule. Il revient avec nous sur ce riche parcours et&hellip; Poursuivre la lecture MANDELIEU &#8211; Discr\u00e8te, \u00e9l\u00e9gante, performante : Destination Mandelieu\" \/>\n<meta property=\"og:url\" content=\"https:\/\/www.in-magazines.com\/magazine\/categories\/villes-intercommunalites-vie-des-municipalites\/mandelieu-discrete-elegante-performante-destination-mandelieu\/\" \/>\n<meta property=\"og:site_name\" content=\"In Magazines\" \/>\n<meta property=\"article:published_time\" content=\"2026-04-30T06:06:00+00:00\" \/>\n<meta property=\"article:modified_time\" content=\"2026-04-29T05:27:26+00:00\" \/>\n<meta property=\"og:image\" content=\"https:\/\/www.in-magazines.com\/magazine\/wp-content\/uploads\/2026\/04\/MANDELIEU-Discrete-elegante-performante-Destination-Mandelieu.jpg\" \/>\n\t<meta property=\"og:image:width\" content=\"600\" \/>\n\t<meta property=\"og:image:height\" content=\"600\" \/>\n<meta name=\"twitter:label1\" content=\"Dur\u00e9e de lecture est.\">\n\t<meta name=\"twitter:data1\" content=\"2 minutes\">\n<script type=\"application\/ld+json\" class=\"yoast-schema-graph\">{\"@context\":\"https:\/\/schema.org\",\"@graph\":[{\"@type\":\"WebSite\",\"@id\":\"https:\/\/www.in-magazines.com\/magazine\/#website\",\"url\":\"https:\/\/www.in-magazines.com\/magazine\/\",\"name\":\"In Magazines\",\"description\":\"\",\"potentialAction\":[{\"@type\":\"SearchAction\",\"target\":\"https:\/\/www.in-magazines.com\/magazine\/?s={search_term_string}\",\"query-input\":\"required name=search_term_string\"}],\"inLanguage\":\"fr-FR\"},{\"@type\":\"ImageObject\",\"@id\":\"https:\/\/www.in-magazines.com\/magazine\/categories\/villes-intercommunalites-vie-des-municipalites\/mandelieu-discrete-elegante-performante-destination-mandelieu\/#primaryimage\",\"inLanguage\":\"fr-FR\",\"url\":\"https:\/\/www.in-magazines.com\/magazine\/wp-content\/uploads\/2026\/04\/MANDELIEU-Discrete-elegante-performante-Destination-Mandelieu.jpg\",\"contentUrl\":\"https:\/\/www.in-magazines.com\/magazine\/wp-content\/uploads\/2026\/04\/MANDELIEU-Discrete-elegante-performante-Destination-Mandelieu.jpg\",\"width\":600,\"height\":600},{\"@type\":\"WebPage\",\"@id\":\"https:\/\/www.in-magazines.com\/magazine\/categories\/villes-intercommunalites-vie-des-municipalites\/mandelieu-discrete-elegante-performante-destination-mandelieu\/#webpage\",\"url\":\"https:\/\/www.in-magazines.com\/magazine\/categories\/villes-intercommunalites-vie-des-municipalites\/mandelieu-discrete-elegante-performante-destination-mandelieu\/\",\"name\":\"MANDELIEU - Discr\\u00e8te, \\u00e9l\\u00e9gante, performante : Destination Mandelieu - In Magazines\",\"isPartOf\":{\"@id\":\"https:\/\/www.in-magazines.com\/magazine\/#website\"},\"primaryImageOfPage\":{\"@id\":\"https:\/\/www.in-magazines.com\/magazine\/categories\/villes-intercommunalites-vie-des-municipalites\/mandelieu-discrete-elegante-performante-destination-mandelieu\/#primaryimage\"},\"datePublished\":\"2026-04-30T06:06:00+00:00\",\"dateModified\":\"2026-04-29T05:27:26+00:00\",\"author\":{\"@id\":\"https:\/\/www.in-magazines.com\/magazine\/#\/schema\/person\/c27e7dabb9a1ef380814bdd5636d07e3\"},\"breadcrumb\":{\"@id\":\"https:\/\/www.in-magazines.com\/magazine\/categories\/villes-intercommunalites-vie-des-municipalites\/mandelieu-discrete-elegante-performante-destination-mandelieu\/#breadcrumb\"},\"inLanguage\":\"fr-FR\",\"potentialAction\":[{\"@type\":\"ReadAction\",\"target\":[\"https:\/\/www.in-magazines.com\/magazine\/categories\/villes-intercommunalites-vie-des-municipalites\/mandelieu-discrete-elegante-performante-destination-mandelieu\/\"]}]},{\"@type\":\"BreadcrumbList\",\"@id\":\"https:\/\/www.in-magazines.com\/magazine\/categories\/villes-intercommunalites-vie-des-municipalites\/mandelieu-discrete-elegante-performante-destination-mandelieu\/#breadcrumb\",\"itemListElement\":[{\"@type\":\"ListItem\",\"position\":1,\"item\":{\"@id\":\"https:\/\/www.in-magazines.com\/magazine\/categories\/villes-intercommunalites-vie-des-municipalites\/mandelieu-discrete-elegante-performante-destination-mandelieu\/#webpage\"}}]},{\"@type\":\"Person\",\"@id\":\"https:\/\/www.in-magazines.com\/magazine\/#\/schema\/person\/c27e7dabb9a1ef380814bdd5636d07e3\",\"name\":\"backinmag\",\"image\":{\"@type\":\"ImageObject\",\"@id\":\"https:\/\/www.in-magazines.com\/magazine\/#personlogo\",\"inLanguage\":\"fr-FR\",\"url\":\"https:\/\/secure.gravatar.com\/avatar\/13a234bb19dc4fd04793d73c3472fbdb?s=96&d=mm&r=g\",\"contentUrl\":\"https:\/\/secure.gravatar.com\/avatar\/13a234bb19dc4fd04793d73c3472fbdb?s=96&d=mm&r=g\",\"caption\":\"backinmag\"},\"sameAs\":[\"http:\/\/www.in-magazines.com\/magazin\"]}]}<\/script>\n<!-- \/ Yoast SEO plugin. -->","_links":{"self":[{"href":"https:\/\/www.in-magazines.com\/magazine\/wp-json\/wp\/v2\/posts\/15265"}],"collection":[{"href":"https:\/\/www.in-magazines.com\/magazine\/wp-json\/wp\/v2\/posts"}],"about":[{"href":"https:\/\/www.in-magazines.com\/magazine\/wp-json\/wp\/v2\/types\/post"}],"author":[{"embeddable":true,"href":"https:\/\/www.in-magazines.com\/magazine\/wp-json\/wp\/v2\/users\/1"}],"replies":[{"embeddable":true,"href":"https:\/\/www.in-magazines.com\/magazine\/wp-json\/wp\/v2\/comments?post=15265"}],"version-history":[{"count":3,"href":"https:\/\/www.in-magazines.com\/magazine\/wp-json\/wp\/v2\/posts\/15265\/revisions"}],"predecessor-version":[{"id":15270,"href":"https:\/\/www.in-magazines.com\/magazine\/wp-json\/wp\/v2\/posts\/15265\/revisions\/15270"}],"wp:featuredmedia":[{"embeddable":true,"href":"https:\/\/www.in-magazines.com\/magazine\/wp-json\/wp\/v2\/media\/15269"}],"wp:attachment":[{"href":"https:\/\/www.in-magazines.com\/magazine\/wp-json\/wp\/v2\/media?parent=15265"}],"wp:term":[{"taxonomy":"category","embeddable":true,"href":"https:\/\/www.in-magazines.com\/magazine\/wp-json\/wp\/v2\/categories?post=15265"},{"taxonomy":"post_tag","embeddable":true,"href":"https:\/\/www.in-magazines.com\/magazine\/wp-json\/wp\/v2\/tags?post=15265"}],"curies":[{"name":"wp","href":"https:\/\/api.w.org\/{rel}","templated":true}]}}