

{"id":15295,"date":"2026-04-30T06:00:00","date_gmt":"2026-04-30T06:00:00","guid":{"rendered":"https:\/\/www.in-magazines.com\/magazine\/?p=15295"},"modified":"2026-04-28T06:20:18","modified_gmt":"2026-04-28T06:20:18","slug":"le-mirage-nouvel-ecrin-mediterraneen-ouvre-dans-le-var","status":"publish","type":"post","link":"https:\/\/www.in-magazines.com\/magazine\/sommaire\/inmagazine-44\/le-mirage-nouvel-ecrin-mediterraneen-ouvre-dans-le-var\/","title":{"rendered":"LE MIRAGE, nouvel \u00e9crin M\u00e9diterran\u00e9en, ouvre dans le Var"},"content":{"rendered":"\n<p>Perch\u00e9 sur les hauteurs de Bormes-les-Mimosas, face au village et \u00e0 la mer, Le Mirage ouvre ses portes. Nich\u00e9 dans un jardin m\u00e9diterran\u00e9en luxuriant, l\u2019h\u00f4tel offre une exp\u00e9rience unique. Les 73 chambres et 2 suites, r\u00e9parties sur plusieurs villas, combinent intimit\u00e9, luminosit\u00e9 et design m\u00e9diterran\u00e9en. Chaque villa abrite des chambres spacieuses.<\/p>\n\n\n\n<p>Les suites de 50 m\u00b2 avec piscine priv\u00e9e offrent un luxe discret et sur-mesure, id\u00e9al pour un s\u00e9jour personnalis\u00e9 tandis que les terrasses privatives offrent des vues panoramiques sur le village, la mer et les \u00eeles d\u2019Or. Chemins bord\u00e9s d\u2019oliviers, lavandes et lauriers, terrasses baign\u00e9es de soleil et panoramas sur la mer font du jardin m\u00e9diterran\u00e9en un espace de s\u00e9r\u00e9nit\u00e9 et de contemplation. Compl\u00e9tant cet environnement \u00e0 l\u2019atmosph\u00e8re proven\u00e7ale et contemporaine, le spa Codage de 400 m\u00b2 propose soins sur-mesure, sauna, hammam et bassin chaud\/froid.<\/p>\n\n\n<a href=\"#\" class=\"_3d-flip-book  fb3d-link-lightbox-mode\" data-id=\"14984\" data-mode=\"link-lightbox\" data-title=\"false\" data-template=\"short-white-book-view\" data-lightbox=\"dark\" data-urlparam=\"fb3d-page\" data-page-n=\"0\" data-pdf=\"\" data-tax=\"null\" data-thumbnail=\"\" data-cols=\"3\" data-query=\"\"><img decoding=\"async\" src=\"http:\/\/www.in-magazines.com\/magazine\/wp-content\/uploads\/2021\/05\/btn.jpg\"><\/a>\n","protected":false},"excerpt":{"rendered":"<p>Perch&eacute; sur les hauteurs de Bormes-les-Mimosas, face au village et &agrave; la mer, Le Mirage ouvre ses portes. Nich&eacute; dans un jardin m&eacute;diterran&eacute;en luxuriant, l&rsquo;h&ocirc;tel offre une exp&eacute;rience unique. Les 73 chambres et 2 suites, r&eacute;parties sur plusieurs villas, combinent intimit&eacute;, luminosit&eacute; et design m&eacute;diterran&eacute;en. Chaque villa abrite des chambres spacieuses. Les suites de 50&hellip; <a class=\"more-link\" href=\"https:\/\/www.in-magazines.com\/magazine\/sommaire\/inmagazine-44\/le-mirage-nouvel-ecrin-mediterraneen-ouvre-dans-le-var\/\">Poursuivre la lecture <span class=\"screen-reader-text\">LE MIRAGE, nouvel \u00e9crin M\u00e9diterran\u00e9en, ouvre dans le Var<\/span><\/a><\/p>\n","protected":false},"author":1,"featured_media":15299,"comment_status":"open","ping_status":"open","sticky":false,"template":"","format":"standard","meta":{"footnotes":""},"categories":[2773,1700],"tags":[2882,2883,2884],"yoast_head":"<!-- This site is optimized with the Yoast SEO plugin v16.2 - https:\/\/yoast.com\/wordpress\/plugins\/seo\/ -->\n<title>LE MIRAGE, nouvel \u00e9crin M\u00e9diterran\u00e9en, ouvre dans le Var - In Magazines<\/title>\n<meta name=\"robots\" content=\"index, follow, max-snippet:-1, max-image-preview:large, max-video-preview:-1\" \/>\n<link rel=\"canonical\" href=\"https:\/\/www.in-magazines.com\/magazine\/categories\/chr-evenementiel-loisirs\/le-mirage-nouvel-ecrin-mediterraneen-ouvre-dans-le-var\/\" \/>\n<meta property=\"og:locale\" content=\"fr_FR\" \/>\n<meta property=\"og:type\" content=\"article\" \/>\n<meta property=\"og:title\" content=\"LE MIRAGE, nouvel \u00e9crin M\u00e9diterran\u00e9en, ouvre dans le Var - In Magazines\" \/>\n<meta property=\"og:description\" content=\"Perch&eacute; sur les hauteurs de Bormes-les-Mimosas, face au village et &agrave; la mer, Le Mirage ouvre ses portes. Nich&eacute; dans un jardin m&eacute;diterran&eacute;en luxuriant, l&rsquo;h&ocirc;tel offre une exp&eacute;rience unique. Les 73 chambres et 2 suites, r&eacute;parties sur plusieurs villas, combinent intimit&eacute;, luminosit&eacute; et design m&eacute;diterran&eacute;en. Chaque villa abrite des chambres spacieuses. Les suites de 50&hellip; Poursuivre la lecture LE MIRAGE, nouvel \u00e9crin M\u00e9diterran\u00e9en, ouvre dans le Var\" \/>\n<meta property=\"og:url\" content=\"https:\/\/www.in-magazines.com\/magazine\/categories\/chr-evenementiel-loisirs\/le-mirage-nouvel-ecrin-mediterraneen-ouvre-dans-le-var\/\" \/>\n<meta property=\"og:site_name\" content=\"In Magazines\" \/>\n<meta property=\"article:published_time\" content=\"2026-04-30T06:00:00+00:00\" \/>\n<meta property=\"article:modified_time\" content=\"2026-04-28T06:20:18+00:00\" \/>\n<meta property=\"og:image\" content=\"https:\/\/www.in-magazines.com\/magazine\/wp-content\/uploads\/2026\/04\/LE-MIRAGE-nouvel-ecrin-Mediterraneen-ouvre-dans-le-Var-1.jpg\" \/>\n\t<meta property=\"og:image:width\" content=\"600\" \/>\n\t<meta property=\"og:image:height\" content=\"250\" \/>\n<meta name=\"twitter:label1\" content=\"Dur\u00e9e de lecture est.\">\n\t<meta name=\"twitter:data1\" content=\"1 minute\">\n<script type=\"application\/ld+json\" class=\"yoast-schema-graph\">{\"@context\":\"https:\/\/schema.org\",\"@graph\":[{\"@type\":\"WebSite\",\"@id\":\"https:\/\/www.in-magazines.com\/magazine\/#website\",\"url\":\"https:\/\/www.in-magazines.com\/magazine\/\",\"name\":\"In Magazines\",\"description\":\"\",\"potentialAction\":[{\"@type\":\"SearchAction\",\"target\":\"https:\/\/www.in-magazines.com\/magazine\/?s={search_term_string}\",\"query-input\":\"required name=search_term_string\"}],\"inLanguage\":\"fr-FR\"},{\"@type\":\"ImageObject\",\"@id\":\"https:\/\/www.in-magazines.com\/magazine\/categories\/chr-evenementiel-loisirs\/le-mirage-nouvel-ecrin-mediterraneen-ouvre-dans-le-var\/#primaryimage\",\"inLanguage\":\"fr-FR\",\"url\":\"https:\/\/www.in-magazines.com\/magazine\/wp-content\/uploads\/2026\/04\/LE-MIRAGE-nouvel-ecrin-Mediterraneen-ouvre-dans-le-Var-1.jpg\",\"contentUrl\":\"https:\/\/www.in-magazines.com\/magazine\/wp-content\/uploads\/2026\/04\/LE-MIRAGE-nouvel-ecrin-Mediterraneen-ouvre-dans-le-Var-1.jpg\",\"width\":600,\"height\":250},{\"@type\":\"WebPage\",\"@id\":\"https:\/\/www.in-magazines.com\/magazine\/categories\/chr-evenementiel-loisirs\/le-mirage-nouvel-ecrin-mediterraneen-ouvre-dans-le-var\/#webpage\",\"url\":\"https:\/\/www.in-magazines.com\/magazine\/categories\/chr-evenementiel-loisirs\/le-mirage-nouvel-ecrin-mediterraneen-ouvre-dans-le-var\/\",\"name\":\"LE MIRAGE, nouvel \\u00e9crin M\\u00e9diterran\\u00e9en, ouvre dans le Var - In Magazines\",\"isPartOf\":{\"@id\":\"https:\/\/www.in-magazines.com\/magazine\/#website\"},\"primaryImageOfPage\":{\"@id\":\"https:\/\/www.in-magazines.com\/magazine\/categories\/chr-evenementiel-loisirs\/le-mirage-nouvel-ecrin-mediterraneen-ouvre-dans-le-var\/#primaryimage\"},\"datePublished\":\"2026-04-30T06:00:00+00:00\",\"dateModified\":\"2026-04-28T06:20:18+00:00\",\"author\":{\"@id\":\"https:\/\/www.in-magazines.com\/magazine\/#\/schema\/person\/c27e7dabb9a1ef380814bdd5636d07e3\"},\"breadcrumb\":{\"@id\":\"https:\/\/www.in-magazines.com\/magazine\/categories\/chr-evenementiel-loisirs\/le-mirage-nouvel-ecrin-mediterraneen-ouvre-dans-le-var\/#breadcrumb\"},\"inLanguage\":\"fr-FR\",\"potentialAction\":[{\"@type\":\"ReadAction\",\"target\":[\"https:\/\/www.in-magazines.com\/magazine\/categories\/chr-evenementiel-loisirs\/le-mirage-nouvel-ecrin-mediterraneen-ouvre-dans-le-var\/\"]}]},{\"@type\":\"BreadcrumbList\",\"@id\":\"https:\/\/www.in-magazines.com\/magazine\/categories\/chr-evenementiel-loisirs\/le-mirage-nouvel-ecrin-mediterraneen-ouvre-dans-le-var\/#breadcrumb\",\"itemListElement\":[{\"@type\":\"ListItem\",\"position\":1,\"item\":{\"@id\":\"https:\/\/www.in-magazines.com\/magazine\/categories\/chr-evenementiel-loisirs\/le-mirage-nouvel-ecrin-mediterraneen-ouvre-dans-le-var\/#webpage\"}}]},{\"@type\":\"Person\",\"@id\":\"https:\/\/www.in-magazines.com\/magazine\/#\/schema\/person\/c27e7dabb9a1ef380814bdd5636d07e3\",\"name\":\"backinmag\",\"image\":{\"@type\":\"ImageObject\",\"@id\":\"https:\/\/www.in-magazines.com\/magazine\/#personlogo\",\"inLanguage\":\"fr-FR\",\"url\":\"https:\/\/secure.gravatar.com\/avatar\/13a234bb19dc4fd04793d73c3472fbdb?s=96&d=mm&r=g\",\"contentUrl\":\"https:\/\/secure.gravatar.com\/avatar\/13a234bb19dc4fd04793d73c3472fbdb?s=96&d=mm&r=g\",\"caption\":\"backinmag\"},\"sameAs\":[\"http:\/\/www.in-magazines.com\/magazin\"]}]}<\/script>\n<!-- \/ Yoast SEO plugin. -->","_links":{"self":[{"href":"https:\/\/www.in-magazines.com\/magazine\/wp-json\/wp\/v2\/posts\/15295"}],"collection":[{"href":"https:\/\/www.in-magazines.com\/magazine\/wp-json\/wp\/v2\/posts"}],"about":[{"href":"https:\/\/www.in-magazines.com\/magazine\/wp-json\/wp\/v2\/types\/post"}],"author":[{"embeddable":true,"href":"https:\/\/www.in-magazines.com\/magazine\/wp-json\/wp\/v2\/users\/1"}],"replies":[{"embeddable":true,"href":"https:\/\/www.in-magazines.com\/magazine\/wp-json\/wp\/v2\/comments?post=15295"}],"version-history":[{"count":2,"href":"https:\/\/www.in-magazines.com\/magazine\/wp-json\/wp\/v2\/posts\/15295\/revisions"}],"predecessor-version":[{"id":15297,"href":"https:\/\/www.in-magazines.com\/magazine\/wp-json\/wp\/v2\/posts\/15295\/revisions\/15297"}],"wp:featuredmedia":[{"embeddable":true,"href":"https:\/\/www.in-magazines.com\/magazine\/wp-json\/wp\/v2\/media\/15299"}],"wp:attachment":[{"href":"https:\/\/www.in-magazines.com\/magazine\/wp-json\/wp\/v2\/media?parent=15295"}],"wp:term":[{"taxonomy":"category","embeddable":true,"href":"https:\/\/www.in-magazines.com\/magazine\/wp-json\/wp\/v2\/categories?post=15295"},{"taxonomy":"post_tag","embeddable":true,"href":"https:\/\/www.in-magazines.com\/magazine\/wp-json\/wp\/v2\/tags?post=15295"}],"curies":[{"name":"wp","href":"https:\/\/api.w.org\/{rel}","templated":true}]}}