

{"id":2549,"date":"2019-09-04T12:19:00","date_gmt":"2019-09-04T12:19:00","guid":{"rendered":"https:\/\/www.in-magazines.com\/magazine\/?p=2549"},"modified":"2021-06-03T11:34:24","modified_gmt":"2021-06-03T11:34:24","slug":"biennale-internationale-de-ceramique-contemporaine","status":"publish","type":"post","link":"https:\/\/www.in-magazines.com\/magazine\/sommaire\/inantipolis-10\/biennale-internationale-de-ceramique-contemporaine\/","title":{"rendered":"Biennale Internationale de c\u00e9ramique contemporaine"},"content":{"rendered":"\n<p>Cr\u00e9ative, innovante et connect\u00e9e, La Biennale Internationale de c\u00e9ramique contemporaine de Vallauris d\u00e9voile les derni\u00e8res tendances de la cr\u00e9ation c\u00e9ramique d\u2019aujourd\u2019hui et de demain \u00e0 travers un parcours d\u2019expositions immersives.<\/p>\n\n\n\n<p>Le concours, pilier fondamental et historique de la Biennale, r\u00e9compense cette ann\u00e9e encore les talents de la c\u00e9ramique de demain. Technicit\u00e9 et excellence sont les d\u00e9nominateurs communs des cr\u00e9ations des artistes s\u00e9lectionn\u00e9s par un jury de professionnels prestigieux.<\/p>\n\n\n\n<p>Pour cette \u00e9dition 2019, le Grand Prix 2019 a \u00e9t\u00e9 d\u00e9cern\u00e9 ex-aequo \u00e0 : Maria Geszler (Hongrie) avec Plan\u00e8te Rousseau M\u00e9t\u00e9orite et Safi a Hijos (France) avec ses pi\u00e8ces Emeraude supersonique, Emeraude sonique et Emeraude \u00e0 feuilles rouges.<\/p>\n\n\n\n<p>Deux femmes, deux g\u00e9n\u00e9rations diff\u00e9rentes, deux expressions distinctes mais qui se retrouvent dans un savoir-faire technique affi rm\u00e9 et une sensibilit\u00e9 \u00e0 la mati\u00e8re. Sans conteste, les objets les plus \u00e9l\u00e9gants de la s\u00e9lection.<\/p>\n\n\n\n<p>Depuis 2006, la Biennale invite un pays qu\u2019elle met \u00e0 l\u2019honneur dans le cadre d\u2019une grande exposition. Cette ann\u00e9e, Vallauris a choisi l\u2019Italie pour incarner l\u2019innovation qui anime la cr\u00e9ativit\u00e9 et la place importante de la c\u00e9ramique chez notre voisin europ\u00e9en. Plusieurs expositions ont lieu en parall\u00e8le sur plusieurs sites : La maison des quartiers (Lightart de Nicola Boccini), L\u2019Eden (expo Terra Italia), L\u2019espace Grandjean (C\u00e9ramique 3D d\u2019Olivier Van Herpt) et le Mus\u00e9e Magnelli (pour un Workshop avec l\u2019ENSCI, l\u2019Ecole Nationale Sup\u00e9rieure de C\u00e9ramique Industrielle, ainsi que l\u2019expo Made In Italy).<\/p>\n\n\n<a href=\"#\" class=\"_3d-flip-book  fb3d-link-lightbox-mode\" data-id=\"2551\" data-mode=\"link-lightbox\" data-title=\"false\" data-template=\"short-white-book-view\" data-lightbox=\"dark\" data-urlparam=\"fb3d-page\" data-page-n=\"0\" data-pdf=\"\" data-tax=\"null\" data-thumbnail=\"\" data-cols=\"3\" data-query=\"\"><img decoding=\"async\" src=\"http:\/\/www.in-magazines.com\/magazine\/wp-content\/uploads\/2021\/05\/btn.jpg\"><\/a>\n","protected":false},"excerpt":{"rendered":"<p>Cr&eacute;ative, innovante et connect&eacute;e, La Biennale Internationale de c&eacute;ramique contemporaine de Vallauris d&eacute;voile les derni&egrave;res tendances de la cr&eacute;ation c&eacute;ramique d&rsquo;aujourd&rsquo;hui et de demain &agrave; travers un parcours d&rsquo;expositions immersives. Le concours, pilier fondamental et historique de la Biennale, r&eacute;compense cette ann&eacute;e encore les talents de la c&eacute;ramique de demain. Technicit&eacute; et excellence sont les&hellip; <a class=\"more-link\" href=\"https:\/\/www.in-magazines.com\/magazine\/sommaire\/inantipolis-10\/biennale-internationale-de-ceramique-contemporaine\/\">Poursuivre la lecture <span class=\"screen-reader-text\">Biennale Internationale de c\u00e9ramique contemporaine<\/span><\/a><\/p>\n","protected":false},"author":1,"featured_media":2552,"comment_status":"open","ping_status":"open","sticky":false,"template":"","format":"standard","meta":{"footnotes":""},"categories":[61,55],"tags":[18,869,970,1096],"yoast_head":"<!-- This site is optimized with the Yoast SEO plugin v16.2 - https:\/\/yoast.com\/wordpress\/plugins\/seo\/ -->\n<title>Biennale Internationale de c\u00e9ramique contemporaine - In Magazines<\/title>\n<meta name=\"robots\" content=\"index, follow, max-snippet:-1, max-image-preview:large, max-video-preview:-1\" \/>\n<link rel=\"canonical\" href=\"https:\/\/www.in-magazines.com\/magazine\/sommaire\/inantipolis-10\/biennale-internationale-de-ceramique-contemporaine\/\" \/>\n<meta property=\"og:locale\" content=\"fr_FR\" \/>\n<meta property=\"og:type\" content=\"article\" \/>\n<meta property=\"og:title\" content=\"Biennale Internationale de c\u00e9ramique contemporaine - In Magazines\" \/>\n<meta property=\"og:description\" content=\"Cr&eacute;ative, innovante et connect&eacute;e, La Biennale Internationale de c&eacute;ramique contemporaine de Vallauris d&eacute;voile les derni&egrave;res tendances de la cr&eacute;ation c&eacute;ramique d&rsquo;aujourd&rsquo;hui et de demain &agrave; travers un parcours d&rsquo;expositions immersives. Le concours, pilier fondamental et historique de la Biennale, r&eacute;compense cette ann&eacute;e encore les talents de la c&eacute;ramique de demain. Technicit&eacute; et excellence sont les&hellip; Poursuivre la lecture Biennale Internationale de c\u00e9ramique contemporaine\" \/>\n<meta property=\"og:url\" content=\"https:\/\/www.in-magazines.com\/magazine\/sommaire\/inantipolis-10\/biennale-internationale-de-ceramique-contemporaine\/\" \/>\n<meta property=\"og:site_name\" content=\"In Magazines\" \/>\n<meta property=\"article:published_time\" content=\"2019-09-04T12:19:00+00:00\" \/>\n<meta property=\"article:modified_time\" content=\"2021-06-03T11:34:24+00:00\" \/>\n<meta property=\"og:image\" content=\"https:\/\/www.in-magazines.com\/magazine\/wp-content\/uploads\/2021\/06\/img52-1.jpg\" \/>\n\t<meta property=\"og:image:width\" content=\"800\" \/>\n\t<meta property=\"og:image:height\" content=\"513\" \/>\n<meta name=\"twitter:label1\" content=\"Dur\u00e9e de lecture est.\">\n\t<meta name=\"twitter:data1\" content=\"2 minutes\">\n<script type=\"application\/ld+json\" class=\"yoast-schema-graph\">{\"@context\":\"https:\/\/schema.org\",\"@graph\":[{\"@type\":\"WebSite\",\"@id\":\"https:\/\/www.in-magazines.com\/magazine\/#website\",\"url\":\"https:\/\/www.in-magazines.com\/magazine\/\",\"name\":\"In Magazines\",\"description\":\"\",\"potentialAction\":[{\"@type\":\"SearchAction\",\"target\":\"https:\/\/www.in-magazines.com\/magazine\/?s={search_term_string}\",\"query-input\":\"required name=search_term_string\"}],\"inLanguage\":\"fr-FR\"},{\"@type\":\"ImageObject\",\"@id\":\"https:\/\/www.in-magazines.com\/magazine\/sommaire\/inantipolis-10\/biennale-internationale-de-ceramique-contemporaine\/#primaryimage\",\"inLanguage\":\"fr-FR\",\"url\":\"https:\/\/www.in-magazines.com\/magazine\/wp-content\/uploads\/2021\/06\/img52-1.jpg\",\"contentUrl\":\"https:\/\/www.in-magazines.com\/magazine\/wp-content\/uploads\/2021\/06\/img52-1.jpg\",\"width\":800,\"height\":513},{\"@type\":\"WebPage\",\"@id\":\"https:\/\/www.in-magazines.com\/magazine\/sommaire\/inantipolis-10\/biennale-internationale-de-ceramique-contemporaine\/#webpage\",\"url\":\"https:\/\/www.in-magazines.com\/magazine\/sommaire\/inantipolis-10\/biennale-internationale-de-ceramique-contemporaine\/\",\"name\":\"Biennale Internationale de c\\u00e9ramique contemporaine - In Magazines\",\"isPartOf\":{\"@id\":\"https:\/\/www.in-magazines.com\/magazine\/#website\"},\"primaryImageOfPage\":{\"@id\":\"https:\/\/www.in-magazines.com\/magazine\/sommaire\/inantipolis-10\/biennale-internationale-de-ceramique-contemporaine\/#primaryimage\"},\"datePublished\":\"2019-09-04T12:19:00+00:00\",\"dateModified\":\"2021-06-03T11:34:24+00:00\",\"author\":{\"@id\":\"https:\/\/www.in-magazines.com\/magazine\/#\/schema\/person\/c27e7dabb9a1ef380814bdd5636d07e3\"},\"breadcrumb\":{\"@id\":\"https:\/\/www.in-magazines.com\/magazine\/sommaire\/inantipolis-10\/biennale-internationale-de-ceramique-contemporaine\/#breadcrumb\"},\"inLanguage\":\"fr-FR\",\"potentialAction\":[{\"@type\":\"ReadAction\",\"target\":[\"https:\/\/www.in-magazines.com\/magazine\/sommaire\/inantipolis-10\/biennale-internationale-de-ceramique-contemporaine\/\"]}]},{\"@type\":\"BreadcrumbList\",\"@id\":\"https:\/\/www.in-magazines.com\/magazine\/sommaire\/inantipolis-10\/biennale-internationale-de-ceramique-contemporaine\/#breadcrumb\",\"itemListElement\":[{\"@type\":\"ListItem\",\"position\":1,\"item\":{\"@id\":\"https:\/\/www.in-magazines.com\/magazine\/sommaire\/inantipolis-10\/biennale-internationale-de-ceramique-contemporaine\/#webpage\"}}]},{\"@type\":\"Person\",\"@id\":\"https:\/\/www.in-magazines.com\/magazine\/#\/schema\/person\/c27e7dabb9a1ef380814bdd5636d07e3\",\"name\":\"backinmag\",\"image\":{\"@type\":\"ImageObject\",\"@id\":\"https:\/\/www.in-magazines.com\/magazine\/#personlogo\",\"inLanguage\":\"fr-FR\",\"url\":\"https:\/\/secure.gravatar.com\/avatar\/13a234bb19dc4fd04793d73c3472fbdb?s=96&d=mm&r=g\",\"contentUrl\":\"https:\/\/secure.gravatar.com\/avatar\/13a234bb19dc4fd04793d73c3472fbdb?s=96&d=mm&r=g\",\"caption\":\"backinmag\"},\"sameAs\":[\"http:\/\/www.in-magazines.com\/magazin\"]}]}<\/script>\n<!-- \/ Yoast SEO plugin. -->","_links":{"self":[{"href":"https:\/\/www.in-magazines.com\/magazine\/wp-json\/wp\/v2\/posts\/2549"}],"collection":[{"href":"https:\/\/www.in-magazines.com\/magazine\/wp-json\/wp\/v2\/posts"}],"about":[{"href":"https:\/\/www.in-magazines.com\/magazine\/wp-json\/wp\/v2\/types\/post"}],"author":[{"embeddable":true,"href":"https:\/\/www.in-magazines.com\/magazine\/wp-json\/wp\/v2\/users\/1"}],"replies":[{"embeddable":true,"href":"https:\/\/www.in-magazines.com\/magazine\/wp-json\/wp\/v2\/comments?post=2549"}],"version-history":[{"count":2,"href":"https:\/\/www.in-magazines.com\/magazine\/wp-json\/wp\/v2\/posts\/2549\/revisions"}],"predecessor-version":[{"id":2554,"href":"https:\/\/www.in-magazines.com\/magazine\/wp-json\/wp\/v2\/posts\/2549\/revisions\/2554"}],"wp:featuredmedia":[{"embeddable":true,"href":"https:\/\/www.in-magazines.com\/magazine\/wp-json\/wp\/v2\/media\/2552"}],"wp:attachment":[{"href":"https:\/\/www.in-magazines.com\/magazine\/wp-json\/wp\/v2\/media?parent=2549"}],"wp:term":[{"taxonomy":"category","embeddable":true,"href":"https:\/\/www.in-magazines.com\/magazine\/wp-json\/wp\/v2\/categories?post=2549"},{"taxonomy":"post_tag","embeddable":true,"href":"https:\/\/www.in-magazines.com\/magazine\/wp-json\/wp\/v2\/tags?post=2549"}],"curies":[{"name":"wp","href":"https:\/\/api.w.org\/{rel}","templated":true}]}}