

{"id":2854,"date":"2021-06-07T02:10:00","date_gmt":"2021-06-07T02:10:00","guid":{"rendered":"https:\/\/www.in-magazines.com\/magazine\/?p=2854"},"modified":"2021-06-07T07:57:25","modified_gmt":"2021-06-07T07:57:25","slug":"bymycar-cote-dazur-parcours-toutes-options","status":"publish","type":"post","link":"https:\/\/www.in-magazines.com\/magazine\/sommaire\/inmagazine-21\/bymycar-cote-dazur-parcours-toutes-options\/","title":{"rendered":"BYmyCAR C\u00d4TE D&rsquo;AZUR  &#8211; Parcours toutes options"},"content":{"rendered":"\n<p>Dans le monde de l\u2019automobile, la carri\u00e8re d\u2019Elise Potola est class\u00e9e Premium. De L\u2019\u00eele de La R\u00e9union \u00e0 Paris, la dirigeante de BYmy)CAR C\u00f4te d\u2019Azur participe aux r\u00e9volutions du secteur des concessions depuis bient\u00f4t 25 ans.<\/p>\n\n\n\n<p>E lise dirige aujourd\u2019hui BYmy)CAR C\u00f4te d\u2019Azur, le r\u00e9seau de concessions qui compte pr\u00e8s de 220 collaborateurs et rassemble les marques Mercedes-Benz, Ford et SMART sur plusieurs sites, de Nice \u00e0 Cannes. \u00ab Je viens du marketing. N\u00e9e \u00e0 Nantes, j\u2019ai grandi sur l\u2019\u00eele de la r\u00e9union, puis j\u2019ai fait mes \u00e9tudes en m\u00e9tropole avec une Pr\u00e9pa HEC suivie d\u2019une Ecole de Commerce \u00bb. Retour sur l\u2019\u00eele o\u00f9, \u00e0 l\u2019issue d\u2019un stage en concession, elle se voit proposer un emploi au service marketing pour le groupe de concessions automobiles Caill\u00e9. Ambitieuse, elle prendra par la suite une direction commerciale au sein de cette enseigne : \u00ab Le marketing donne les cartes au commercial. J\u2019avais envie de passer \u00e0 l\u2019action, de ne plus \u00eatre seulement en conseil, en support, mais de prendre en main les clefs de la boutique \u00bb. Une ambition l\u00e9gitime qui lui permet de passer par toutes les \u00e9tapes avant de revenir en m\u00e9tropole, \u00e0 Paris, pour diriger la plaque SMART du groupe Como.<\/p>\n\n\n\n<h2 class=\"wp-block-heading\">Devenir premier op\u00e9rateur europ\u00e9en de mobilit\u00e9<\/h2>\n\n\n\n<p>Puis un chasseur de t\u00eate lui permet de rencontrer Jean-Louis Mosca, fondateur et actionnaire du r\u00e9seau BYmy)CAR. On lui propose alors de diriger le secteur C\u00f4te d\u2019Azur, \u00ab un tr\u00e8s bon compromis entre La R\u00e9union et Paris\u2026 \u00bb C\u2019est surtout un intense pari de d\u00e9veloppement de la marque qu\u2019Elise rel\u00e8ve depuis plus de deux ans. L\u2019arriv\u00e9e de Carlos Gomes il y a pr\u00e8s d\u2019un an \u00e0 la direction de BYmy)CAR co\u00efncide avec le d\u00e9ploiement d\u2019une strat\u00e9gie digitale renforc\u00e9e pour l\u2019un des premiers groupes de distribution automobile fran\u00e7ais.<\/p>\n\n\n<a href=\"#\" class=\"_3d-flip-book  fb3d-link-lightbox-mode\" data-id=\"2856\" data-mode=\"link-lightbox\" data-title=\"false\" data-template=\"short-white-book-view\" data-lightbox=\"dark\" data-urlparam=\"fb3d-page\" data-page-n=\"0\" data-pdf=\"\" data-tax=\"null\" data-thumbnail=\"\" data-cols=\"3\" data-query=\"\"><img decoding=\"async\" src=\"http:\/\/www.in-magazines.com\/magazine\/wp-content\/uploads\/2021\/05\/btn.jpg\"><\/a>\n","protected":false},"excerpt":{"rendered":"<p>Dans le monde de l&rsquo;automobile, la carri&egrave;re d&rsquo;Elise Potola est class&eacute;e Premium. De L&rsquo;&icirc;le de La R&eacute;union &agrave; Paris, la dirigeante de BYmy)CAR C&ocirc;te d&rsquo;Azur participe aux r&eacute;volutions du secteur des concessions depuis bient&ocirc;t 25 ans. E lise dirige aujourd&rsquo;hui BYmy)CAR C&ocirc;te d&rsquo;Azur, le r&eacute;seau de concessions qui compte pr&egrave;s de 220 collaborateurs et rassemble&hellip; <a class=\"more-link\" href=\"https:\/\/www.in-magazines.com\/magazine\/sommaire\/inmagazine-21\/bymycar-cote-dazur-parcours-toutes-options\/\">Poursuivre la lecture <span class=\"screen-reader-text\">BYmyCAR C\u00d4TE D&rsquo;AZUR  &#8211; Parcours toutes options<\/span><\/a><\/p>\n","protected":false},"author":1,"featured_media":2884,"comment_status":"open","ping_status":"open","sticky":false,"template":"","format":"standard","meta":{"footnotes":""},"categories":[455,1086],"tags":[147,154,406,902],"yoast_head":"<!-- This site is optimized with the Yoast SEO plugin v16.2 - https:\/\/yoast.com\/wordpress\/plugins\/seo\/ -->\n<title>BYmyCAR C\u00d4TE D&#039;AZUR - Parcours toutes options - In Magazines<\/title>\n<meta name=\"robots\" content=\"index, follow, max-snippet:-1, max-image-preview:large, max-video-preview:-1\" \/>\n<link rel=\"canonical\" href=\"https:\/\/www.in-magazines.com\/magazine\/sommaire\/inmagazine-21\/bymycar-cote-dazur-parcours-toutes-options\/\" \/>\n<meta property=\"og:locale\" content=\"fr_FR\" \/>\n<meta property=\"og:type\" content=\"article\" \/>\n<meta property=\"og:title\" content=\"BYmyCAR C\u00d4TE D&#039;AZUR - Parcours toutes options - In Magazines\" \/>\n<meta property=\"og:description\" content=\"Dans le monde de l&rsquo;automobile, la carri&egrave;re d&rsquo;Elise Potola est class&eacute;e Premium. De L&rsquo;&icirc;le de La R&eacute;union &agrave; Paris, la dirigeante de BYmy)CAR C&ocirc;te d&rsquo;Azur participe aux r&eacute;volutions du secteur des concessions depuis bient&ocirc;t 25 ans. E lise dirige aujourd&rsquo;hui BYmy)CAR C&ocirc;te d&rsquo;Azur, le r&eacute;seau de concessions qui compte pr&egrave;s de 220 collaborateurs et rassemble&hellip; Poursuivre la lecture BYmyCAR C\u00d4TE D&rsquo;AZUR &#8211; Parcours toutes options\" \/>\n<meta property=\"og:url\" content=\"https:\/\/www.in-magazines.com\/magazine\/sommaire\/inmagazine-21\/bymycar-cote-dazur-parcours-toutes-options\/\" \/>\n<meta property=\"og:site_name\" content=\"In Magazines\" \/>\n<meta property=\"article:published_time\" content=\"2021-06-07T02:10:00+00:00\" \/>\n<meta property=\"article:modified_time\" content=\"2021-06-07T07:57:25+00:00\" \/>\n<meta property=\"og:image\" content=\"https:\/\/www.in-magazines.com\/magazine\/wp-content\/uploads\/2021\/06\/img38-1.jpg\" \/>\n\t<meta property=\"og:image:width\" content=\"165\" \/>\n\t<meta property=\"og:image:height\" content=\"176\" \/>\n<meta name=\"twitter:label1\" content=\"Dur\u00e9e de lecture est.\">\n\t<meta name=\"twitter:data1\" content=\"2 minutes\">\n<script type=\"application\/ld+json\" class=\"yoast-schema-graph\">{\"@context\":\"https:\/\/schema.org\",\"@graph\":[{\"@type\":\"WebSite\",\"@id\":\"https:\/\/www.in-magazines.com\/magazine\/#website\",\"url\":\"https:\/\/www.in-magazines.com\/magazine\/\",\"name\":\"In Magazines\",\"description\":\"\",\"potentialAction\":[{\"@type\":\"SearchAction\",\"target\":\"https:\/\/www.in-magazines.com\/magazine\/?s={search_term_string}\",\"query-input\":\"required name=search_term_string\"}],\"inLanguage\":\"fr-FR\"},{\"@type\":\"ImageObject\",\"@id\":\"https:\/\/www.in-magazines.com\/magazine\/sommaire\/inmagazine-21\/bymycar-cote-dazur-parcours-toutes-options\/#primaryimage\",\"inLanguage\":\"fr-FR\",\"url\":\"https:\/\/www.in-magazines.com\/magazine\/wp-content\/uploads\/2021\/06\/img38-1.jpg\",\"contentUrl\":\"https:\/\/www.in-magazines.com\/magazine\/wp-content\/uploads\/2021\/06\/img38-1.jpg\",\"width\":165,\"height\":176},{\"@type\":\"WebPage\",\"@id\":\"https:\/\/www.in-magazines.com\/magazine\/sommaire\/inmagazine-21\/bymycar-cote-dazur-parcours-toutes-options\/#webpage\",\"url\":\"https:\/\/www.in-magazines.com\/magazine\/sommaire\/inmagazine-21\/bymycar-cote-dazur-parcours-toutes-options\/\",\"name\":\"BYmyCAR C\\u00d4TE D'AZUR - Parcours toutes options - In Magazines\",\"isPartOf\":{\"@id\":\"https:\/\/www.in-magazines.com\/magazine\/#website\"},\"primaryImageOfPage\":{\"@id\":\"https:\/\/www.in-magazines.com\/magazine\/sommaire\/inmagazine-21\/bymycar-cote-dazur-parcours-toutes-options\/#primaryimage\"},\"datePublished\":\"2021-06-07T02:10:00+00:00\",\"dateModified\":\"2021-06-07T07:57:25+00:00\",\"author\":{\"@id\":\"https:\/\/www.in-magazines.com\/magazine\/#\/schema\/person\/c27e7dabb9a1ef380814bdd5636d07e3\"},\"breadcrumb\":{\"@id\":\"https:\/\/www.in-magazines.com\/magazine\/sommaire\/inmagazine-21\/bymycar-cote-dazur-parcours-toutes-options\/#breadcrumb\"},\"inLanguage\":\"fr-FR\",\"potentialAction\":[{\"@type\":\"ReadAction\",\"target\":[\"https:\/\/www.in-magazines.com\/magazine\/sommaire\/inmagazine-21\/bymycar-cote-dazur-parcours-toutes-options\/\"]}]},{\"@type\":\"BreadcrumbList\",\"@id\":\"https:\/\/www.in-magazines.com\/magazine\/sommaire\/inmagazine-21\/bymycar-cote-dazur-parcours-toutes-options\/#breadcrumb\",\"itemListElement\":[{\"@type\":\"ListItem\",\"position\":1,\"item\":{\"@id\":\"https:\/\/www.in-magazines.com\/magazine\/sommaire\/inmagazine-21\/bymycar-cote-dazur-parcours-toutes-options\/#webpage\"}}]},{\"@type\":\"Person\",\"@id\":\"https:\/\/www.in-magazines.com\/magazine\/#\/schema\/person\/c27e7dabb9a1ef380814bdd5636d07e3\",\"name\":\"backinmag\",\"image\":{\"@type\":\"ImageObject\",\"@id\":\"https:\/\/www.in-magazines.com\/magazine\/#personlogo\",\"inLanguage\":\"fr-FR\",\"url\":\"https:\/\/secure.gravatar.com\/avatar\/13a234bb19dc4fd04793d73c3472fbdb?s=96&d=mm&r=g\",\"contentUrl\":\"https:\/\/secure.gravatar.com\/avatar\/13a234bb19dc4fd04793d73c3472fbdb?s=96&d=mm&r=g\",\"caption\":\"backinmag\"},\"sameAs\":[\"http:\/\/www.in-magazines.com\/magazin\"]}]}<\/script>\n<!-- \/ Yoast SEO plugin. -->","_links":{"self":[{"href":"https:\/\/www.in-magazines.com\/magazine\/wp-json\/wp\/v2\/posts\/2854"}],"collection":[{"href":"https:\/\/www.in-magazines.com\/magazine\/wp-json\/wp\/v2\/posts"}],"about":[{"href":"https:\/\/www.in-magazines.com\/magazine\/wp-json\/wp\/v2\/types\/post"}],"author":[{"embeddable":true,"href":"https:\/\/www.in-magazines.com\/magazine\/wp-json\/wp\/v2\/users\/1"}],"replies":[{"embeddable":true,"href":"https:\/\/www.in-magazines.com\/magazine\/wp-json\/wp\/v2\/comments?post=2854"}],"version-history":[{"count":3,"href":"https:\/\/www.in-magazines.com\/magazine\/wp-json\/wp\/v2\/posts\/2854\/revisions"}],"predecessor-version":[{"id":3265,"href":"https:\/\/www.in-magazines.com\/magazine\/wp-json\/wp\/v2\/posts\/2854\/revisions\/3265"}],"wp:featuredmedia":[{"embeddable":true,"href":"https:\/\/www.in-magazines.com\/magazine\/wp-json\/wp\/v2\/media\/2884"}],"wp:attachment":[{"href":"https:\/\/www.in-magazines.com\/magazine\/wp-json\/wp\/v2\/media?parent=2854"}],"wp:term":[{"taxonomy":"category","embeddable":true,"href":"https:\/\/www.in-magazines.com\/magazine\/wp-json\/wp\/v2\/categories?post=2854"},{"taxonomy":"post_tag","embeddable":true,"href":"https:\/\/www.in-magazines.com\/magazine\/wp-json\/wp\/v2\/tags?post=2854"}],"curies":[{"name":"wp","href":"https:\/\/api.w.org\/{rel}","templated":true}]}}