

{"id":30,"date":"2021-05-05T12:51:00","date_gmt":"2021-05-05T12:51:00","guid":{"rendered":"https:\/\/www.in-magazines.com\/magazine\/?p=30"},"modified":"2021-06-02T12:46:26","modified_gmt":"2021-06-02T12:46:26","slug":"nadege-pastorelli-a-breil-sur-roya-pour-redynamiser-la-vie-locale","status":"publish","type":"post","link":"https:\/\/www.in-magazines.com\/magazine\/categories\/info\/nadege-pastorelli-a-breil-sur-roya-pour-redynamiser-la-vie-locale\/","title":{"rendered":"Nad\u00e8ge Pastorelli &#8211; A Breil-sur-Roya, pour redynamiser la vie locale"},"content":{"rendered":"\n<p>Au c\u0153ur de la Vall\u00e9e sinistr\u00e9e par la temp\u00eate Alex, \u00e0 Breil-sur-Roya, Nad\u00e8ge Pastorelli continue d\u2019\u00eatre positive et d\u2019apporter sa pierre \u00e0 l\u2019\u00e9difice d\u2019une \u00e9conomie locale revigor\u00e9e : \u00ab En toute modestie mais avec une motivation sans faille, nous voulons rester dans une vraie dynamique de reconstruction \u00bb. <br>Dernier d\u00e9fi que la p\u00e9tillante femme d\u2019affaires vient de se lancer : la r\u00e9ouverture du Buffet de la Gare, un lieu charg\u00e9 de l\u2019histoire de la commune.<\/p>\n\n\n\n<p>A47 ans, Nad\u00e8ge Pastorelli devient incontournable \u00e0 Breil-sur-Roya, commune touristique de l\u2019arri\u00e8re-pays, sinistr\u00e9e par les intemp\u00e9ries de fin d\u2019ann\u00e9e 2020. La dynamique chef d\u2019entreprise se veut positive et compte bien redonner un peu de sourire aux habitants, durement touch\u00e9s par la temp\u00eate Alex. <br>Battante, son histoire est d\u2019ailleurs une succession de d\u00e9fis relev\u00e9s avec travail et abn\u00e9gation. A l\u2019\u00e2ge de 20 ans, elle est passionn\u00e9e de droit et apr\u00e8s un Bac secr\u00e9tariat &#8211; comptabilit\u00e9, se r\u00eave volontiers en robe noire \u00e0 fr\u00e9quenter les pr\u00e9toires. C\u2019est l\u2019arriv\u00e9e d\u2019un premier enfant qui l\u2019en dissuade\u2026 Audacieuse et volontaire, avec son mari dont c\u2019est le m\u00e9tier, elle d\u00e9cide alors de cr\u00e9er une soci\u00e9t\u00e9 de ma\u00e7onnerie, qui scelle ses d\u00e9buts dans l\u2019entrepreneuriat. <br>\u00ab On m\u2019avait dit qu\u2019avec ce Bac, on pouvait cr\u00e9er sa bo\u00eete\u2026 \u00bb glisset-elle avec le sourire. C\u2019est le d\u00e9but d\u2019une aventure de plus de 15 ans et le joli d\u00e9veloppement d\u2019une entreprise dans laquelle ses deux fils de 19 et 25 ans s\u2019\u00e9panouissent aussi aujourd\u2019hui.<\/p>\n\n\n\n<h2 class=\"wp-block-heading\">D\u00e9velopper la vall\u00e9e<\/h2>\n\n\n\n<p>A cette \u00e9poque, \u00e0 Nice la semaine pour scolariser ses enfants et \u00e0 Breil-sur-Roya le week-end, la jeune femme se d\u00e9sole de trouver souvent porte close quand il s\u2019agit de faire quelques courses dans la vall\u00e9e\u2026 Qu\u2019\u00e0 cela ne tienne, elle d\u00e9cide avec son \u00e9poux d\u2019y construire un supermarch\u00e9 pour le compte d\u2019un grand distributeur alimentaire. \u00ab Mon mari a toujours pour habitude de me d\u00e9fier\u2026 Alors quand il m\u2019a dit que je serais incapable de g\u00e9rer un supermarch\u00e9 de cette envergure\u2026 \u00bb Pari tenu ! Nad\u00e8ge se lance dans une formation et devient g\u00e9rante du supermarch\u00e9 qu\u2019elle fait construire \u00e0 Breil-sur-Roya. Et comme si cela ne suffisait pas, elle s\u2019int\u00e9resse au sort de Tende, o\u00f9 elle relance, en un temps record, la sup\u00e9rette : \u00ab Nous avons repris les n\u00e9gociations mi-janvier et nous devons ouvrir d\u00e9but avril \u00bb confirme Nad\u00e8ge.<\/p>\n\n\n<a href=\"#\" class=\"_3d-flip-book  fb3d-link-lightbox-mode\" data-id=\"396\" data-mode=\"link-lightbox\" data-title=\"false\" data-template=\"short-white-book-view\" data-lightbox=\"dark\" data-urlparam=\"fb3d-page\" data-page-n=\"0\" data-pdf=\"\" data-tax=\"null\" data-thumbnail=\"\" data-cols=\"3\" data-query=\"\"><img decoding=\"async\" src=\"http:\/\/www.in-magazines.com\/magazine\/wp-content\/uploads\/2021\/05\/btn.jpg\"><\/a>\n","protected":false},"excerpt":{"rendered":"<p>Au c&oelig;ur de la Vall&eacute;e sinistr&eacute;e par la temp&ecirc;te Alex, &agrave; Breil-sur-Roya, Nad&egrave;ge Pastorelli continue d&rsquo;&ecirc;tre positive et d&rsquo;apporter sa pierre &agrave; l&rsquo;&eacute;difice d&rsquo;une &eacute;conomie locale revigor&eacute;e : &laquo; En toute modestie mais avec une motivation sans faille, nous voulons rester dans une vraie dynamique de reconstruction &raquo;. Dernier d&eacute;fi que la p&eacute;tillante femme d&rsquo;affaires&hellip; <a class=\"more-link\" href=\"https:\/\/www.in-magazines.com\/magazine\/categories\/info\/nadege-pastorelli-a-breil-sur-roya-pour-redynamiser-la-vie-locale\/\">Poursuivre la lecture <span class=\"screen-reader-text\">Nad\u00e8ge Pastorelli &#8211; A Breil-sur-Roya, pour redynamiser la vie locale<\/span><\/a><\/p>\n","protected":false},"author":1,"featured_media":647,"comment_status":"closed","ping_status":"closed","sticky":false,"template":"","format":"standard","meta":{"footnotes":""},"categories":[7,4],"tags":[77,122,175,796,797],"yoast_head":"<!-- This site is optimized with the Yoast SEO plugin v16.2 - https:\/\/yoast.com\/wordpress\/plugins\/seo\/ -->\n<title>Nad\u00e8ge Pastorelli - A Breil-sur-Roya, pour redynamiser la vie locale - In Magazines<\/title>\n<meta name=\"robots\" content=\"index, follow, max-snippet:-1, max-image-preview:large, max-video-preview:-1\" \/>\n<link rel=\"canonical\" href=\"https:\/\/www.in-magazines.com\/magazine\/categories\/info\/nadege-pastorelli-a-breil-sur-roya-pour-redynamiser-la-vie-locale\/\" \/>\n<meta property=\"og:locale\" content=\"fr_FR\" \/>\n<meta property=\"og:type\" content=\"article\" \/>\n<meta property=\"og:title\" content=\"Nad\u00e8ge Pastorelli - A Breil-sur-Roya, pour redynamiser la vie locale - In Magazines\" \/>\n<meta property=\"og:description\" content=\"Au c&oelig;ur de la Vall&eacute;e sinistr&eacute;e par la temp&ecirc;te Alex, &agrave; Breil-sur-Roya, Nad&egrave;ge Pastorelli continue d&rsquo;&ecirc;tre positive et d&rsquo;apporter sa pierre &agrave; l&rsquo;&eacute;difice d&rsquo;une &eacute;conomie locale revigor&eacute;e : &laquo; En toute modestie mais avec une motivation sans faille, nous voulons rester dans une vraie dynamique de reconstruction &raquo;. Dernier d&eacute;fi que la p&eacute;tillante femme d&rsquo;affaires&hellip; Poursuivre la lecture Nad\u00e8ge Pastorelli &#8211; A Breil-sur-Roya, pour redynamiser la vie locale\" \/>\n<meta property=\"og:url\" content=\"https:\/\/www.in-magazines.com\/magazine\/categories\/info\/nadege-pastorelli-a-breil-sur-roya-pour-redynamiser-la-vie-locale\/\" \/>\n<meta property=\"og:site_name\" content=\"In Magazines\" \/>\n<meta property=\"article:published_time\" content=\"2021-05-05T12:51:00+00:00\" \/>\n<meta property=\"article:modified_time\" content=\"2021-06-02T12:46:26+00:00\" \/>\n<meta property=\"og:image\" content=\"https:\/\/www.in-magazines.com\/magazine\/wp-content\/uploads\/2021\/04\/img51.jpg\" \/>\n\t<meta property=\"og:image:width\" content=\"304\" \/>\n\t<meta property=\"og:image:height\" content=\"438\" \/>\n<meta name=\"twitter:label1\" content=\"Dur\u00e9e de lecture est.\">\n\t<meta name=\"twitter:data1\" content=\"2 minutes\">\n<script type=\"application\/ld+json\" class=\"yoast-schema-graph\">{\"@context\":\"https:\/\/schema.org\",\"@graph\":[{\"@type\":\"WebSite\",\"@id\":\"https:\/\/www.in-magazines.com\/magazine\/#website\",\"url\":\"https:\/\/www.in-magazines.com\/magazine\/\",\"name\":\"In Magazines\",\"description\":\"\",\"potentialAction\":[{\"@type\":\"SearchAction\",\"target\":\"https:\/\/www.in-magazines.com\/magazine\/?s={search_term_string}\",\"query-input\":\"required name=search_term_string\"}],\"inLanguage\":\"fr-FR\"},{\"@type\":\"ImageObject\",\"@id\":\"https:\/\/www.in-magazines.com\/magazine\/categories\/info\/nadege-pastorelli-a-breil-sur-roya-pour-redynamiser-la-vie-locale\/#primaryimage\",\"inLanguage\":\"fr-FR\",\"url\":\"https:\/\/www.in-magazines.com\/magazine\/wp-content\/uploads\/2021\/04\/img51.jpg\",\"contentUrl\":\"https:\/\/www.in-magazines.com\/magazine\/wp-content\/uploads\/2021\/04\/img51.jpg\",\"width\":304,\"height\":438},{\"@type\":\"WebPage\",\"@id\":\"https:\/\/www.in-magazines.com\/magazine\/categories\/info\/nadege-pastorelli-a-breil-sur-roya-pour-redynamiser-la-vie-locale\/#webpage\",\"url\":\"https:\/\/www.in-magazines.com\/magazine\/categories\/info\/nadege-pastorelli-a-breil-sur-roya-pour-redynamiser-la-vie-locale\/\",\"name\":\"Nad\\u00e8ge Pastorelli - A Breil-sur-Roya, pour redynamiser la vie locale - In Magazines\",\"isPartOf\":{\"@id\":\"https:\/\/www.in-magazines.com\/magazine\/#website\"},\"primaryImageOfPage\":{\"@id\":\"https:\/\/www.in-magazines.com\/magazine\/categories\/info\/nadege-pastorelli-a-breil-sur-roya-pour-redynamiser-la-vie-locale\/#primaryimage\"},\"datePublished\":\"2021-05-05T12:51:00+00:00\",\"dateModified\":\"2021-06-02T12:46:26+00:00\",\"author\":{\"@id\":\"https:\/\/www.in-magazines.com\/magazine\/#\/schema\/person\/c27e7dabb9a1ef380814bdd5636d07e3\"},\"breadcrumb\":{\"@id\":\"https:\/\/www.in-magazines.com\/magazine\/categories\/info\/nadege-pastorelli-a-breil-sur-roya-pour-redynamiser-la-vie-locale\/#breadcrumb\"},\"inLanguage\":\"fr-FR\",\"potentialAction\":[{\"@type\":\"ReadAction\",\"target\":[\"https:\/\/www.in-magazines.com\/magazine\/categories\/info\/nadege-pastorelli-a-breil-sur-roya-pour-redynamiser-la-vie-locale\/\"]}]},{\"@type\":\"BreadcrumbList\",\"@id\":\"https:\/\/www.in-magazines.com\/magazine\/categories\/info\/nadege-pastorelli-a-breil-sur-roya-pour-redynamiser-la-vie-locale\/#breadcrumb\",\"itemListElement\":[{\"@type\":\"ListItem\",\"position\":1,\"item\":{\"@id\":\"https:\/\/www.in-magazines.com\/magazine\/categories\/info\/nadege-pastorelli-a-breil-sur-roya-pour-redynamiser-la-vie-locale\/#webpage\"}}]},{\"@type\":\"Person\",\"@id\":\"https:\/\/www.in-magazines.com\/magazine\/#\/schema\/person\/c27e7dabb9a1ef380814bdd5636d07e3\",\"name\":\"backinmag\",\"image\":{\"@type\":\"ImageObject\",\"@id\":\"https:\/\/www.in-magazines.com\/magazine\/#personlogo\",\"inLanguage\":\"fr-FR\",\"url\":\"https:\/\/secure.gravatar.com\/avatar\/13a234bb19dc4fd04793d73c3472fbdb?s=96&d=mm&r=g\",\"contentUrl\":\"https:\/\/secure.gravatar.com\/avatar\/13a234bb19dc4fd04793d73c3472fbdb?s=96&d=mm&r=g\",\"caption\":\"backinmag\"},\"sameAs\":[\"http:\/\/www.in-magazines.com\/magazin\"]}]}<\/script>\n<!-- \/ Yoast SEO plugin. -->","_links":{"self":[{"href":"https:\/\/www.in-magazines.com\/magazine\/wp-json\/wp\/v2\/posts\/30"}],"collection":[{"href":"https:\/\/www.in-magazines.com\/magazine\/wp-json\/wp\/v2\/posts"}],"about":[{"href":"https:\/\/www.in-magazines.com\/magazine\/wp-json\/wp\/v2\/types\/post"}],"author":[{"embeddable":true,"href":"https:\/\/www.in-magazines.com\/magazine\/wp-json\/wp\/v2\/users\/1"}],"replies":[{"embeddable":true,"href":"https:\/\/www.in-magazines.com\/magazine\/wp-json\/wp\/v2\/comments?post=30"}],"version-history":[{"count":19,"href":"https:\/\/www.in-magazines.com\/magazine\/wp-json\/wp\/v2\/posts\/30\/revisions"}],"predecessor-version":[{"id":2723,"href":"https:\/\/www.in-magazines.com\/magazine\/wp-json\/wp\/v2\/posts\/30\/revisions\/2723"}],"wp:featuredmedia":[{"embeddable":true,"href":"https:\/\/www.in-magazines.com\/magazine\/wp-json\/wp\/v2\/media\/647"}],"wp:attachment":[{"href":"https:\/\/www.in-magazines.com\/magazine\/wp-json\/wp\/v2\/media?parent=30"}],"wp:term":[{"taxonomy":"category","embeddable":true,"href":"https:\/\/www.in-magazines.com\/magazine\/wp-json\/wp\/v2\/categories?post=30"},{"taxonomy":"post_tag","embeddable":true,"href":"https:\/\/www.in-magazines.com\/magazine\/wp-json\/wp\/v2\/tags?post=30"}],"curies":[{"name":"wp","href":"https:\/\/api.w.org\/{rel}","templated":true}]}}