

{"id":3942,"date":"2019-05-21T10:40:00","date_gmt":"2019-05-21T10:40:00","guid":{"rendered":"https:\/\/www.in-magazines.com\/magazine\/?p=3942"},"modified":"2021-07-19T09:34:13","modified_gmt":"2021-07-19T09:34:13","slug":"le-transporteur-regional-poursuit-sa-trajectoire-innovante","status":"publish","type":"post","link":"https:\/\/www.in-magazines.com\/magazine\/categories\/info\/le-transporteur-regional-poursuit-sa-trajectoire-innovante\/","title":{"rendered":"Le transporteur r\u00e9gional poursuit sa trajectoire innovante"},"content":{"rendered":"\n<p>Bas\u00e9 \u00e0 Carros (170 personnes, 20 M\u20ac de CA et 150 cartes grises), le groupe Transcan continue de d\u00e9velopper ses diff\u00e9rentes filiales. Pour la branche Route et Conteneurs, comme pour la filiale affr\u00e8tement, 2018 aura \u00e9t\u00e9 une ann\u00e9e charni\u00e8re, ax\u00e9e sur plusieurs r\u00e9organisations.<\/p>\n\n\n\n<p>Avec Christophe Debrabandere, directeur g\u00e9n\u00e9ral de Groupe Transcan, nous \u00e9voquions dans notre dernier num\u00e9ro les filiales Logistique et Livraison. Continuons avec une autre d\u2019entre elles, l\u2019affr\u00eatement. La branche dirig\u00e9e par Didier Nivoit, profite de l\u2019expertise de ce sp\u00e9cialiste qui a renforc\u00e9 son \u00e9quipe avec l\u2019arriv\u00e9e d\u2019une personne en septembre 2018 pour g\u00e9rer un volume d\u2019affaires en tr\u00e8s forte progression. L\u2019affr\u00e9teur, interm\u00e9diaire entre les clients qui ont des marchandises \u00e0 exp\u00e9dier et les transporteurs, recherche le meilleur moyen de transport pour son client. Avec 38 ans d\u2019exp\u00e9rience, entr\u00e9 il y a 7 ans chez Transcan, Didier Nivoit a grandement contribu\u00e9 au d\u00e9veloppement de la filiale : \u00ab Il y a un vrai esprit de famille chez Transcan. Le travail de toutes ces ann\u00e9es n\u2019y est pas \u00e9tranger. En 2012, nous \u00e9tions une cinquantaine et&#8230; plus de 170 aujourd\u2019hui ! \u00bb<\/p>\n\n\n\n<h2 class=\"wp-block-heading\">R\u00e9organisation de la filiale Route<\/h2>\n\n\n\n<p>Mais si Didier Nivoit apporte sa grande exp\u00e9rience au transporteur r\u00e9gional, la valeur n\u2019attend pas n\u00e9cessairement le nombre des ann\u00e9es chez Transcan. Ainsi, \u00e0 30 ans, Jonathan Fosse, le responsable de la filiale Route, a tr\u00e8s vite appris. Apr\u00e8s ses \u00e9tudes de comptabilit\u00e9 et RH, le jeune homme voulait travailler sur du concret. En 2013, sans exp\u00e9rience dans le transport, il d\u00e9bute comme exploitant planning, en premi\u00e8re ligne pour les conducteurs : un travail intense et 300 \u00e0 400 appels par jour \u00e0 g\u00e9rer ! Aujourd\u2019hui, apr\u00e8s plusieurs ann\u00e9es \u00e0 cr\u00e9er du lien avec les clients, leur entourage et leur apporter la tr\u00e8s grande rigueur que Transcan a toujours donn\u00e9 \u00e0 sa client\u00e8le, un nouveau gestionnaire de planning est venu le suppl\u00e9er.<\/p>\n\n\n<a href=\"#\" class=\"_3d-flip-book  fb3d-link-lightbox-mode\" data-id=\"3944\" data-mode=\"link-lightbox\" data-title=\"false\" data-template=\"short-white-book-view\" data-lightbox=\"dark\" data-urlparam=\"fb3d-page\" data-page-n=\"0\" data-pdf=\"\" data-tax=\"null\" data-thumbnail=\"\" data-cols=\"3\" data-query=\"\"><img decoding=\"async\" src=\"http:\/\/www.in-magazines.com\/magazine\/wp-content\/uploads\/2021\/05\/btn.jpg\"><\/a>\n","protected":false},"excerpt":{"rendered":"<p>Bas&eacute; &agrave; Carros (170 personnes, 20 M&euro; de CA et 150 cartes grises), le groupe Transcan continue de d&eacute;velopper ses diff&eacute;rentes filiales. Pour la branche Route et Conteneurs, comme pour la filiale affr&egrave;tement, 2018 aura &eacute;t&eacute; une ann&eacute;e charni&egrave;re, ax&eacute;e sur plusieurs r&eacute;organisations. Avec Christophe Debrabandere, directeur g&eacute;n&eacute;ral de Groupe Transcan, nous &eacute;voquions dans notre&hellip; <a class=\"more-link\" href=\"https:\/\/www.in-magazines.com\/magazine\/categories\/info\/le-transporteur-regional-poursuit-sa-trajectoire-innovante\/\">Poursuivre la lecture <span class=\"screen-reader-text\">Le transporteur r\u00e9gional poursuit sa trajectoire innovante<\/span><\/a><\/p>\n","protected":false},"author":1,"featured_media":3945,"comment_status":"open","ping_status":"open","sticky":false,"template":"","format":"standard","meta":{"footnotes":""},"categories":[4,1344],"tags":[1326,1327],"yoast_head":"<!-- This site is optimized with the Yoast SEO plugin v16.2 - https:\/\/yoast.com\/wordpress\/plugins\/seo\/ -->\n<title>Le transporteur r\u00e9gional poursuit sa trajectoire innovante - In Magazines<\/title>\n<meta name=\"robots\" content=\"index, follow, max-snippet:-1, max-image-preview:large, max-video-preview:-1\" \/>\n<link rel=\"canonical\" href=\"https:\/\/www.in-magazines.com\/magazine\/categories\/info\/le-transporteur-regional-poursuit-sa-trajectoire-innovante\/\" \/>\n<meta property=\"og:locale\" content=\"fr_FR\" \/>\n<meta property=\"og:type\" content=\"article\" \/>\n<meta property=\"og:title\" content=\"Le transporteur r\u00e9gional poursuit sa trajectoire innovante - In Magazines\" \/>\n<meta property=\"og:description\" content=\"Bas&eacute; &agrave; Carros (170 personnes, 20 M&euro; de CA et 150 cartes grises), le groupe Transcan continue de d&eacute;velopper ses diff&eacute;rentes filiales. Pour la branche Route et Conteneurs, comme pour la filiale affr&egrave;tement, 2018 aura &eacute;t&eacute; une ann&eacute;e charni&egrave;re, ax&eacute;e sur plusieurs r&eacute;organisations. Avec Christophe Debrabandere, directeur g&eacute;n&eacute;ral de Groupe Transcan, nous &eacute;voquions dans notre&hellip; Poursuivre la lecture Le transporteur r\u00e9gional poursuit sa trajectoire innovante\" \/>\n<meta property=\"og:url\" content=\"https:\/\/www.in-magazines.com\/magazine\/categories\/info\/le-transporteur-regional-poursuit-sa-trajectoire-innovante\/\" \/>\n<meta property=\"og:site_name\" content=\"In Magazines\" \/>\n<meta property=\"article:published_time\" content=\"2019-05-21T10:40:00+00:00\" \/>\n<meta property=\"article:modified_time\" content=\"2021-07-19T09:34:13+00:00\" \/>\n<meta property=\"og:image\" content=\"https:\/\/www.in-magazines.com\/magazine\/wp-content\/uploads\/2021\/07\/img51.jpg\" \/>\n\t<meta property=\"og:image:width\" content=\"817\" \/>\n\t<meta property=\"og:image:height\" content=\"1090\" \/>\n<meta name=\"twitter:label1\" content=\"Dur\u00e9e de lecture est.\">\n\t<meta name=\"twitter:data1\" content=\"2 minutes\">\n<script type=\"application\/ld+json\" class=\"yoast-schema-graph\">{\"@context\":\"https:\/\/schema.org\",\"@graph\":[{\"@type\":\"WebSite\",\"@id\":\"https:\/\/www.in-magazines.com\/magazine\/#website\",\"url\":\"https:\/\/www.in-magazines.com\/magazine\/\",\"name\":\"In Magazines\",\"description\":\"\",\"potentialAction\":[{\"@type\":\"SearchAction\",\"target\":\"https:\/\/www.in-magazines.com\/magazine\/?s={search_term_string}\",\"query-input\":\"required name=search_term_string\"}],\"inLanguage\":\"fr-FR\"},{\"@type\":\"ImageObject\",\"@id\":\"https:\/\/www.in-magazines.com\/magazine\/categories\/info\/le-transporteur-regional-poursuit-sa-trajectoire-innovante\/#primaryimage\",\"inLanguage\":\"fr-FR\",\"url\":\"https:\/\/www.in-magazines.com\/magazine\/wp-content\/uploads\/2021\/07\/img51.jpg\",\"contentUrl\":\"https:\/\/www.in-magazines.com\/magazine\/wp-content\/uploads\/2021\/07\/img51.jpg\",\"width\":817,\"height\":1090},{\"@type\":\"WebPage\",\"@id\":\"https:\/\/www.in-magazines.com\/magazine\/categories\/info\/le-transporteur-regional-poursuit-sa-trajectoire-innovante\/#webpage\",\"url\":\"https:\/\/www.in-magazines.com\/magazine\/categories\/info\/le-transporteur-regional-poursuit-sa-trajectoire-innovante\/\",\"name\":\"Le transporteur r\\u00e9gional poursuit sa trajectoire innovante - In Magazines\",\"isPartOf\":{\"@id\":\"https:\/\/www.in-magazines.com\/magazine\/#website\"},\"primaryImageOfPage\":{\"@id\":\"https:\/\/www.in-magazines.com\/magazine\/categories\/info\/le-transporteur-regional-poursuit-sa-trajectoire-innovante\/#primaryimage\"},\"datePublished\":\"2019-05-21T10:40:00+00:00\",\"dateModified\":\"2021-07-19T09:34:13+00:00\",\"author\":{\"@id\":\"https:\/\/www.in-magazines.com\/magazine\/#\/schema\/person\/c27e7dabb9a1ef380814bdd5636d07e3\"},\"breadcrumb\":{\"@id\":\"https:\/\/www.in-magazines.com\/magazine\/categories\/info\/le-transporteur-regional-poursuit-sa-trajectoire-innovante\/#breadcrumb\"},\"inLanguage\":\"fr-FR\",\"potentialAction\":[{\"@type\":\"ReadAction\",\"target\":[\"https:\/\/www.in-magazines.com\/magazine\/categories\/info\/le-transporteur-regional-poursuit-sa-trajectoire-innovante\/\"]}]},{\"@type\":\"BreadcrumbList\",\"@id\":\"https:\/\/www.in-magazines.com\/magazine\/categories\/info\/le-transporteur-regional-poursuit-sa-trajectoire-innovante\/#breadcrumb\",\"itemListElement\":[{\"@type\":\"ListItem\",\"position\":1,\"item\":{\"@id\":\"https:\/\/www.in-magazines.com\/magazine\/categories\/info\/le-transporteur-regional-poursuit-sa-trajectoire-innovante\/#webpage\"}}]},{\"@type\":\"Person\",\"@id\":\"https:\/\/www.in-magazines.com\/magazine\/#\/schema\/person\/c27e7dabb9a1ef380814bdd5636d07e3\",\"name\":\"backinmag\",\"image\":{\"@type\":\"ImageObject\",\"@id\":\"https:\/\/www.in-magazines.com\/magazine\/#personlogo\",\"inLanguage\":\"fr-FR\",\"url\":\"https:\/\/secure.gravatar.com\/avatar\/13a234bb19dc4fd04793d73c3472fbdb?s=96&d=mm&r=g\",\"contentUrl\":\"https:\/\/secure.gravatar.com\/avatar\/13a234bb19dc4fd04793d73c3472fbdb?s=96&d=mm&r=g\",\"caption\":\"backinmag\"},\"sameAs\":[\"http:\/\/www.in-magazines.com\/magazin\"]}]}<\/script>\n<!-- \/ Yoast SEO plugin. -->","_links":{"self":[{"href":"https:\/\/www.in-magazines.com\/magazine\/wp-json\/wp\/v2\/posts\/3942"}],"collection":[{"href":"https:\/\/www.in-magazines.com\/magazine\/wp-json\/wp\/v2\/posts"}],"about":[{"href":"https:\/\/www.in-magazines.com\/magazine\/wp-json\/wp\/v2\/types\/post"}],"author":[{"embeddable":true,"href":"https:\/\/www.in-magazines.com\/magazine\/wp-json\/wp\/v2\/users\/1"}],"replies":[{"embeddable":true,"href":"https:\/\/www.in-magazines.com\/magazine\/wp-json\/wp\/v2\/comments?post=3942"}],"version-history":[{"count":3,"href":"https:\/\/www.in-magazines.com\/magazine\/wp-json\/wp\/v2\/posts\/3942\/revisions"}],"predecessor-version":[{"id":3948,"href":"https:\/\/www.in-magazines.com\/magazine\/wp-json\/wp\/v2\/posts\/3942\/revisions\/3948"}],"wp:featuredmedia":[{"embeddable":true,"href":"https:\/\/www.in-magazines.com\/magazine\/wp-json\/wp\/v2\/media\/3945"}],"wp:attachment":[{"href":"https:\/\/www.in-magazines.com\/magazine\/wp-json\/wp\/v2\/media?parent=3942"}],"wp:term":[{"taxonomy":"category","embeddable":true,"href":"https:\/\/www.in-magazines.com\/magazine\/wp-json\/wp\/v2\/categories?post=3942"},{"taxonomy":"post_tag","embeddable":true,"href":"https:\/\/www.in-magazines.com\/magazine\/wp-json\/wp\/v2\/tags?post=3942"}],"curies":[{"name":"wp","href":"https:\/\/api.w.org\/{rel}","templated":true}]}}