

{"id":4090,"date":"2019-04-25T08:22:00","date_gmt":"2019-04-25T08:22:00","guid":{"rendered":"https:\/\/www.in-magazines.com\/magazine\/?p=4090"},"modified":"2021-07-26T14:41:55","modified_gmt":"2021-07-26T14:41:55","slug":"eric-quesnel-de-lenquete-au-polar","status":"publish","type":"post","link":"https:\/\/www.in-magazines.com\/magazine\/categories\/inspirations\/eric-quesnel-de-lenquete-au-polar\/","title":{"rendered":"Eric Quesnel, de l\u2019enqu\u00eate au polar"},"content":{"rendered":"\n<p>Autodidacte, enqu\u00eateur priv\u00e9, il a franchi le cap de l\u2019\u00e9criture l\u2019an dernier avec un joli succ\u00e8s pour son premier polar, Le Ma\u00eetre des \u00e9nigmes. Entretien avec le qu\u00e9b\u00e9cois Eric Quesnel.<\/p>\n\n\n\n<p><strong>Eric, pr\u00e9sente-toi rapidement \u00e0 nos lecteurs :<\/strong><\/p>\n\n\n\n<p>Je m&rsquo;appelle \u00c9ric Quesnel, 44 ans, p\u00e8re de trois magnifiques enfants. Suite \u00e0 une carri\u00e8re bien remplie qui dura un peu plus de 25 ans comme enqu\u00eateur priv\u00e9, j&rsquo;ai \u00e9crit un premier roman en novembre 2017. J\u2019habite en Mauricie, dans la province de Qu\u00e9bec. Merci \u00e0 vous pour cette entrevue !<\/p>\n\n\n\n<p><strong>O\u00f9 puises-tu ton inspiration ? Comment fais-tu naitre tes histoires ? Tu pars d\u2019un d\u00e9nouement, d\u2019une histoire vraie, de ton pass\u00e9 dans la s\u00e9curit\u00e9 ?<\/strong><\/p>\n\n\n\n<p>Mon inspiration, quand j&rsquo;\u00e9cris, remonte \u00e0 loin. Jeune, une certaine pauvret\u00e9 m&rsquo;obligea \u00e0 cr\u00e9er mes propres jeux, mes propres histoires. J\u2019adorais parcourir les biblioth\u00e8ques quand je le pouvais. Mes premiers livres obtenus et lus ont \u00e9t\u00e9 les Bob Morane. <\/p>\n\n\n\n<p>D\u2019ailleurs, je les poss\u00e8de encore aujourd\u2019hui. Tr\u00e8s t\u00f4t, mon imagination s\u2019est grandement d\u00e9velopp\u00e9e. Avec le m\u00e9tier que j\u2019ai exerc\u00e9 et ma passion pour les polars, l\u2019inspiration \u00e9tait omnipr\u00e9sente pour \u00e9crire. Mes histoires prennent forme d\u2019abord par la fin. Une fois la fin bien d\u00e9finie et imagin\u00e9e, je construis diff\u00e9rentes sc\u00e8nes se succ\u00e9dant, pour y arriver. Mes connaissances du milieu judiciaire et les recherches que je fais aupr\u00e8s de professionnels ou sur Internet, ajoutent une touche plus r\u00e9aliste \u00e0 tout \u00e7a.<\/p>\n\n\n\n<h2 class=\"wp-block-heading\">Parle-nous un peu de ton prochain livre&nbsp;: de quoi sera-t-il question et quand pourrons-nous le d\u00e9couvrir ?<\/h2>\n\n\n\n<p>Le prochain livre est sur le point de sortir, d&rsquo;ici fin avril. Ce sera comme une annexe \u00e0 mon premier roman, Le ma\u00eetre des \u00e9nigmes. Les lecteurs et lectrices devront se substituer aux premiers intervenants de cinq affaires judiciaires distinctes. Ils tenteront de r\u00e9soudre le myst\u00e8re que cache chaque affaire criminelle abord\u00e9e, selon les preuves, photos et documents pr\u00e9sent\u00e9s. Une immersion dans les enqu\u00eates&#8230; Aussi, le troisi\u00e8me opus du Ma\u00eetre des \u00e9nigmes est en cours d\u2019\u00e9criture et sa sortie est pr\u00e9vue pour novembre 2019. Je terminerais en saluant tous mes lecteurs et lectrices\u2026<\/p>\n\n\n<a href=\"#\" class=\"_3d-flip-book  fb3d-link-lightbox-mode\" data-id=\"4092\" data-mode=\"link-lightbox\" data-title=\"false\" data-template=\"short-white-book-view\" data-lightbox=\"dark\" data-urlparam=\"fb3d-page\" data-page-n=\"0\" data-pdf=\"\" data-tax=\"null\" data-thumbnail=\"\" data-cols=\"3\" data-query=\"\"><img decoding=\"async\" src=\"http:\/\/www.in-magazines.com\/magazine\/wp-content\/uploads\/2021\/05\/btn.jpg\"><br \/>\n<\/a>\n","protected":false},"excerpt":{"rendered":"<p>Autodidacte, enqu&ecirc;teur priv&eacute;, il a franchi le cap de l&rsquo;&eacute;criture l&rsquo;an dernier avec un joli succ&egrave;s pour son premier polar, Le Ma&icirc;tre des &eacute;nigmes. Entretien avec le qu&eacute;b&eacute;cois Eric Quesnel. Eric, pr&eacute;sente-toi rapidement &agrave; nos lecteurs : Je m&rsquo;appelle &Eacute;ric Quesnel, 44 ans, p&egrave;re de trois magnifiques enfants. Suite &agrave; une carri&egrave;re bien remplie qui&hellip; <a class=\"more-link\" href=\"https:\/\/www.in-magazines.com\/magazine\/categories\/inspirations\/eric-quesnel-de-lenquete-au-polar\/\">Poursuivre la lecture <span class=\"screen-reader-text\">Eric Quesnel, de l\u2019enqu\u00eate au polar<\/span><\/a><\/p>\n","protected":false},"author":1,"featured_media":4093,"comment_status":"open","ping_status":"open","sticky":false,"template":"","format":"standard","meta":{"footnotes":""},"categories":[689,1344],"tags":[180,1337],"yoast_head":"<!-- This site is optimized with the Yoast SEO plugin v16.2 - https:\/\/yoast.com\/wordpress\/plugins\/seo\/ -->\n<title>Eric Quesnel, de l\u2019enqu\u00eate au polar - In Magazines<\/title>\n<meta name=\"robots\" content=\"index, follow, max-snippet:-1, max-image-preview:large, max-video-preview:-1\" \/>\n<link rel=\"canonical\" href=\"https:\/\/www.in-magazines.com\/magazine\/categories\/inspirations\/eric-quesnel-de-lenquete-au-polar\/\" \/>\n<meta property=\"og:locale\" content=\"fr_FR\" \/>\n<meta property=\"og:type\" content=\"article\" \/>\n<meta property=\"og:title\" content=\"Eric Quesnel, de l\u2019enqu\u00eate au polar - In Magazines\" \/>\n<meta property=\"og:description\" content=\"Autodidacte, enqu&ecirc;teur priv&eacute;, il a franchi le cap de l&rsquo;&eacute;criture l&rsquo;an dernier avec un joli succ&egrave;s pour son premier polar, Le Ma&icirc;tre des &eacute;nigmes. Entretien avec le qu&eacute;b&eacute;cois Eric Quesnel. Eric, pr&eacute;sente-toi rapidement &agrave; nos lecteurs : Je m&rsquo;appelle &Eacute;ric Quesnel, 44 ans, p&egrave;re de trois magnifiques enfants. Suite &agrave; une carri&egrave;re bien remplie qui&hellip; Poursuivre la lecture Eric Quesnel, de l\u2019enqu\u00eate au polar\" \/>\n<meta property=\"og:url\" content=\"https:\/\/www.in-magazines.com\/magazine\/categories\/inspirations\/eric-quesnel-de-lenquete-au-polar\/\" \/>\n<meta property=\"og:site_name\" content=\"In Magazines\" \/>\n<meta property=\"article:published_time\" content=\"2019-04-25T08:22:00+00:00\" \/>\n<meta property=\"article:modified_time\" content=\"2021-07-26T14:41:55+00:00\" \/>\n<meta property=\"og:image\" content=\"https:\/\/www.in-magazines.com\/magazine\/wp-content\/uploads\/2021\/07\/img42-1.jpg\" \/>\n\t<meta property=\"og:image:width\" content=\"760\" \/>\n\t<meta property=\"og:image:height\" content=\"1351\" \/>\n<meta name=\"twitter:label1\" content=\"Dur\u00e9e de lecture est.\">\n\t<meta name=\"twitter:data1\" content=\"2 minutes\">\n<script type=\"application\/ld+json\" class=\"yoast-schema-graph\">{\"@context\":\"https:\/\/schema.org\",\"@graph\":[{\"@type\":\"WebSite\",\"@id\":\"https:\/\/www.in-magazines.com\/magazine\/#website\",\"url\":\"https:\/\/www.in-magazines.com\/magazine\/\",\"name\":\"In Magazines\",\"description\":\"\",\"potentialAction\":[{\"@type\":\"SearchAction\",\"target\":\"https:\/\/www.in-magazines.com\/magazine\/?s={search_term_string}\",\"query-input\":\"required name=search_term_string\"}],\"inLanguage\":\"fr-FR\"},{\"@type\":\"ImageObject\",\"@id\":\"https:\/\/www.in-magazines.com\/magazine\/categories\/inspirations\/eric-quesnel-de-lenquete-au-polar\/#primaryimage\",\"inLanguage\":\"fr-FR\",\"url\":\"https:\/\/www.in-magazines.com\/magazine\/wp-content\/uploads\/2021\/07\/img42-1.jpg\",\"contentUrl\":\"https:\/\/www.in-magazines.com\/magazine\/wp-content\/uploads\/2021\/07\/img42-1.jpg\",\"width\":760,\"height\":1351},{\"@type\":\"WebPage\",\"@id\":\"https:\/\/www.in-magazines.com\/magazine\/categories\/inspirations\/eric-quesnel-de-lenquete-au-polar\/#webpage\",\"url\":\"https:\/\/www.in-magazines.com\/magazine\/categories\/inspirations\/eric-quesnel-de-lenquete-au-polar\/\",\"name\":\"Eric Quesnel, de l\\u2019enqu\\u00eate au polar - In Magazines\",\"isPartOf\":{\"@id\":\"https:\/\/www.in-magazines.com\/magazine\/#website\"},\"primaryImageOfPage\":{\"@id\":\"https:\/\/www.in-magazines.com\/magazine\/categories\/inspirations\/eric-quesnel-de-lenquete-au-polar\/#primaryimage\"},\"datePublished\":\"2019-04-25T08:22:00+00:00\",\"dateModified\":\"2021-07-26T14:41:55+00:00\",\"author\":{\"@id\":\"https:\/\/www.in-magazines.com\/magazine\/#\/schema\/person\/c27e7dabb9a1ef380814bdd5636d07e3\"},\"breadcrumb\":{\"@id\":\"https:\/\/www.in-magazines.com\/magazine\/categories\/inspirations\/eric-quesnel-de-lenquete-au-polar\/#breadcrumb\"},\"inLanguage\":\"fr-FR\",\"potentialAction\":[{\"@type\":\"ReadAction\",\"target\":[\"https:\/\/www.in-magazines.com\/magazine\/categories\/inspirations\/eric-quesnel-de-lenquete-au-polar\/\"]}]},{\"@type\":\"BreadcrumbList\",\"@id\":\"https:\/\/www.in-magazines.com\/magazine\/categories\/inspirations\/eric-quesnel-de-lenquete-au-polar\/#breadcrumb\",\"itemListElement\":[{\"@type\":\"ListItem\",\"position\":1,\"item\":{\"@id\":\"https:\/\/www.in-magazines.com\/magazine\/categories\/inspirations\/eric-quesnel-de-lenquete-au-polar\/#webpage\"}}]},{\"@type\":\"Person\",\"@id\":\"https:\/\/www.in-magazines.com\/magazine\/#\/schema\/person\/c27e7dabb9a1ef380814bdd5636d07e3\",\"name\":\"backinmag\",\"image\":{\"@type\":\"ImageObject\",\"@id\":\"https:\/\/www.in-magazines.com\/magazine\/#personlogo\",\"inLanguage\":\"fr-FR\",\"url\":\"https:\/\/secure.gravatar.com\/avatar\/13a234bb19dc4fd04793d73c3472fbdb?s=96&d=mm&r=g\",\"contentUrl\":\"https:\/\/secure.gravatar.com\/avatar\/13a234bb19dc4fd04793d73c3472fbdb?s=96&d=mm&r=g\",\"caption\":\"backinmag\"},\"sameAs\":[\"http:\/\/www.in-magazines.com\/magazin\"]}]}<\/script>\n<!-- \/ Yoast SEO plugin. -->","_links":{"self":[{"href":"https:\/\/www.in-magazines.com\/magazine\/wp-json\/wp\/v2\/posts\/4090"}],"collection":[{"href":"https:\/\/www.in-magazines.com\/magazine\/wp-json\/wp\/v2\/posts"}],"about":[{"href":"https:\/\/www.in-magazines.com\/magazine\/wp-json\/wp\/v2\/types\/post"}],"author":[{"embeddable":true,"href":"https:\/\/www.in-magazines.com\/magazine\/wp-json\/wp\/v2\/users\/1"}],"replies":[{"embeddable":true,"href":"https:\/\/www.in-magazines.com\/magazine\/wp-json\/wp\/v2\/comments?post=4090"}],"version-history":[{"count":5,"href":"https:\/\/www.in-magazines.com\/magazine\/wp-json\/wp\/v2\/posts\/4090\/revisions"}],"predecessor-version":[{"id":4918,"href":"https:\/\/www.in-magazines.com\/magazine\/wp-json\/wp\/v2\/posts\/4090\/revisions\/4918"}],"wp:featuredmedia":[{"embeddable":true,"href":"https:\/\/www.in-magazines.com\/magazine\/wp-json\/wp\/v2\/media\/4093"}],"wp:attachment":[{"href":"https:\/\/www.in-magazines.com\/magazine\/wp-json\/wp\/v2\/media?parent=4090"}],"wp:term":[{"taxonomy":"category","embeddable":true,"href":"https:\/\/www.in-magazines.com\/magazine\/wp-json\/wp\/v2\/categories?post=4090"},{"taxonomy":"post_tag","embeddable":true,"href":"https:\/\/www.in-magazines.com\/magazine\/wp-json\/wp\/v2\/tags?post=4090"}],"curies":[{"name":"wp","href":"https:\/\/api.w.org\/{rel}","templated":true}]}}