

{"id":4212,"date":"2019-04-25T09:50:00","date_gmt":"2019-04-25T09:50:00","guid":{"rendered":"https:\/\/www.in-magazines.com\/magazine\/?p=4212"},"modified":"2021-07-16T09:54:52","modified_gmt":"2021-07-16T09:54:52","slug":"isn-portes-ouvertes-sur-linternational","status":"publish","type":"post","link":"https:\/\/www.in-magazines.com\/magazine\/sommaire\/isn-portes-ouvertes-sur-linternational\/","title":{"rendered":"ISN : portes ouvertes sur l\u2019international"},"content":{"rendered":"\n<p>L\u2019International School of Nice ouvre ses portes le 6 mars prochain pour une journ\u00e9e de d\u00e9couverte de toute la sp\u00e9cificit\u00e9 de son enseignement international. Dans cette attente, nous avons voulu en savoir plus avec David Johnson, son directeur :<\/p>\n\n\n\n<h2 class=\"wp-block-heading\">Quels \u00e9l\u00e8ves accueillez-vous \u00e0 l\u2019ISN ?<\/h2>\n\n\n\n<p>David Johnson : L\u2019\u00c9cole internationale de Nice (ISN) accueille tous les enfants de la pr\u00e9-maternelle \u00e0 la douzi\u00e8me ann\u00e9e (\u00e9quivalent de la terminale), qui se solde par le passage du baccalaur\u00e9at International.<\/p>\n\n\n\n<p>Qu\u2019est-ce qui vous diff\u00e9rencie dans votre philosophie d\u2019apprentissage ? L\u2019enseignement que nous dispensons encourage les \u00e9l\u00e8ves \u00e0 se responsabiliser, en les pr\u00e9parant au monde de demain gr\u00e2ce \u00e0 un programme vaste et stimulant. Notre devise : inspirer, soutenir et encourager nos \u00e9tudiants multiculturels \u00e0 devenir des citoyens du monde instruits et empathiques. L\u2019environnement dans lequel \u00e9voluent les \u00e9l\u00e8ves est chaleureux et le corps professoral est pleinement engag\u00e9 dans le projet p\u00e9dagogique de l\u2019ISN.<\/p>\n\n\n\n<h2 class=\"wp-block-heading\">Qu\u2019attendent les parents d\u2019\u00e9l\u00e8ves de l\u2019ISN ?<\/h2>\n\n\n\n<p>En primaire, je pense qu\u2019ils sont tr\u00e8s sensibles \u00e0 ce que leur enfant se sente bien et \u00e9volue dans un cadre d\u2019apprentissage stimulant et attrayant. Dans les classes \u00e9quivalentes \u00e0 celles du coll\u00e8ge puis du lyc\u00e9e, les attentes sont diff\u00e9rentes et correspondent \u00e0 la volont\u00e9 de les voir poursuivre des \u00e9tudes sup\u00e9rieures dans un cadre international. A ce sujet, notre \u00e9cole fonctionne tr\u00e8s bien avec son r\u00e9seau d\u2019anciens \u00e9l\u00e8ves et les \u00e9changes sont nombreux et fructueux.<\/p>\n\n\n\n<h2 class=\"wp-block-heading\">Quel est votre taux de r\u00e9ussite au Baccalaur\u00e9at International ?<\/h2>\n\n\n\n<p>100 % l\u2019an dernier et ces derni\u00e8res ann\u00e9es, le r\u00e9sultat a toujours \u00e9t\u00e9 sup\u00e9rieur \u00e0 90 %.<\/p>\n\n\n\n<h2 class=\"wp-block-heading\">Comment \u00eatre admis \u00e0 l\u2019ISN ?<\/h2>\n\n\n\n<p>Nous proposons pendant les vacances scolaires des stages d\u2019immersion qui permettent de d\u00e9couvrir une premi\u00e8re approche de l\u2019\u00e9cole. La d\u00e9cision d\u2019admission se fait suite \u00e0 un entretien et est bas\u00e9e sur la disponibilit\u00e9 dans les classes concern\u00e9es, sur la capacit\u00e9 de l\u2019\u00e9cole \u00e0 r\u00e9pondre aux besoins de chaque \u00e9l\u00e8ve et sur ses capacit\u00e9s \u00e0 satisfaire les exigences de notre programme.<\/p>\n\n\n<a href=\"#\" class=\"_3d-flip-book  fb3d-link-lightbox-mode\" data-id=\"4217\" data-mode=\"link-lightbox\" data-title=\"false\" data-template=\"short-white-book-view\" data-lightbox=\"dark\" data-urlparam=\"fb3d-page\" data-page-n=\"0\" data-pdf=\"\" data-tax=\"null\" data-thumbnail=\"\" data-cols=\"3\" data-query=\"\"><img decoding=\"async\" src=\"http:\/\/www.in-magazines.com\/magazine\/wp-content\/uploads\/2021\/05\/btn.jpg\"><br \/>\n<\/a>\n","protected":false},"excerpt":{"rendered":"<p>L&rsquo;International School of Nice ouvre ses portes le 6 mars prochain pour une journ&eacute;e de d&eacute;couverte de toute la sp&eacute;cificit&eacute; de son enseignement international. Dans cette attente, nous avons voulu en savoir plus avec David Johnson, son directeur : Quels &eacute;l&egrave;ves accueillez-vous &agrave; l&rsquo;ISN ? David Johnson : L&rsquo;&Eacute;cole internationale de Nice (ISN) accueille tous&hellip; <a class=\"more-link\" href=\"https:\/\/www.in-magazines.com\/magazine\/sommaire\/isn-portes-ouvertes-sur-linternational\/\">Poursuivre la lecture <span class=\"screen-reader-text\">ISN : portes ouvertes sur l\u2019international<\/span><\/a><\/p>\n","protected":false},"author":1,"featured_media":4213,"comment_status":"open","ping_status":"open","sticky":false,"template":"","format":"standard","meta":{"footnotes":""},"categories":[2,4,1341],"tags":[661,1342],"yoast_head":"<!-- This site is optimized with the Yoast SEO plugin v16.2 - https:\/\/yoast.com\/wordpress\/plugins\/seo\/ -->\n<title>ISN : portes ouvertes sur l\u2019international - In Magazines<\/title>\n<meta name=\"robots\" content=\"index, follow, max-snippet:-1, max-image-preview:large, max-video-preview:-1\" \/>\n<link rel=\"canonical\" href=\"https:\/\/www.in-magazines.com\/magazine\/sommaire\/isn-portes-ouvertes-sur-linternational\/\" \/>\n<meta property=\"og:locale\" content=\"fr_FR\" \/>\n<meta property=\"og:type\" content=\"article\" \/>\n<meta property=\"og:title\" content=\"ISN : portes ouvertes sur l\u2019international - In Magazines\" \/>\n<meta property=\"og:description\" content=\"L&rsquo;International School of Nice ouvre ses portes le 6 mars prochain pour une journ&eacute;e de d&eacute;couverte de toute la sp&eacute;cificit&eacute; de son enseignement international. Dans cette attente, nous avons voulu en savoir plus avec David Johnson, son directeur : Quels &eacute;l&egrave;ves accueillez-vous &agrave; l&rsquo;ISN ? David Johnson : L&rsquo;&Eacute;cole internationale de Nice (ISN) accueille tous&hellip; Poursuivre la lecture ISN : portes ouvertes sur l\u2019international\" \/>\n<meta property=\"og:url\" content=\"https:\/\/www.in-magazines.com\/magazine\/sommaire\/isn-portes-ouvertes-sur-linternational\/\" \/>\n<meta property=\"og:site_name\" content=\"In Magazines\" \/>\n<meta property=\"article:published_time\" content=\"2019-04-25T09:50:00+00:00\" \/>\n<meta property=\"article:modified_time\" content=\"2021-07-16T09:54:52+00:00\" \/>\n<meta property=\"og:image\" content=\"https:\/\/www.in-magazines.com\/magazine\/wp-content\/uploads\/2021\/07\/img52-2.jpg\" \/>\n\t<meta property=\"og:image:width\" content=\"303\" \/>\n\t<meta property=\"og:image:height\" content=\"454\" \/>\n<meta name=\"twitter:label1\" content=\"Dur\u00e9e de lecture est.\">\n\t<meta name=\"twitter:data1\" content=\"2 minutes\">\n<script type=\"application\/ld+json\" class=\"yoast-schema-graph\">{\"@context\":\"https:\/\/schema.org\",\"@graph\":[{\"@type\":\"WebSite\",\"@id\":\"https:\/\/www.in-magazines.com\/magazine\/#website\",\"url\":\"https:\/\/www.in-magazines.com\/magazine\/\",\"name\":\"In Magazines\",\"description\":\"\",\"potentialAction\":[{\"@type\":\"SearchAction\",\"target\":\"https:\/\/www.in-magazines.com\/magazine\/?s={search_term_string}\",\"query-input\":\"required name=search_term_string\"}],\"inLanguage\":\"fr-FR\"},{\"@type\":\"ImageObject\",\"@id\":\"https:\/\/www.in-magazines.com\/magazine\/sommaire\/isn-portes-ouvertes-sur-linternational\/#primaryimage\",\"inLanguage\":\"fr-FR\",\"url\":\"https:\/\/www.in-magazines.com\/magazine\/wp-content\/uploads\/2021\/07\/img52-2.jpg\",\"contentUrl\":\"https:\/\/www.in-magazines.com\/magazine\/wp-content\/uploads\/2021\/07\/img52-2.jpg\",\"width\":303,\"height\":454},{\"@type\":\"WebPage\",\"@id\":\"https:\/\/www.in-magazines.com\/magazine\/sommaire\/isn-portes-ouvertes-sur-linternational\/#webpage\",\"url\":\"https:\/\/www.in-magazines.com\/magazine\/sommaire\/isn-portes-ouvertes-sur-linternational\/\",\"name\":\"ISN : portes ouvertes sur l\\u2019international - In Magazines\",\"isPartOf\":{\"@id\":\"https:\/\/www.in-magazines.com\/magazine\/#website\"},\"primaryImageOfPage\":{\"@id\":\"https:\/\/www.in-magazines.com\/magazine\/sommaire\/isn-portes-ouvertes-sur-linternational\/#primaryimage\"},\"datePublished\":\"2019-04-25T09:50:00+00:00\",\"dateModified\":\"2021-07-16T09:54:52+00:00\",\"author\":{\"@id\":\"https:\/\/www.in-magazines.com\/magazine\/#\/schema\/person\/c27e7dabb9a1ef380814bdd5636d07e3\"},\"breadcrumb\":{\"@id\":\"https:\/\/www.in-magazines.com\/magazine\/sommaire\/isn-portes-ouvertes-sur-linternational\/#breadcrumb\"},\"inLanguage\":\"fr-FR\",\"potentialAction\":[{\"@type\":\"ReadAction\",\"target\":[\"https:\/\/www.in-magazines.com\/magazine\/sommaire\/isn-portes-ouvertes-sur-linternational\/\"]}]},{\"@type\":\"BreadcrumbList\",\"@id\":\"https:\/\/www.in-magazines.com\/magazine\/sommaire\/isn-portes-ouvertes-sur-linternational\/#breadcrumb\",\"itemListElement\":[{\"@type\":\"ListItem\",\"position\":1,\"item\":{\"@id\":\"https:\/\/www.in-magazines.com\/magazine\/sommaire\/isn-portes-ouvertes-sur-linternational\/#webpage\"}}]},{\"@type\":\"Person\",\"@id\":\"https:\/\/www.in-magazines.com\/magazine\/#\/schema\/person\/c27e7dabb9a1ef380814bdd5636d07e3\",\"name\":\"backinmag\",\"image\":{\"@type\":\"ImageObject\",\"@id\":\"https:\/\/www.in-magazines.com\/magazine\/#personlogo\",\"inLanguage\":\"fr-FR\",\"url\":\"https:\/\/secure.gravatar.com\/avatar\/13a234bb19dc4fd04793d73c3472fbdb?s=96&d=mm&r=g\",\"contentUrl\":\"https:\/\/secure.gravatar.com\/avatar\/13a234bb19dc4fd04793d73c3472fbdb?s=96&d=mm&r=g\",\"caption\":\"backinmag\"},\"sameAs\":[\"http:\/\/www.in-magazines.com\/magazin\"]}]}<\/script>\n<!-- \/ Yoast SEO plugin. -->","_links":{"self":[{"href":"https:\/\/www.in-magazines.com\/magazine\/wp-json\/wp\/v2\/posts\/4212"}],"collection":[{"href":"https:\/\/www.in-magazines.com\/magazine\/wp-json\/wp\/v2\/posts"}],"about":[{"href":"https:\/\/www.in-magazines.com\/magazine\/wp-json\/wp\/v2\/types\/post"}],"author":[{"embeddable":true,"href":"https:\/\/www.in-magazines.com\/magazine\/wp-json\/wp\/v2\/users\/1"}],"replies":[{"embeddable":true,"href":"https:\/\/www.in-magazines.com\/magazine\/wp-json\/wp\/v2\/comments?post=4212"}],"version-history":[{"count":6,"href":"https:\/\/www.in-magazines.com\/magazine\/wp-json\/wp\/v2\/posts\/4212\/revisions"}],"predecessor-version":[{"id":4221,"href":"https:\/\/www.in-magazines.com\/magazine\/wp-json\/wp\/v2\/posts\/4212\/revisions\/4221"}],"wp:featuredmedia":[{"embeddable":true,"href":"https:\/\/www.in-magazines.com\/magazine\/wp-json\/wp\/v2\/media\/4213"}],"wp:attachment":[{"href":"https:\/\/www.in-magazines.com\/magazine\/wp-json\/wp\/v2\/media?parent=4212"}],"wp:term":[{"taxonomy":"category","embeddable":true,"href":"https:\/\/www.in-magazines.com\/magazine\/wp-json\/wp\/v2\/categories?post=4212"},{"taxonomy":"post_tag","embeddable":true,"href":"https:\/\/www.in-magazines.com\/magazine\/wp-json\/wp\/v2\/tags?post=4212"}],"curies":[{"name":"wp","href":"https:\/\/api.w.org\/{rel}","templated":true}]}}