

{"id":4379,"date":"2019-11-20T06:04:00","date_gmt":"2019-11-20T06:04:00","guid":{"rendered":"https:\/\/www.in-magazines.com\/magazine\/?p=4379"},"modified":"2021-07-21T06:27:54","modified_gmt":"2021-07-21T06:27:54","slug":"pro-am-wk-a-terre-blanche-pour-monaco-live-disorder","status":"publish","type":"post","link":"https:\/\/www.in-magazines.com\/magazine\/sommaire\/inantipolis-5\/pro-am-wk-a-terre-blanche-pour-monaco-live-disorder\/","title":{"rendered":"Pro-Am WK \u00e0 Terre Blanche pour Monaco Live Disorder"},"content":{"rendered":"\n<p>Cette ann\u00e9e a eu lieu la premi\u00e8re \u00e9dition de la Pro-Am WK au profit de l\u2019Association \u00ab Monaco Liver Disorder&nbsp;\u00bb. Le traditionnel \u00ab Troph\u00e9e WK \u00bb qui avait lieu chaque ann\u00e9e depuis 12 ans, s\u2019est vu prendre une toute autre dimension sportive, en passant du format individuel Stableford au format Pro-Am, en 2 balles, meilleure balle.<\/p>\n\n\n\n<p>L\u2019\u00e9v\u00e8nement s\u2019est d\u00e9roul\u00e9 fin juin sur le magnifique golf de Terre Blanche H\u00f4tel Spa Golf Resort*****. Les \u00e9quipes se sont donc confront\u00e9es sur 36 trous, le samedi sur le parcours du Riou et le dimanche sur le parcours du Ch\u00e2teau. Pour cette premi\u00e8re, la comp\u00e9tition a vu la participation non seulement d\u2019\u00e9quipes r\u00e9gionales mais \u00e9galement du Nord et du centre de la France.<\/p>\n\n\n\n<p>La participation des professionnels \u00e9tait de qualit\u00e9 avec plusieurs anciens joueurs de circuit pr\u00e9sents, en particulier Rapha\u00ebl Eyraud, J\u00e9r\u00f4me Lando-Casanova, J\u00e9r\u00f4me Forestier et Fran\u00e7ois Lamare. Une belle soir\u00e9e de gala a \u00e9t\u00e9 organis\u00e9e le samedi soir dans le salon Fayence de Terre Blanche pour d\u00e9tendre les convives qui ont pu appr\u00e9cier l\u2019ambiance musicale anim\u00e9e par \u00ab&nbsp; Dealer de R\u00eaves \u00bb mais aussi une pause artistique, avec un num\u00e9ro international, ayant fait partie de la revue du Lido de Paris, La Statue Bic\u00e9phale\u2026<\/p>\n\n\n\n<p>Sur le plan sportif, Edouard De Bagnolo et J\u00e9r\u00f4me Lando-Casanova se retrouvent ex-aequo dans la cat\u00e9gorie Pro avec un total de 138 devant Fran\u00e7ois Lamare qui score un total de 140.<\/p>\n\n\n\n<p>Par \u00e9quipes, une victoire en Brut de l\u2019\u00e9quipe locale de J\u00e9r\u00f4me Lando-Casanova accompagn\u00e9 de Romain Vallaeys, Vincent Martin et Dong Chang avec un score total de 265. En Net, l\u2019\u00e9quipe d\u2019Edouard De Bagnolo accompagn\u00e9 de Pierre Beauguerlange, Claire Beauguerlange et Jo\u00eblle Beauguerlange s\u2019impose avec un score total de 244. Comme chaque ann\u00e9e, les heureux gagnants ont \u00e9t\u00e9 r\u00e9compens\u00e9s d\u2019une sublime dotation du joaillier WK avec colliers, bracelets et ceintures orn\u00e9s de v\u00e9ritables Perles de culture.<\/p>\n\n\n<a href=\"#\" class=\"_3d-flip-book  fb3d-link-lightbox-mode\" data-id=\"4397\" data-mode=\"link-lightbox\" data-title=\"false\" data-template=\"short-white-book-view\" data-lightbox=\"dark\" data-urlparam=\"fb3d-page\" data-page-n=\"0\" data-pdf=\"\" data-tax=\"null\" data-thumbnail=\"\" data-cols=\"3\" data-query=\"\">\n<img decoding=\"async\" src=\"http:\/\/www.in-magazines.com\/magazine\/wp-content\/uploads\/2021\/05\/btn.jpg\"><br \/>\n<\/a>\n","protected":false},"excerpt":{"rendered":"<p>Cette ann&eacute;e a eu lieu la premi&egrave;re &eacute;dition de la Pro-Am WK au profit de l&rsquo;Association &laquo; Monaco Liver Disorder&nbsp;&raquo;. Le traditionnel &laquo; Troph&eacute;e WK &raquo; qui avait lieu chaque ann&eacute;e depuis 12 ans, s&rsquo;est vu prendre une toute autre dimension sportive, en passant du format individuel Stableford au format Pro-Am, en 2 balles, meilleure&hellip; <a class=\"more-link\" href=\"https:\/\/www.in-magazines.com\/magazine\/sommaire\/inantipolis-5\/pro-am-wk-a-terre-blanche-pour-monaco-live-disorder\/\">Poursuivre la lecture <span class=\"screen-reader-text\">Pro-Am WK \u00e0 Terre Blanche pour Monaco Live Disorder<\/span><\/a><\/p>\n","protected":false},"author":1,"featured_media":4393,"comment_status":"open","ping_status":"open","sticky":false,"template":"","format":"standard","meta":{"footnotes":""},"categories":[30,1345],"tags":[529,1352],"yoast_head":"<!-- This site is optimized with the Yoast SEO plugin v16.2 - https:\/\/yoast.com\/wordpress\/plugins\/seo\/ -->\n<title>Pro-Am WK \u00e0 Terre Blanche pour Monaco Live Disorder - In Magazines<\/title>\n<meta name=\"robots\" content=\"index, follow, max-snippet:-1, max-image-preview:large, max-video-preview:-1\" \/>\n<link rel=\"canonical\" href=\"https:\/\/www.in-magazines.com\/magazine\/sommaire\/inantipolis-5\/pro-am-wk-a-terre-blanche-pour-monaco-live-disorder\/\" \/>\n<meta property=\"og:locale\" content=\"fr_FR\" \/>\n<meta property=\"og:type\" content=\"article\" \/>\n<meta property=\"og:title\" content=\"Pro-Am WK \u00e0 Terre Blanche pour Monaco Live Disorder - In Magazines\" \/>\n<meta property=\"og:description\" content=\"Cette ann&eacute;e a eu lieu la premi&egrave;re &eacute;dition de la Pro-Am WK au profit de l&rsquo;Association &laquo; Monaco Liver Disorder&nbsp;&raquo;. Le traditionnel &laquo; Troph&eacute;e WK &raquo; qui avait lieu chaque ann&eacute;e depuis 12 ans, s&rsquo;est vu prendre une toute autre dimension sportive, en passant du format individuel Stableford au format Pro-Am, en 2 balles, meilleure&hellip; Poursuivre la lecture Pro-Am WK \u00e0 Terre Blanche pour Monaco Live Disorder\" \/>\n<meta property=\"og:url\" content=\"https:\/\/www.in-magazines.com\/magazine\/sommaire\/inantipolis-5\/pro-am-wk-a-terre-blanche-pour-monaco-live-disorder\/\" \/>\n<meta property=\"og:site_name\" content=\"In Magazines\" \/>\n<meta property=\"article:published_time\" content=\"2019-11-20T06:04:00+00:00\" \/>\n<meta property=\"article:modified_time\" content=\"2021-07-21T06:27:54+00:00\" \/>\n<meta property=\"og:image\" content=\"https:\/\/www.in-magazines.com\/magazine\/wp-content\/uploads\/2021\/07\/img35.jpg\" \/>\n\t<meta property=\"og:image:width\" content=\"1013\" \/>\n\t<meta property=\"og:image:height\" content=\"676\" \/>\n<meta name=\"twitter:label1\" content=\"Dur\u00e9e de lecture est.\">\n\t<meta name=\"twitter:data1\" content=\"2 minutes\">\n<script type=\"application\/ld+json\" class=\"yoast-schema-graph\">{\"@context\":\"https:\/\/schema.org\",\"@graph\":[{\"@type\":\"WebSite\",\"@id\":\"https:\/\/www.in-magazines.com\/magazine\/#website\",\"url\":\"https:\/\/www.in-magazines.com\/magazine\/\",\"name\":\"In Magazines\",\"description\":\"\",\"potentialAction\":[{\"@type\":\"SearchAction\",\"target\":\"https:\/\/www.in-magazines.com\/magazine\/?s={search_term_string}\",\"query-input\":\"required name=search_term_string\"}],\"inLanguage\":\"fr-FR\"},{\"@type\":\"ImageObject\",\"@id\":\"https:\/\/www.in-magazines.com\/magazine\/sommaire\/inantipolis-5\/pro-am-wk-a-terre-blanche-pour-monaco-live-disorder\/#primaryimage\",\"inLanguage\":\"fr-FR\",\"url\":\"https:\/\/www.in-magazines.com\/magazine\/wp-content\/uploads\/2021\/07\/img35.jpg\",\"contentUrl\":\"https:\/\/www.in-magazines.com\/magazine\/wp-content\/uploads\/2021\/07\/img35.jpg\",\"width\":1013,\"height\":676},{\"@type\":\"WebPage\",\"@id\":\"https:\/\/www.in-magazines.com\/magazine\/sommaire\/inantipolis-5\/pro-am-wk-a-terre-blanche-pour-monaco-live-disorder\/#webpage\",\"url\":\"https:\/\/www.in-magazines.com\/magazine\/sommaire\/inantipolis-5\/pro-am-wk-a-terre-blanche-pour-monaco-live-disorder\/\",\"name\":\"Pro-Am WK \\u00e0 Terre Blanche pour Monaco Live Disorder - In Magazines\",\"isPartOf\":{\"@id\":\"https:\/\/www.in-magazines.com\/magazine\/#website\"},\"primaryImageOfPage\":{\"@id\":\"https:\/\/www.in-magazines.com\/magazine\/sommaire\/inantipolis-5\/pro-am-wk-a-terre-blanche-pour-monaco-live-disorder\/#primaryimage\"},\"datePublished\":\"2019-11-20T06:04:00+00:00\",\"dateModified\":\"2021-07-21T06:27:54+00:00\",\"author\":{\"@id\":\"https:\/\/www.in-magazines.com\/magazine\/#\/schema\/person\/c27e7dabb9a1ef380814bdd5636d07e3\"},\"breadcrumb\":{\"@id\":\"https:\/\/www.in-magazines.com\/magazine\/sommaire\/inantipolis-5\/pro-am-wk-a-terre-blanche-pour-monaco-live-disorder\/#breadcrumb\"},\"inLanguage\":\"fr-FR\",\"potentialAction\":[{\"@type\":\"ReadAction\",\"target\":[\"https:\/\/www.in-magazines.com\/magazine\/sommaire\/inantipolis-5\/pro-am-wk-a-terre-blanche-pour-monaco-live-disorder\/\"]}]},{\"@type\":\"BreadcrumbList\",\"@id\":\"https:\/\/www.in-magazines.com\/magazine\/sommaire\/inantipolis-5\/pro-am-wk-a-terre-blanche-pour-monaco-live-disorder\/#breadcrumb\",\"itemListElement\":[{\"@type\":\"ListItem\",\"position\":1,\"item\":{\"@id\":\"https:\/\/www.in-magazines.com\/magazine\/sommaire\/inantipolis-5\/pro-am-wk-a-terre-blanche-pour-monaco-live-disorder\/#webpage\"}}]},{\"@type\":\"Person\",\"@id\":\"https:\/\/www.in-magazines.com\/magazine\/#\/schema\/person\/c27e7dabb9a1ef380814bdd5636d07e3\",\"name\":\"backinmag\",\"image\":{\"@type\":\"ImageObject\",\"@id\":\"https:\/\/www.in-magazines.com\/magazine\/#personlogo\",\"inLanguage\":\"fr-FR\",\"url\":\"https:\/\/secure.gravatar.com\/avatar\/13a234bb19dc4fd04793d73c3472fbdb?s=96&d=mm&r=g\",\"contentUrl\":\"https:\/\/secure.gravatar.com\/avatar\/13a234bb19dc4fd04793d73c3472fbdb?s=96&d=mm&r=g\",\"caption\":\"backinmag\"},\"sameAs\":[\"http:\/\/www.in-magazines.com\/magazin\"]}]}<\/script>\n<!-- \/ Yoast SEO plugin. -->","_links":{"self":[{"href":"https:\/\/www.in-magazines.com\/magazine\/wp-json\/wp\/v2\/posts\/4379"}],"collection":[{"href":"https:\/\/www.in-magazines.com\/magazine\/wp-json\/wp\/v2\/posts"}],"about":[{"href":"https:\/\/www.in-magazines.com\/magazine\/wp-json\/wp\/v2\/types\/post"}],"author":[{"embeddable":true,"href":"https:\/\/www.in-magazines.com\/magazine\/wp-json\/wp\/v2\/users\/1"}],"replies":[{"embeddable":true,"href":"https:\/\/www.in-magazines.com\/magazine\/wp-json\/wp\/v2\/comments?post=4379"}],"version-history":[{"count":6,"href":"https:\/\/www.in-magazines.com\/magazine\/wp-json\/wp\/v2\/posts\/4379\/revisions"}],"predecessor-version":[{"id":4400,"href":"https:\/\/www.in-magazines.com\/magazine\/wp-json\/wp\/v2\/posts\/4379\/revisions\/4400"}],"wp:featuredmedia":[{"embeddable":true,"href":"https:\/\/www.in-magazines.com\/magazine\/wp-json\/wp\/v2\/media\/4393"}],"wp:attachment":[{"href":"https:\/\/www.in-magazines.com\/magazine\/wp-json\/wp\/v2\/media?parent=4379"}],"wp:term":[{"taxonomy":"category","embeddable":true,"href":"https:\/\/www.in-magazines.com\/magazine\/wp-json\/wp\/v2\/categories?post=4379"},{"taxonomy":"post_tag","embeddable":true,"href":"https:\/\/www.in-magazines.com\/magazine\/wp-json\/wp\/v2\/tags?post=4379"}],"curies":[{"name":"wp","href":"https:\/\/api.w.org\/{rel}","templated":true}]}}