

{"id":471,"date":"2021-04-12T08:34:00","date_gmt":"2021-04-12T08:34:00","guid":{"rendered":"https:\/\/www.in-magazines.com\/magazine\/?p=471"},"modified":"2021-06-02T13:04:15","modified_gmt":"2021-06-02T13:04:15","slug":"arapl2ca-rse-en-interne-et-aupres-des-adherents","status":"publish","type":"post","link":"https:\/\/www.in-magazines.com\/magazine\/sommaire\/inmagazine-20\/arapl2ca-rse-en-interne-et-aupres-des-adherents\/","title":{"rendered":"ARAPL2CA &#8211; RSE : EN INTERNE ET aupr\u00e8s des adh\u00e9rents"},"content":{"rendered":"\n<p>Depuis plus de 40 ans, l\u2019organisme de gestion agr\u00e9\u00e9 permet aux professionnels lib\u00e9raux (et depuis 2018 aux commer\u00e7ants et artisans) un accompagnement sans \u00e9quivalent dans la gestion et le d\u00e9veloppement de leur entreprise, assorti d\u2019un programme de formation des plus vari\u00e9s. La RSE y a toute sa place, particuli\u00e8rement aupr\u00e8s des collaborateurs, mais elle s\u2019inscrit aussi dans une d\u00e9marche r\u00e9fl\u00e9chie li\u00e9e au d\u00e9veloppement durable et rejaillit plus g\u00e9n\u00e9ralement sur tout ce qui est propos\u00e9 aux membres de l\u2019ARAPL2CA.<\/p>\n\n\n\n<p>Al\u2019ARAPL2CA, la RSE a pris tout son sens dans l\u2019accompagnement de l\u2019\u00e9quipe d\u00e9di\u00e9e aux adh\u00e9rents. Pour continuer de les suivre et proposer une offre de service en accord avec les besoins des membres de l\u2019ARAPL2CA, une forte mobilisation se poursuit, depuis d\u00e9j\u00e0 plus d\u2019un an et le d\u00e9but de la pand\u00e9mie. <br>Cet accompagnement passe par la mise en place d\u2019outils d\u00e9sormais p\u00e9rennis\u00e9s pour maintenir le contact. L\u2019une des premi\u00e8res \u00ab portes \u00bb d\u2019entr\u00e9e vers votre ARAPL est le t\u00e9l\u00e9phone.<\/p>\n\n\n\n<p>Pour faciliter la mise en place du t\u00e9l\u00e9travail plusieurs fois par semaine pour chaque collaborateur, des transferts d\u2019appel vers les mobiles ont \u00e9t\u00e9 mis en place. Pour satisfaire les demandes des adh\u00e9rents, il a \u00e9galement fallu organiser une permanence de courriel chaque weekend. Une veille qui permet de garder ce lien indispensable avec les services de l\u2019ARAPL. <\/p>\n\n\n\n<p>La politique RSE de l\u2019ARAPL2CA passe aussi par le mieux-\u00eatre de ses collaborateurs. Ainsi, une connexion s\u00e9curis\u00e9e \u00e0 un serveur d\u00e9di\u00e9 leur permet de retrouver de mani\u00e8re d\u00e9mat\u00e9rialis\u00e9e l\u2019ensemble des outils bureautiques et digitaux \u00e0 la maison et leur offre ainsi des conditions de travail optimales pour un maintien du service qui n\u2019impacte pas l\u2019adh\u00e9rent.<\/p>\n\n\n\n<h2 class=\"wp-block-heading\">Formations : le \u00ab phygital \u00bb se d\u00e9mocratise<\/h2>\n\n\n\n<p>A mi-chemin entre le physique et le digital, le \u00ab phygital \u00bb ce nouveau mot-valise r\u00e9sume bien la tendance actuelle : pouvoir assister et participer \u00e0 une formation depuis son domicile, en visioconf\u00e9rence, comme de la suivre sur place, dans les locaux de l\u2019ARAPL2CA pour ceux qui le souhaitent, sous r\u00e9serve d\u2019un nombre restreint de participants.<\/p>\n\n\n<a href=\"#\" class=\"_3d-flip-book  fb3d-link-lightbox-mode\" data-id=\"487\" data-mode=\"link-lightbox\" data-title=\"false\" data-template=\"short-white-book-view\" data-lightbox=\"dark\" data-urlparam=\"fb3d-page\" data-page-n=\"0\" data-pdf=\"\" data-tax=\"null\" data-thumbnail=\"\" data-cols=\"3\" data-query=\"\"><img decoding=\"async\" src=\"http:\/\/www.in-magazines.com\/magazine\/wp-content\/uploads\/2021\/05\/btn.jpg\"><\/a>\n","protected":false},"excerpt":{"rendered":"<p>Depuis plus de 40 ans, l&rsquo;organisme de gestion agr&eacute;&eacute; permet aux professionnels lib&eacute;raux (et depuis 2018 aux commer&ccedil;ants et artisans) un accompagnement sans &eacute;quivalent dans la gestion et le d&eacute;veloppement de leur entreprise, assorti d&rsquo;un programme de formation des plus vari&eacute;s. La RSE y a toute sa place, particuli&egrave;rement aupr&egrave;s des collaborateurs, mais elle s&rsquo;inscrit&hellip; <a class=\"more-link\" href=\"https:\/\/www.in-magazines.com\/magazine\/sommaire\/inmagazine-20\/arapl2ca-rse-en-interne-et-aupres-des-adherents\/\">Poursuivre la lecture <span class=\"screen-reader-text\">ARAPL2CA &#8211; RSE : EN INTERNE ET aupr\u00e8s des adh\u00e9rents<\/span><\/a><\/p>\n","protected":false},"author":1,"featured_media":472,"comment_status":"open","ping_status":"open","sticky":false,"template":"","format":"standard","meta":{"footnotes":""},"categories":[5,7],"tags":[88,102,215,589,626],"yoast_head":"<!-- This site is optimized with the Yoast SEO plugin v16.2 - https:\/\/yoast.com\/wordpress\/plugins\/seo\/ -->\n<title>ARAPL2CA - RSE : EN INTERNE ET aupr\u00e8s des adh\u00e9rents - In Magazines<\/title>\n<meta name=\"robots\" content=\"index, follow, max-snippet:-1, max-image-preview:large, max-video-preview:-1\" \/>\n<link rel=\"canonical\" href=\"https:\/\/www.in-magazines.com\/magazine\/sommaire\/inmagazine-20\/arapl2ca-rse-en-interne-et-aupres-des-adherents\/\" \/>\n<meta property=\"og:locale\" content=\"fr_FR\" \/>\n<meta property=\"og:type\" content=\"article\" \/>\n<meta property=\"og:title\" content=\"ARAPL2CA - RSE : EN INTERNE ET aupr\u00e8s des adh\u00e9rents - In Magazines\" \/>\n<meta property=\"og:description\" content=\"Depuis plus de 40 ans, l&rsquo;organisme de gestion agr&eacute;&eacute; permet aux professionnels lib&eacute;raux (et depuis 2018 aux commer&ccedil;ants et artisans) un accompagnement sans &eacute;quivalent dans la gestion et le d&eacute;veloppement de leur entreprise, assorti d&rsquo;un programme de formation des plus vari&eacute;s. La RSE y a toute sa place, particuli&egrave;rement aupr&egrave;s des collaborateurs, mais elle s&rsquo;inscrit&hellip; Poursuivre la lecture ARAPL2CA &#8211; RSE : EN INTERNE ET aupr\u00e8s des adh\u00e9rents\" \/>\n<meta property=\"og:url\" content=\"https:\/\/www.in-magazines.com\/magazine\/sommaire\/inmagazine-20\/arapl2ca-rse-en-interne-et-aupres-des-adherents\/\" \/>\n<meta property=\"og:site_name\" content=\"In Magazines\" \/>\n<meta property=\"article:published_time\" content=\"2021-04-12T08:34:00+00:00\" \/>\n<meta property=\"article:modified_time\" content=\"2021-06-02T13:04:15+00:00\" \/>\n<meta property=\"og:image\" content=\"https:\/\/www.in-magazines.com\/magazine\/wp-content\/uploads\/2021\/05\/img48.jpg\" \/>\n\t<meta property=\"og:image:width\" content=\"481\" \/>\n\t<meta property=\"og:image:height\" content=\"660\" \/>\n<meta name=\"twitter:label1\" content=\"Dur\u00e9e de lecture est.\">\n\t<meta name=\"twitter:data1\" content=\"2 minutes\">\n<script type=\"application\/ld+json\" class=\"yoast-schema-graph\">{\"@context\":\"https:\/\/schema.org\",\"@graph\":[{\"@type\":\"WebSite\",\"@id\":\"https:\/\/www.in-magazines.com\/magazine\/#website\",\"url\":\"https:\/\/www.in-magazines.com\/magazine\/\",\"name\":\"In Magazines\",\"description\":\"\",\"potentialAction\":[{\"@type\":\"SearchAction\",\"target\":\"https:\/\/www.in-magazines.com\/magazine\/?s={search_term_string}\",\"query-input\":\"required name=search_term_string\"}],\"inLanguage\":\"fr-FR\"},{\"@type\":\"ImageObject\",\"@id\":\"https:\/\/www.in-magazines.com\/magazine\/sommaire\/inmagazine-20\/arapl2ca-rse-en-interne-et-aupres-des-adherents\/#primaryimage\",\"inLanguage\":\"fr-FR\",\"url\":\"https:\/\/www.in-magazines.com\/magazine\/wp-content\/uploads\/2021\/05\/img48.jpg\",\"contentUrl\":\"https:\/\/www.in-magazines.com\/magazine\/wp-content\/uploads\/2021\/05\/img48.jpg\",\"width\":481,\"height\":660},{\"@type\":\"WebPage\",\"@id\":\"https:\/\/www.in-magazines.com\/magazine\/sommaire\/inmagazine-20\/arapl2ca-rse-en-interne-et-aupres-des-adherents\/#webpage\",\"url\":\"https:\/\/www.in-magazines.com\/magazine\/sommaire\/inmagazine-20\/arapl2ca-rse-en-interne-et-aupres-des-adherents\/\",\"name\":\"ARAPL2CA - RSE : EN INTERNE ET aupr\\u00e8s des adh\\u00e9rents - In Magazines\",\"isPartOf\":{\"@id\":\"https:\/\/www.in-magazines.com\/magazine\/#website\"},\"primaryImageOfPage\":{\"@id\":\"https:\/\/www.in-magazines.com\/magazine\/sommaire\/inmagazine-20\/arapl2ca-rse-en-interne-et-aupres-des-adherents\/#primaryimage\"},\"datePublished\":\"2021-04-12T08:34:00+00:00\",\"dateModified\":\"2021-06-02T13:04:15+00:00\",\"author\":{\"@id\":\"https:\/\/www.in-magazines.com\/magazine\/#\/schema\/person\/c27e7dabb9a1ef380814bdd5636d07e3\"},\"breadcrumb\":{\"@id\":\"https:\/\/www.in-magazines.com\/magazine\/sommaire\/inmagazine-20\/arapl2ca-rse-en-interne-et-aupres-des-adherents\/#breadcrumb\"},\"inLanguage\":\"fr-FR\",\"potentialAction\":[{\"@type\":\"ReadAction\",\"target\":[\"https:\/\/www.in-magazines.com\/magazine\/sommaire\/inmagazine-20\/arapl2ca-rse-en-interne-et-aupres-des-adherents\/\"]}]},{\"@type\":\"BreadcrumbList\",\"@id\":\"https:\/\/www.in-magazines.com\/magazine\/sommaire\/inmagazine-20\/arapl2ca-rse-en-interne-et-aupres-des-adherents\/#breadcrumb\",\"itemListElement\":[{\"@type\":\"ListItem\",\"position\":1,\"item\":{\"@id\":\"https:\/\/www.in-magazines.com\/magazine\/sommaire\/inmagazine-20\/arapl2ca-rse-en-interne-et-aupres-des-adherents\/#webpage\"}}]},{\"@type\":\"Person\",\"@id\":\"https:\/\/www.in-magazines.com\/magazine\/#\/schema\/person\/c27e7dabb9a1ef380814bdd5636d07e3\",\"name\":\"backinmag\",\"image\":{\"@type\":\"ImageObject\",\"@id\":\"https:\/\/www.in-magazines.com\/magazine\/#personlogo\",\"inLanguage\":\"fr-FR\",\"url\":\"https:\/\/secure.gravatar.com\/avatar\/13a234bb19dc4fd04793d73c3472fbdb?s=96&d=mm&r=g\",\"contentUrl\":\"https:\/\/secure.gravatar.com\/avatar\/13a234bb19dc4fd04793d73c3472fbdb?s=96&d=mm&r=g\",\"caption\":\"backinmag\"},\"sameAs\":[\"http:\/\/www.in-magazines.com\/magazin\"]}]}<\/script>\n<!-- \/ Yoast SEO plugin. -->","_links":{"self":[{"href":"https:\/\/www.in-magazines.com\/magazine\/wp-json\/wp\/v2\/posts\/471"}],"collection":[{"href":"https:\/\/www.in-magazines.com\/magazine\/wp-json\/wp\/v2\/posts"}],"about":[{"href":"https:\/\/www.in-magazines.com\/magazine\/wp-json\/wp\/v2\/types\/post"}],"author":[{"embeddable":true,"href":"https:\/\/www.in-magazines.com\/magazine\/wp-json\/wp\/v2\/users\/1"}],"replies":[{"embeddable":true,"href":"https:\/\/www.in-magazines.com\/magazine\/wp-json\/wp\/v2\/comments?post=471"}],"version-history":[{"count":4,"href":"https:\/\/www.in-magazines.com\/magazine\/wp-json\/wp\/v2\/posts\/471\/revisions"}],"predecessor-version":[{"id":2734,"href":"https:\/\/www.in-magazines.com\/magazine\/wp-json\/wp\/v2\/posts\/471\/revisions\/2734"}],"wp:featuredmedia":[{"embeddable":true,"href":"https:\/\/www.in-magazines.com\/magazine\/wp-json\/wp\/v2\/media\/472"}],"wp:attachment":[{"href":"https:\/\/www.in-magazines.com\/magazine\/wp-json\/wp\/v2\/media?parent=471"}],"wp:term":[{"taxonomy":"category","embeddable":true,"href":"https:\/\/www.in-magazines.com\/magazine\/wp-json\/wp\/v2\/categories?post=471"},{"taxonomy":"post_tag","embeddable":true,"href":"https:\/\/www.in-magazines.com\/magazine\/wp-json\/wp\/v2\/tags?post=471"}],"curies":[{"name":"wp","href":"https:\/\/api.w.org\/{rel}","templated":true}]}}