

{"id":5792,"date":"2018-07-09T12:33:00","date_gmt":"2018-07-09T12:33:00","guid":{"rendered":"https:\/\/www.in-magazines.com\/magazine\/?p=5792"},"modified":"2021-08-09T12:49:16","modified_gmt":"2021-08-09T12:49:16","slug":"chateau-saint-martin-spa-oetker-collection-gastronomie-inspiree","status":"publish","type":"post","link":"https:\/\/www.in-magazines.com\/magazine\/sommaire\/inantipolis-3\/chateau-saint-martin-spa-oetker-collection-gastronomie-inspiree\/","title":{"rendered":"CHATEAU SAINT-MARTIN &#038; amp; SPA Oetker Collection &#8211; Gastronomie inspir\u00e9e"},"content":{"rendered":"\n<p>Quel plus bel \u00e9crin pour accueillir l\u2019inspiration d\u2019un chef \u00e9toil\u00e9 ? Avec sa terrasse panoramique qui offre une vue d\u2019exception sur le littoral azur\u00e9en, le Saint-Martin envo\u00fbte ses convives pour un voyage gastronomique de haut vol.<\/p>\n\n\n\n<p>Le chef ex\u00e9cutif Jean-Luc Lefran\u00e7ois, \u00e9toil\u00e9 par le guide Michelin, y propose une cuisine raffin\u00e9e \u00e0 base de produits nobles dans un restaurant qui allie parfaitement tradition et modernit\u00e9. L\u2019homme d\u00e9finit sa cuisine comme classique, instinctive, raffin\u00e9e, esth\u00e9tique et de saveur franche. C\u00f4t\u00e9 douceurs, Philippe Tayac rejoint l\u2019\u00e9quipe des cuisines en tant que chef p\u00e2tissier, apr\u00e8s une saison d\u2019hiver \u00e0 L\u2019Apog\u00e9e Courchevel, \u00e9tablissement Oetker Collection. Ce jeune prodige des desserts compte d\u00e9j\u00e0 un riche parcours autour du monde et cet esprit voyageur l\u2019inspire : \u00ab Mes multiples voyages m\u2019ont fait d\u00e9couvrir de nouvelles saveurs et de nouvelles fa\u00e7ons de m\u2019adapter au quotidien \u00bb.<\/p>\n\n\n\n<p>L\u2019Oliveraie, adresse d\u2019\u00e9t\u00e9 L\u2019Oliveraie propose une alternative estivale gourmande, dans les jardins de l\u2019\u00e9tablissement, \u00e0 proximit\u00e9 de la piscine et sous l\u2019ombrage des oliviers s\u00e9culaires. On y retrouvera des mets savoureux cuits au barbecue, \u00e0 la r\u00f4tissoire ou encore \u00e0 la plancha. Un four est \u00e9galement \u00e0 disposition, pour des pizzas au feu de bois incomparables. Un restaurant d\u2019\u00e9t\u00e9 qui ouvre au d\u00e9jeuner de mi-mai \u00e0 miseptembre et un lieu romantique et unique pour profiter de la nature autour d\u2019un d\u00e9jeuner en famille ou entre amis.<\/p>\n\n\n\n<h2 class=\"wp-block-heading\">Au menu des Nuits du Ch\u00e2teau Saint-Martin<\/h2>\n\n\n\n<p>Samedi 02 juin &#8211; Conservatoire de Musique de Vence Un r\u00e9pertoire musical interpr\u00e9t\u00e9 par 35 \u00e9l\u00e8ves du Conservatoire de Musique de Vence.<\/p>\n\n\n\n<p>Jeudi 07 juin &#8211; Havana Trova Inspir\u00e9s par Buena Vista Social Club et Los Compadres, Havana Trova est une ode aux plus belles chansons cubaines.<\/p>\n\n\n\n<p>Jeudi 14 juin &#8211; Mafalda Arnauth Auteur et compositeur, elle est la reine incontest\u00e9e du Fado.<\/p>\n\n\n\n<p>Jeudi 21 juin &#8211; Arthur et Lucas Jussen Deux jeunes fr\u00e8res d\u2019origine hollandaise, jouent du piano \u00e0 quatre mains : un programme envo\u00fbtant.<\/p>\n\n\n<a href=\"#\" class=\"_3d-flip-book  fb3d-link-lightbox-mode\" data-id=\"5795\" data-mode=\"link-lightbox\" data-title=\"false\" data-template=\"short-white-book-view\" data-lightbox=\"dark\" data-urlparam=\"fb3d-page\" data-page-n=\"0\" data-pdf=\"\" data-tax=\"null\" data-thumbnail=\"\" data-cols=\"3\" data-query=\"\"><img decoding=\"async\" src=\"http:\/\/www.in-magazines.com\/magazine\/wp-content\/uploads\/2021\/05\/btn.jpg\"><br \/>\n<\/a>\n","protected":false},"excerpt":{"rendered":"<p>Quel plus bel &eacute;crin pour accueillir l&rsquo;inspiration d&rsquo;un chef &eacute;toil&eacute; ? Avec sa terrasse panoramique qui offre une vue d&rsquo;exception sur le littoral azur&eacute;en, le Saint-Martin envo&ucirc;te ses convives pour un voyage gastronomique de haut vol. Le chef ex&eacute;cutif Jean-Luc Lefran&ccedil;ois, &eacute;toil&eacute; par le guide Michelin, y propose une cuisine raffin&eacute;e &agrave; base de produits&hellip; <a class=\"more-link\" href=\"https:\/\/www.in-magazines.com\/magazine\/sommaire\/inantipolis-3\/chateau-saint-martin-spa-oetker-collection-gastronomie-inspiree\/\">Poursuivre la lecture <span class=\"screen-reader-text\">CHATEAU SAINT-MARTIN &#038; amp; SPA Oetker Collection &#8211; Gastronomie inspir\u00e9e<\/span><\/a><\/p>\n","protected":false},"author":1,"featured_media":5798,"comment_status":"open","ping_status":"open","sticky":false,"template":"","format":"standard","meta":{"footnotes":""},"categories":[1370,1361],"tags":[543,936],"yoast_head":"<!-- This site is optimized with the Yoast SEO plugin v16.2 - https:\/\/yoast.com\/wordpress\/plugins\/seo\/ -->\n<title>CHATEAU SAINT-MARTIN &amp; amp; SPA Oetker Collection - Gastronomie inspir\u00e9e - In Magazines<\/title>\n<meta name=\"robots\" content=\"index, follow, max-snippet:-1, max-image-preview:large, max-video-preview:-1\" \/>\n<link rel=\"canonical\" href=\"https:\/\/www.in-magazines.com\/magazine\/sommaire\/inantipolis-3\/chateau-saint-martin-spa-oetker-collection-gastronomie-inspiree\/\" \/>\n<meta property=\"og:locale\" content=\"fr_FR\" \/>\n<meta property=\"og:type\" content=\"article\" \/>\n<meta property=\"og:title\" content=\"CHATEAU SAINT-MARTIN &amp; amp; SPA Oetker Collection - Gastronomie inspir\u00e9e - In Magazines\" \/>\n<meta property=\"og:description\" content=\"Quel plus bel &eacute;crin pour accueillir l&rsquo;inspiration d&rsquo;un chef &eacute;toil&eacute; ? Avec sa terrasse panoramique qui offre une vue d&rsquo;exception sur le littoral azur&eacute;en, le Saint-Martin envo&ucirc;te ses convives pour un voyage gastronomique de haut vol. Le chef ex&eacute;cutif Jean-Luc Lefran&ccedil;ois, &eacute;toil&eacute; par le guide Michelin, y propose une cuisine raffin&eacute;e &agrave; base de produits&hellip; Poursuivre la lecture CHATEAU SAINT-MARTIN &#038; amp; SPA Oetker Collection &#8211; Gastronomie inspir\u00e9e\" \/>\n<meta property=\"og:url\" content=\"https:\/\/www.in-magazines.com\/magazine\/sommaire\/inantipolis-3\/chateau-saint-martin-spa-oetker-collection-gastronomie-inspiree\/\" \/>\n<meta property=\"og:site_name\" content=\"In Magazines\" \/>\n<meta property=\"article:published_time\" content=\"2018-07-09T12:33:00+00:00\" \/>\n<meta property=\"article:modified_time\" content=\"2021-08-09T12:49:16+00:00\" \/>\n<meta property=\"og:image\" content=\"https:\/\/www.in-magazines.com\/magazine\/wp-content\/uploads\/2018\/07\/img38.jpg\" \/>\n\t<meta property=\"og:image:width\" content=\"496\" \/>\n\t<meta property=\"og:image:height\" content=\"326\" \/>\n<meta name=\"twitter:label1\" content=\"Dur\u00e9e de lecture est.\">\n\t<meta name=\"twitter:data1\" content=\"2 minutes\">\n<script type=\"application\/ld+json\" class=\"yoast-schema-graph\">{\"@context\":\"https:\/\/schema.org\",\"@graph\":[{\"@type\":\"WebSite\",\"@id\":\"https:\/\/www.in-magazines.com\/magazine\/#website\",\"url\":\"https:\/\/www.in-magazines.com\/magazine\/\",\"name\":\"In Magazines\",\"description\":\"\",\"potentialAction\":[{\"@type\":\"SearchAction\",\"target\":\"https:\/\/www.in-magazines.com\/magazine\/?s={search_term_string}\",\"query-input\":\"required name=search_term_string\"}],\"inLanguage\":\"fr-FR\"},{\"@type\":\"ImageObject\",\"@id\":\"https:\/\/www.in-magazines.com\/magazine\/sommaire\/inantipolis-3\/chateau-saint-martin-spa-oetker-collection-gastronomie-inspiree\/#primaryimage\",\"inLanguage\":\"fr-FR\",\"url\":\"https:\/\/www.in-magazines.com\/magazine\/wp-content\/uploads\/2018\/07\/img38.jpg\",\"contentUrl\":\"https:\/\/www.in-magazines.com\/magazine\/wp-content\/uploads\/2018\/07\/img38.jpg\",\"width\":496,\"height\":326},{\"@type\":\"WebPage\",\"@id\":\"https:\/\/www.in-magazines.com\/magazine\/sommaire\/inantipolis-3\/chateau-saint-martin-spa-oetker-collection-gastronomie-inspiree\/#webpage\",\"url\":\"https:\/\/www.in-magazines.com\/magazine\/sommaire\/inantipolis-3\/chateau-saint-martin-spa-oetker-collection-gastronomie-inspiree\/\",\"name\":\"CHATEAU SAINT-MARTIN & amp; SPA Oetker Collection - Gastronomie inspir\\u00e9e - In Magazines\",\"isPartOf\":{\"@id\":\"https:\/\/www.in-magazines.com\/magazine\/#website\"},\"primaryImageOfPage\":{\"@id\":\"https:\/\/www.in-magazines.com\/magazine\/sommaire\/inantipolis-3\/chateau-saint-martin-spa-oetker-collection-gastronomie-inspiree\/#primaryimage\"},\"datePublished\":\"2018-07-09T12:33:00+00:00\",\"dateModified\":\"2021-08-09T12:49:16+00:00\",\"author\":{\"@id\":\"https:\/\/www.in-magazines.com\/magazine\/#\/schema\/person\/c27e7dabb9a1ef380814bdd5636d07e3\"},\"breadcrumb\":{\"@id\":\"https:\/\/www.in-magazines.com\/magazine\/sommaire\/inantipolis-3\/chateau-saint-martin-spa-oetker-collection-gastronomie-inspiree\/#breadcrumb\"},\"inLanguage\":\"fr-FR\",\"potentialAction\":[{\"@type\":\"ReadAction\",\"target\":[\"https:\/\/www.in-magazines.com\/magazine\/sommaire\/inantipolis-3\/chateau-saint-martin-spa-oetker-collection-gastronomie-inspiree\/\"]}]},{\"@type\":\"BreadcrumbList\",\"@id\":\"https:\/\/www.in-magazines.com\/magazine\/sommaire\/inantipolis-3\/chateau-saint-martin-spa-oetker-collection-gastronomie-inspiree\/#breadcrumb\",\"itemListElement\":[{\"@type\":\"ListItem\",\"position\":1,\"item\":{\"@id\":\"https:\/\/www.in-magazines.com\/magazine\/sommaire\/inantipolis-3\/chateau-saint-martin-spa-oetker-collection-gastronomie-inspiree\/#webpage\"}}]},{\"@type\":\"Person\",\"@id\":\"https:\/\/www.in-magazines.com\/magazine\/#\/schema\/person\/c27e7dabb9a1ef380814bdd5636d07e3\",\"name\":\"backinmag\",\"image\":{\"@type\":\"ImageObject\",\"@id\":\"https:\/\/www.in-magazines.com\/magazine\/#personlogo\",\"inLanguage\":\"fr-FR\",\"url\":\"https:\/\/secure.gravatar.com\/avatar\/13a234bb19dc4fd04793d73c3472fbdb?s=96&d=mm&r=g\",\"contentUrl\":\"https:\/\/secure.gravatar.com\/avatar\/13a234bb19dc4fd04793d73c3472fbdb?s=96&d=mm&r=g\",\"caption\":\"backinmag\"},\"sameAs\":[\"http:\/\/www.in-magazines.com\/magazin\"]}]}<\/script>\n<!-- \/ Yoast SEO plugin. -->","_links":{"self":[{"href":"https:\/\/www.in-magazines.com\/magazine\/wp-json\/wp\/v2\/posts\/5792"}],"collection":[{"href":"https:\/\/www.in-magazines.com\/magazine\/wp-json\/wp\/v2\/posts"}],"about":[{"href":"https:\/\/www.in-magazines.com\/magazine\/wp-json\/wp\/v2\/types\/post"}],"author":[{"embeddable":true,"href":"https:\/\/www.in-magazines.com\/magazine\/wp-json\/wp\/v2\/users\/1"}],"replies":[{"embeddable":true,"href":"https:\/\/www.in-magazines.com\/magazine\/wp-json\/wp\/v2\/comments?post=5792"}],"version-history":[{"count":4,"href":"https:\/\/www.in-magazines.com\/magazine\/wp-json\/wp\/v2\/posts\/5792\/revisions"}],"predecessor-version":[{"id":5800,"href":"https:\/\/www.in-magazines.com\/magazine\/wp-json\/wp\/v2\/posts\/5792\/revisions\/5800"}],"wp:featuredmedia":[{"embeddable":true,"href":"https:\/\/www.in-magazines.com\/magazine\/wp-json\/wp\/v2\/media\/5798"}],"wp:attachment":[{"href":"https:\/\/www.in-magazines.com\/magazine\/wp-json\/wp\/v2\/media?parent=5792"}],"wp:term":[{"taxonomy":"category","embeddable":true,"href":"https:\/\/www.in-magazines.com\/magazine\/wp-json\/wp\/v2\/categories?post=5792"},{"taxonomy":"post_tag","embeddable":true,"href":"https:\/\/www.in-magazines.com\/magazine\/wp-json\/wp\/v2\/tags?post=5792"}],"curies":[{"name":"wp","href":"https:\/\/api.w.org\/{rel}","templated":true}]}}