

{"id":5814,"date":"2018-05-23T13:10:00","date_gmt":"2018-05-23T13:10:00","guid":{"rendered":"https:\/\/www.in-magazines.com\/magazine\/?p=5814"},"modified":"2021-08-09T13:22:47","modified_gmt":"2021-08-09T13:22:47","slug":"artec-deja-10-annees-pleines-denergie","status":"publish","type":"post","link":"https:\/\/www.in-magazines.com\/magazine\/sommaire\/inantipolis-3\/artec-deja-10-annees-pleines-denergie\/","title":{"rendered":"Artec : d\u00e9j\u00e0 10 ann\u00e9es pleines d\u2019\u00e9nergie"},"content":{"rendered":"\n<p>Seul \u00e9lectricien \u00e0 ses d\u00e9buts lorsqu\u2019il cr\u00e9e sa soci\u00e9t\u00e9 \u00e0 l\u2019\u00e2ge de 21 ans, Beno\u00eet Kerbiguet dirige aujourd\u2019hui 20 personnes au sein du groupe Artec, dont il a consid\u00e9rablement d\u00e9velopp\u00e9 l\u2019activit\u00e9 en respectant deux principes simples mais indispensables \u00e0 son succ\u00e8s : proximit\u00e9 et r\u00e9activit\u00e9.<\/p>\n\n\n\n<p>Aujourd\u2019hui, l\u2019activit\u00e9 se r\u00e9partit principalement en deux d\u00e9partements&nbsp; : Artec Electro (\u00e9lectricit\u00e9 g\u00e9n\u00e9rale et industrielle) et Artec Energie (climatisation, maintenance technique). Bas\u00e9 \u00e0 Sophia Antipolis, B eno\u00eet Kerbiguet accompagn\u00e9 de son associ\u00e9 Nicolas Lansac et leurs \u00e9quipes ont ainsi pu r\u00e9aliser un ensemble de chantiers d\u2019importance, dans la technopole et \u00e0 l\u2019ext\u00e9rieur (Aix, Marseille, Lyon, Bordeaux, Paris\u2026), suivant les n\u00e9cessit\u00e9s de leurs clients : \u00ab Nous avons install\u00e9 le g\u00e9ant chinois Huawei \u00e0 Sophia Antipolis, ce qui nous a ensuite conduit \u00e0 r\u00e9aliser une partie de son datacenter en r\u00e9gion parisienne \u00bb, commente Beno\u00eet Kerbiguet.<\/p>\n\n\n\n<h2 class=\"wp-block-heading\">Grandir sans se disperser Son leitmotiv ?<\/h2>\n\n\n\n<p>Garder la proximit\u00e9 avec ses clients, petits ou grands, avec la m\u00eame r\u00e9activit\u00e9, le m\u00eame haut niveau de service qu\u2019il propose depuis ses d\u00e9buts en 2008, lorsqu\u2019il a commenc\u00e9 seul. Les dix prochaines ann\u00e9es seront consacr\u00e9es \u00e0 ce d\u00e9veloppement, pour continuer de d\u00e9montrer qu\u2019entre un grand groupe qui r\u00e9pond \u00e0 des appels d\u2019offres d\u2019envergure et une TPE qui garde un contact \u00e9troit avec son client, l\u2019interm\u00e9diaire existe et performe !<\/p>\n\n\n\n<h2 class=\"wp-block-heading\">Solution globale<\/h2>\n\n\n\n<p>En proposant une solution globale qui associe comp\u00e9tences en \u00e9lectricit\u00e9 et en climatisation, Artec assure la gestion \u00e9nerg\u00e9tique au sein des b\u00e2timents. Une volont\u00e9 de r\u00e9pondre \u00e0 l\u2019ensemble des probl\u00e9matiques de ses clients qui l\u2019am\u00e8ne aujourd\u2019hui \u00e0 proposer un ensemble de prestations professionnelles, depuis l\u2019impl\u00e9mentation et la mise en place de bureaux jusqu\u2019aux services de maintenance de vos installations. Avec, en ligne de mire, toujours&nbsp;: proximit\u00e9, r\u00e9activit\u00e9 et qualit\u00e9.<\/p>\n\n\n<a href=\"#\" class=\"_3d-flip-book  fb3d-link-lightbox-mode\" data-id=\"5816\" data-mode=\"link-lightbox\" data-title=\"false\" data-template=\"short-white-book-view\" data-lightbox=\"dark\" data-urlparam=\"fb3d-page\" data-page-n=\"0\" data-pdf=\"\" data-tax=\"null\" data-thumbnail=\"\" data-cols=\"3\" data-query=\"\"><img decoding=\"async\" src=\"http:\/\/www.in-magazines.com\/magazine\/wp-content\/uploads\/2021\/05\/btn.jpg\"><br \/>\n<\/a>\n","protected":false},"excerpt":{"rendered":"<p>Seul &eacute;lectricien &agrave; ses d&eacute;buts lorsqu&rsquo;il cr&eacute;e sa soci&eacute;t&eacute; &agrave; l&rsquo;&acirc;ge de 21 ans, Beno&icirc;t Kerbiguet dirige aujourd&rsquo;hui 20 personnes au sein du groupe Artec, dont il a consid&eacute;rablement d&eacute;velopp&eacute; l&rsquo;activit&eacute; en respectant deux principes simples mais indispensables &agrave; son succ&egrave;s : proximit&eacute; et r&eacute;activit&eacute;. Aujourd&rsquo;hui, l&rsquo;activit&eacute; se r&eacute;partit principalement en deux d&eacute;partements&nbsp; : Artec&hellip; <a class=\"more-link\" href=\"https:\/\/www.in-magazines.com\/magazine\/sommaire\/inantipolis-3\/artec-deja-10-annees-pleines-denergie\/\">Poursuivre la lecture <span class=\"screen-reader-text\">Artec : d\u00e9j\u00e0 10 ann\u00e9es pleines d\u2019\u00e9nergie<\/span><\/a><\/p>\n","protected":false},"author":1,"featured_media":5819,"comment_status":"open","ping_status":"open","sticky":false,"template":"","format":"standard","meta":{"footnotes":""},"categories":[4,1361],"tags":[1464,1465],"yoast_head":"<!-- This site is optimized with the Yoast SEO plugin v16.2 - https:\/\/yoast.com\/wordpress\/plugins\/seo\/ -->\n<title>Artec : d\u00e9j\u00e0 10 ann\u00e9es pleines d\u2019\u00e9nergie - In Magazines<\/title>\n<meta name=\"robots\" content=\"index, follow, max-snippet:-1, max-image-preview:large, max-video-preview:-1\" \/>\n<link rel=\"canonical\" href=\"https:\/\/www.in-magazines.com\/magazine\/sommaire\/inantipolis-3\/artec-deja-10-annees-pleines-denergie\/\" \/>\n<meta property=\"og:locale\" content=\"fr_FR\" \/>\n<meta property=\"og:type\" content=\"article\" \/>\n<meta property=\"og:title\" content=\"Artec : d\u00e9j\u00e0 10 ann\u00e9es pleines d\u2019\u00e9nergie - In Magazines\" \/>\n<meta property=\"og:description\" content=\"Seul &eacute;lectricien &agrave; ses d&eacute;buts lorsqu&rsquo;il cr&eacute;e sa soci&eacute;t&eacute; &agrave; l&rsquo;&acirc;ge de 21 ans, Beno&icirc;t Kerbiguet dirige aujourd&rsquo;hui 20 personnes au sein du groupe Artec, dont il a consid&eacute;rablement d&eacute;velopp&eacute; l&rsquo;activit&eacute; en respectant deux principes simples mais indispensables &agrave; son succ&egrave;s : proximit&eacute; et r&eacute;activit&eacute;. Aujourd&rsquo;hui, l&rsquo;activit&eacute; se r&eacute;partit principalement en deux d&eacute;partements&nbsp; : Artec&hellip; Poursuivre la lecture Artec : d\u00e9j\u00e0 10 ann\u00e9es pleines d\u2019\u00e9nergie\" \/>\n<meta property=\"og:url\" content=\"https:\/\/www.in-magazines.com\/magazine\/sommaire\/inantipolis-3\/artec-deja-10-annees-pleines-denergie\/\" \/>\n<meta property=\"og:site_name\" content=\"In Magazines\" \/>\n<meta property=\"article:published_time\" content=\"2018-05-23T13:10:00+00:00\" \/>\n<meta property=\"article:modified_time\" content=\"2021-08-09T13:22:47+00:00\" \/>\n<meta property=\"og:image\" content=\"https:\/\/www.in-magazines.com\/magazine\/wp-content\/uploads\/2018\/05\/img48.jpg\" \/>\n\t<meta property=\"og:image:width\" content=\"357\" \/>\n\t<meta property=\"og:image:height\" content=\"535\" \/>\n<meta name=\"twitter:label1\" content=\"Dur\u00e9e de lecture est.\">\n\t<meta name=\"twitter:data1\" content=\"2 minutes\">\n<script type=\"application\/ld+json\" class=\"yoast-schema-graph\">{\"@context\":\"https:\/\/schema.org\",\"@graph\":[{\"@type\":\"WebSite\",\"@id\":\"https:\/\/www.in-magazines.com\/magazine\/#website\",\"url\":\"https:\/\/www.in-magazines.com\/magazine\/\",\"name\":\"In Magazines\",\"description\":\"\",\"potentialAction\":[{\"@type\":\"SearchAction\",\"target\":\"https:\/\/www.in-magazines.com\/magazine\/?s={search_term_string}\",\"query-input\":\"required name=search_term_string\"}],\"inLanguage\":\"fr-FR\"},{\"@type\":\"ImageObject\",\"@id\":\"https:\/\/www.in-magazines.com\/magazine\/sommaire\/inantipolis-3\/artec-deja-10-annees-pleines-denergie\/#primaryimage\",\"inLanguage\":\"fr-FR\",\"url\":\"https:\/\/www.in-magazines.com\/magazine\/wp-content\/uploads\/2018\/05\/img48.jpg\",\"contentUrl\":\"https:\/\/www.in-magazines.com\/magazine\/wp-content\/uploads\/2018\/05\/img48.jpg\",\"width\":357,\"height\":535},{\"@type\":\"WebPage\",\"@id\":\"https:\/\/www.in-magazines.com\/magazine\/sommaire\/inantipolis-3\/artec-deja-10-annees-pleines-denergie\/#webpage\",\"url\":\"https:\/\/www.in-magazines.com\/magazine\/sommaire\/inantipolis-3\/artec-deja-10-annees-pleines-denergie\/\",\"name\":\"Artec : d\\u00e9j\\u00e0 10 ann\\u00e9es pleines d\\u2019\\u00e9nergie - In Magazines\",\"isPartOf\":{\"@id\":\"https:\/\/www.in-magazines.com\/magazine\/#website\"},\"primaryImageOfPage\":{\"@id\":\"https:\/\/www.in-magazines.com\/magazine\/sommaire\/inantipolis-3\/artec-deja-10-annees-pleines-denergie\/#primaryimage\"},\"datePublished\":\"2018-05-23T13:10:00+00:00\",\"dateModified\":\"2021-08-09T13:22:47+00:00\",\"author\":{\"@id\":\"https:\/\/www.in-magazines.com\/magazine\/#\/schema\/person\/c27e7dabb9a1ef380814bdd5636d07e3\"},\"breadcrumb\":{\"@id\":\"https:\/\/www.in-magazines.com\/magazine\/sommaire\/inantipolis-3\/artec-deja-10-annees-pleines-denergie\/#breadcrumb\"},\"inLanguage\":\"fr-FR\",\"potentialAction\":[{\"@type\":\"ReadAction\",\"target\":[\"https:\/\/www.in-magazines.com\/magazine\/sommaire\/inantipolis-3\/artec-deja-10-annees-pleines-denergie\/\"]}]},{\"@type\":\"BreadcrumbList\",\"@id\":\"https:\/\/www.in-magazines.com\/magazine\/sommaire\/inantipolis-3\/artec-deja-10-annees-pleines-denergie\/#breadcrumb\",\"itemListElement\":[{\"@type\":\"ListItem\",\"position\":1,\"item\":{\"@id\":\"https:\/\/www.in-magazines.com\/magazine\/sommaire\/inantipolis-3\/artec-deja-10-annees-pleines-denergie\/#webpage\"}}]},{\"@type\":\"Person\",\"@id\":\"https:\/\/www.in-magazines.com\/magazine\/#\/schema\/person\/c27e7dabb9a1ef380814bdd5636d07e3\",\"name\":\"backinmag\",\"image\":{\"@type\":\"ImageObject\",\"@id\":\"https:\/\/www.in-magazines.com\/magazine\/#personlogo\",\"inLanguage\":\"fr-FR\",\"url\":\"https:\/\/secure.gravatar.com\/avatar\/13a234bb19dc4fd04793d73c3472fbdb?s=96&d=mm&r=g\",\"contentUrl\":\"https:\/\/secure.gravatar.com\/avatar\/13a234bb19dc4fd04793d73c3472fbdb?s=96&d=mm&r=g\",\"caption\":\"backinmag\"},\"sameAs\":[\"http:\/\/www.in-magazines.com\/magazin\"]}]}<\/script>\n<!-- \/ Yoast SEO plugin. -->","_links":{"self":[{"href":"https:\/\/www.in-magazines.com\/magazine\/wp-json\/wp\/v2\/posts\/5814"}],"collection":[{"href":"https:\/\/www.in-magazines.com\/magazine\/wp-json\/wp\/v2\/posts"}],"about":[{"href":"https:\/\/www.in-magazines.com\/magazine\/wp-json\/wp\/v2\/types\/post"}],"author":[{"embeddable":true,"href":"https:\/\/www.in-magazines.com\/magazine\/wp-json\/wp\/v2\/users\/1"}],"replies":[{"embeddable":true,"href":"https:\/\/www.in-magazines.com\/magazine\/wp-json\/wp\/v2\/comments?post=5814"}],"version-history":[{"count":5,"href":"https:\/\/www.in-magazines.com\/magazine\/wp-json\/wp\/v2\/posts\/5814\/revisions"}],"predecessor-version":[{"id":5822,"href":"https:\/\/www.in-magazines.com\/magazine\/wp-json\/wp\/v2\/posts\/5814\/revisions\/5822"}],"wp:featuredmedia":[{"embeddable":true,"href":"https:\/\/www.in-magazines.com\/magazine\/wp-json\/wp\/v2\/media\/5819"}],"wp:attachment":[{"href":"https:\/\/www.in-magazines.com\/magazine\/wp-json\/wp\/v2\/media?parent=5814"}],"wp:term":[{"taxonomy":"category","embeddable":true,"href":"https:\/\/www.in-magazines.com\/magazine\/wp-json\/wp\/v2\/categories?post=5814"},{"taxonomy":"post_tag","embeddable":true,"href":"https:\/\/www.in-magazines.com\/magazine\/wp-json\/wp\/v2\/tags?post=5814"}],"curies":[{"name":"wp","href":"https:\/\/api.w.org\/{rel}","templated":true}]}}