

{"id":5839,"date":"2018-05-21T05:57:00","date_gmt":"2018-05-21T05:57:00","guid":{"rendered":"https:\/\/www.in-magazines.com\/magazine\/?p=5839"},"modified":"2021-08-10T06:07:57","modified_gmt":"2021-08-10T06:07:57","slug":"mip-dix-ans-de-fragrances","status":"publish","type":"post","link":"https:\/\/www.in-magazines.com\/magazine\/sommaire\/inantipolis-2\/mip-dix-ans-de-fragrances\/","title":{"rendered":"MIP : dix ans de fragrances"},"content":{"rendered":"\n<p>S\u2019il est un embl\u00e8me culturel et industriel de Grasse, le MIP, cr\u00e9\u00e9 en 1989, r\u00e9nov\u00e9 en 2008 est un mus\u00e9e unique au monde qui s\u2019inscrit sur le territoire embl\u00e9matique du Pays de Grasse, berceau de la parfumerie de luxe dont la France a \u00e9t\u00e9 l\u2019initiatrice.<\/p>\n\n\n\n<p>Labellis\u00e9 \u00ab Mus\u00e9e de France \u00bb, le Mus\u00e9e International de la Parfumerie permet aux visiteurs de d\u00e9couvrir l\u2019histoire et l\u2019originalit\u00e9 du m\u00e9tier des industriels et des grandes Maisons de parfumerie. V\u00e9ritable t\u00e9moignage de l\u2019histoire des civilisations et des techniques li\u00e9es \u00e0 l\u2019usage des senteurs, le mus\u00e9e aborde par une approche anthropologique l\u2019histoire des fragrances sous tous ses aspects, mati\u00e8res premi\u00e8res, industrie, design ; mais aussi ses nombreux usages \u00e0 travers les arts d\u00e9coratifs, les t\u00e9moignages arch\u00e9ologiques ou mat\u00e9riels industriels.<\/p>\n\n\n\n<h2 class=\"wp-block-heading\">2008 &#8211; 2018 : 10 ans<\/h2>\n\n\n\n<p>La r\u00e9ouverture du Mus\u00e9e International de la Parfumerie r\u00e9nov\u00e9 et agrandi en octobre 2008 est l\u2019aboutissement heureux d\u2019un projet qui, durant des ann\u00e9es, a mobilis\u00e9 Grasse et son territoire autour de la parfumerie, h\u00e9ritage s\u00e9culaire. Lieu de d\u00e9couverte et d\u2019initiation ouvert \u00e0 tous les publics, le MIP vous invite cette ann\u00e9e \u00e0 comm\u00e9morer le dixi\u00e8me anniversaire de sa r\u00e9novation et de son extension avec des nouveaut\u00e9s et des \u00e9v\u00e9nements exceptionnels tout au long de l\u2019ann\u00e9e 2018.<\/p>\n\n\n\n<h2 class=\"wp-block-heading\">Des nouveaut\u00e9s \u00e0 d\u00e9couvrir<\/h2>\n\n\n\n<p>Un nouvel espace est inaugur\u00e9 sur la th\u00e9matique \u00ab Comment fabrique-t-on le parfum aujourd\u2019hui&nbsp;: de la plante au produit fini \u00bb. Les diff\u00e9rentes \u00e9tapes seront abord\u00e9es \u00e0 travers les diff\u00e9rentes professions. De m\u00eame, 10 rencontres avec des professionnels de la cr\u00e9ation en parfumerie sont pr\u00e9vues, ainsi que 3 expositions temporaires, dont la premi\u00e8re d\u00e9bute le 25 mai : \u00ab Armand Scholt\u00e8s, jardinier des formes \u00bb. Enfin, plusieurs r\u00e9novations sont pr\u00e9vues : les salles de l\u2019Antiquit\u00e9 au MoyenAge et la serre.<\/p>\n\n\n<a href=\"#\" class=\"_3d-flip-book  fb3d-link-lightbox-mode\" data-id=\"5841\" data-mode=\"link-lightbox\" data-title=\"false\" data-template=\"short-white-book-view\" data-lightbox=\"dark\" data-urlparam=\"fb3d-page\" data-page-n=\"0\" data-pdf=\"\" data-tax=\"null\" data-thumbnail=\"\" data-cols=\"3\" data-query=\"\"><img decoding=\"async\" src=\"http:\/\/www.in-magazines.com\/magazine\/wp-content\/uploads\/2021\/05\/btn.jpg\"><\/a>\n","protected":false},"excerpt":{"rendered":"<p>S&rsquo;il est un embl&egrave;me culturel et industriel de Grasse, le MIP, cr&eacute;&eacute; en 1989, r&eacute;nov&eacute; en 2008 est un mus&eacute;e unique au monde qui s&rsquo;inscrit sur le territoire embl&eacute;matique du Pays de Grasse, berceau de la parfumerie de luxe dont la France a &eacute;t&eacute; l&rsquo;initiatrice. Labellis&eacute; &laquo; Mus&eacute;e de France &raquo;, le Mus&eacute;e International de&hellip; <a class=\"more-link\" href=\"https:\/\/www.in-magazines.com\/magazine\/sommaire\/inantipolis-2\/mip-dix-ans-de-fragrances\/\">Poursuivre la lecture <span class=\"screen-reader-text\">MIP : dix ans de fragrances<\/span><\/a><\/p>\n","protected":false},"author":1,"featured_media":5844,"comment_status":"open","ping_status":"open","sticky":false,"template":"","format":"standard","meta":{"footnotes":""},"categories":[61,1366],"tags":[1336,1466],"yoast_head":"<!-- This site is optimized with the Yoast SEO plugin v16.2 - https:\/\/yoast.com\/wordpress\/plugins\/seo\/ -->\n<title>MIP : dix ans de fragrances - In Magazines<\/title>\n<meta name=\"robots\" content=\"index, follow, max-snippet:-1, max-image-preview:large, max-video-preview:-1\" \/>\n<link rel=\"canonical\" href=\"https:\/\/www.in-magazines.com\/magazine\/sommaire\/inantipolis-2\/mip-dix-ans-de-fragrances\/\" \/>\n<meta property=\"og:locale\" content=\"fr_FR\" \/>\n<meta property=\"og:type\" content=\"article\" \/>\n<meta property=\"og:title\" content=\"MIP : dix ans de fragrances - In Magazines\" \/>\n<meta property=\"og:description\" content=\"S&rsquo;il est un embl&egrave;me culturel et industriel de Grasse, le MIP, cr&eacute;&eacute; en 1989, r&eacute;nov&eacute; en 2008 est un mus&eacute;e unique au monde qui s&rsquo;inscrit sur le territoire embl&eacute;matique du Pays de Grasse, berceau de la parfumerie de luxe dont la France a &eacute;t&eacute; l&rsquo;initiatrice. Labellis&eacute; &laquo; Mus&eacute;e de France &raquo;, le Mus&eacute;e International de&hellip; Poursuivre la lecture MIP : dix ans de fragrances\" \/>\n<meta property=\"og:url\" content=\"https:\/\/www.in-magazines.com\/magazine\/sommaire\/inantipolis-2\/mip-dix-ans-de-fragrances\/\" \/>\n<meta property=\"og:site_name\" content=\"In Magazines\" \/>\n<meta property=\"article:published_time\" content=\"2018-05-21T05:57:00+00:00\" \/>\n<meta property=\"article:modified_time\" content=\"2021-08-10T06:07:57+00:00\" \/>\n<meta property=\"og:image\" content=\"https:\/\/www.in-magazines.com\/magazine\/wp-content\/uploads\/2018\/05\/img41.jpg\" \/>\n\t<meta property=\"og:image:width\" content=\"772\" \/>\n\t<meta property=\"og:image:height\" content=\"547\" \/>\n<meta name=\"twitter:label1\" content=\"Dur\u00e9e de lecture est.\">\n\t<meta name=\"twitter:data1\" content=\"2 minutes\">\n<script type=\"application\/ld+json\" class=\"yoast-schema-graph\">{\"@context\":\"https:\/\/schema.org\",\"@graph\":[{\"@type\":\"WebSite\",\"@id\":\"https:\/\/www.in-magazines.com\/magazine\/#website\",\"url\":\"https:\/\/www.in-magazines.com\/magazine\/\",\"name\":\"In Magazines\",\"description\":\"\",\"potentialAction\":[{\"@type\":\"SearchAction\",\"target\":\"https:\/\/www.in-magazines.com\/magazine\/?s={search_term_string}\",\"query-input\":\"required name=search_term_string\"}],\"inLanguage\":\"fr-FR\"},{\"@type\":\"ImageObject\",\"@id\":\"https:\/\/www.in-magazines.com\/magazine\/sommaire\/inantipolis-2\/mip-dix-ans-de-fragrances\/#primaryimage\",\"inLanguage\":\"fr-FR\",\"url\":\"https:\/\/www.in-magazines.com\/magazine\/wp-content\/uploads\/2018\/05\/img41.jpg\",\"contentUrl\":\"https:\/\/www.in-magazines.com\/magazine\/wp-content\/uploads\/2018\/05\/img41.jpg\",\"width\":772,\"height\":547},{\"@type\":\"WebPage\",\"@id\":\"https:\/\/www.in-magazines.com\/magazine\/sommaire\/inantipolis-2\/mip-dix-ans-de-fragrances\/#webpage\",\"url\":\"https:\/\/www.in-magazines.com\/magazine\/sommaire\/inantipolis-2\/mip-dix-ans-de-fragrances\/\",\"name\":\"MIP : dix ans de fragrances - In Magazines\",\"isPartOf\":{\"@id\":\"https:\/\/www.in-magazines.com\/magazine\/#website\"},\"primaryImageOfPage\":{\"@id\":\"https:\/\/www.in-magazines.com\/magazine\/sommaire\/inantipolis-2\/mip-dix-ans-de-fragrances\/#primaryimage\"},\"datePublished\":\"2018-05-21T05:57:00+00:00\",\"dateModified\":\"2021-08-10T06:07:57+00:00\",\"author\":{\"@id\":\"https:\/\/www.in-magazines.com\/magazine\/#\/schema\/person\/c27e7dabb9a1ef380814bdd5636d07e3\"},\"breadcrumb\":{\"@id\":\"https:\/\/www.in-magazines.com\/magazine\/sommaire\/inantipolis-2\/mip-dix-ans-de-fragrances\/#breadcrumb\"},\"inLanguage\":\"fr-FR\",\"potentialAction\":[{\"@type\":\"ReadAction\",\"target\":[\"https:\/\/www.in-magazines.com\/magazine\/sommaire\/inantipolis-2\/mip-dix-ans-de-fragrances\/\"]}]},{\"@type\":\"BreadcrumbList\",\"@id\":\"https:\/\/www.in-magazines.com\/magazine\/sommaire\/inantipolis-2\/mip-dix-ans-de-fragrances\/#breadcrumb\",\"itemListElement\":[{\"@type\":\"ListItem\",\"position\":1,\"item\":{\"@id\":\"https:\/\/www.in-magazines.com\/magazine\/sommaire\/inantipolis-2\/mip-dix-ans-de-fragrances\/#webpage\"}}]},{\"@type\":\"Person\",\"@id\":\"https:\/\/www.in-magazines.com\/magazine\/#\/schema\/person\/c27e7dabb9a1ef380814bdd5636d07e3\",\"name\":\"backinmag\",\"image\":{\"@type\":\"ImageObject\",\"@id\":\"https:\/\/www.in-magazines.com\/magazine\/#personlogo\",\"inLanguage\":\"fr-FR\",\"url\":\"https:\/\/secure.gravatar.com\/avatar\/13a234bb19dc4fd04793d73c3472fbdb?s=96&d=mm&r=g\",\"contentUrl\":\"https:\/\/secure.gravatar.com\/avatar\/13a234bb19dc4fd04793d73c3472fbdb?s=96&d=mm&r=g\",\"caption\":\"backinmag\"},\"sameAs\":[\"http:\/\/www.in-magazines.com\/magazin\"]}]}<\/script>\n<!-- \/ Yoast SEO plugin. -->","_links":{"self":[{"href":"https:\/\/www.in-magazines.com\/magazine\/wp-json\/wp\/v2\/posts\/5839"}],"collection":[{"href":"https:\/\/www.in-magazines.com\/magazine\/wp-json\/wp\/v2\/posts"}],"about":[{"href":"https:\/\/www.in-magazines.com\/magazine\/wp-json\/wp\/v2\/types\/post"}],"author":[{"embeddable":true,"href":"https:\/\/www.in-magazines.com\/magazine\/wp-json\/wp\/v2\/users\/1"}],"replies":[{"embeddable":true,"href":"https:\/\/www.in-magazines.com\/magazine\/wp-json\/wp\/v2\/comments?post=5839"}],"version-history":[{"count":4,"href":"https:\/\/www.in-magazines.com\/magazine\/wp-json\/wp\/v2\/posts\/5839\/revisions"}],"predecessor-version":[{"id":5847,"href":"https:\/\/www.in-magazines.com\/magazine\/wp-json\/wp\/v2\/posts\/5839\/revisions\/5847"}],"wp:featuredmedia":[{"embeddable":true,"href":"https:\/\/www.in-magazines.com\/magazine\/wp-json\/wp\/v2\/media\/5844"}],"wp:attachment":[{"href":"https:\/\/www.in-magazines.com\/magazine\/wp-json\/wp\/v2\/media?parent=5839"}],"wp:term":[{"taxonomy":"category","embeddable":true,"href":"https:\/\/www.in-magazines.com\/magazine\/wp-json\/wp\/v2\/categories?post=5839"},{"taxonomy":"post_tag","embeddable":true,"href":"https:\/\/www.in-magazines.com\/magazine\/wp-json\/wp\/v2\/tags?post=5839"}],"curies":[{"name":"wp","href":"https:\/\/api.w.org\/{rel}","templated":true}]}}