

{"id":595,"date":"2021-05-20T05:41:00","date_gmt":"2021-05-20T05:41:00","guid":{"rendered":"https:\/\/www.in-magazines.com\/magazine\/?p=595"},"modified":"2021-06-03T07:03:58","modified_gmt":"2021-06-03T07:03:58","slug":"padel-vers-une-explosion-du-nombre-de-pratiquants","status":"publish","type":"post","link":"https:\/\/www.in-magazines.com\/magazine\/sommaire\/inmagazine-20\/padel-vers-une-explosion-du-nombre-de-pratiquants\/","title":{"rendered":"PADEL &#8211; VERS UNE EXPLOSION du nombre de pratiquants"},"content":{"rendered":"\n<p>Il faut s\u2019attendre \u00e0 une explosion de la pratique du Padel dans la r\u00e9gion. Christian Collange, Pr\u00e9sident de la commission R\u00e9gionale Padel PACA, nous explique les signes avant-coureurs de cette d\u00e9flagration\u2026<\/p>\n\n\n\n<h2 class=\"wp-block-heading\">Christian, pr\u00e9sentez-vous \u00e0 nos lecteurs :<\/h2>\n\n\n\n<p>J\u2019ai commenc\u00e9 par le tennis, c\u2019est devenu une passion aux c\u00f4t\u00e9s de Michel et Louis Borfi ga \u00e0 Eze, je l\u2019ai enseign\u00e9 (BE 2e degr\u00e9), j\u2019\u00e9tais class\u00e9 0, j\u2019ai jou\u00e9 \u00e0 Monaco en coupe Davis, puis j\u2019ai commenc\u00e9 le Padel \u00e0 Eze en 2013, dans le club de Beausoleil que je g\u00e9rais \u00e0 cette \u00e9poque. Aujourd\u2019hui, je suis responsable du marketing en France de la marque espagnole Bull Padel, leader historique de l\u2019\u00e9quipement de Padel depuis pr\u00e8s de 25 ans. J\u2019ai une formation qui s\u2019y pr\u00eate, avec un DEA Marketing. J\u2019ai aussi longtemps g\u00e9r\u00e9 des complexes sportifs comme le club de Cap d\u2019Ail, ou celui de Beau soleil. Ma passion m\u2019am\u00e8ne aussi \u00e0 g\u00e9rer le Pro shop Padel de Monaco et par le bais de ma soci\u00e9t\u00e9 Sun Sports Events \u00e0 organiser des \u00e9v\u00e9nements interentreprises et professionnels autour de ce sport.<\/p>\n\n\n\n<p>Enfin, je viens d\u2019\u00eatre r\u00e9\u00e9lu pour un mandat de 4 ans \u00e0 la t\u00eate de la Commission Ligue PACA Padel pour la FFT<\/p>\n\n\n\n<h2 class=\"wp-block-heading\">Comment \u00e9volue le sport Padel sur la C\u00f4te d\u2019Azur ?<\/h2>\n\n\n\n<p>Ce n\u2019est pas encore l\u2019explosion escompt\u00e9e, mais cela \u00e9volue bien ! Aux c\u00f4t\u00e9s de Gilles Moretton, nouveau pr\u00e9sident de la F\u00e9d\u00e9ration Fran\u00e7aise de Tennis, nous allons mettre en place de nouvelles attributions pour le Padel. L\u2019un des leviers : la mise en place d\u2019une licence \u00ab Padel \u00bb. L\u2019id\u00e9e est de cr\u00e9er une vraie identit\u00e9 au sein de la FFT.<\/p>\n\n\n\n<h2 class=\"wp-block-heading\">Qu\u2019est-ce qui manque pour assister \u00e0 cette \u00ab explosion \u00bb du nombre d\u2019adeptes ?<\/h2>\n\n\n\n<p>En Su\u00e8de, en Italie, d\u2019anciens joueurs de tennis professionnels -et d\u2019autres sports aussi- se sont mis \u00e0 pratiquer avec assiduit\u00e9. C\u2019est tr\u00e8s bon pour l\u2019image ! En France, nous devons encore nous structurer. Et tout d\u2019abord, assurer un bon maillage du territoire. En Ile-de France, en Paca bien s\u00fbr mais aussi en Occitanie, cela fonctionne plut\u00f4t bien, avec une vraie politique sportive orient\u00e9e \u00ab Padel \u00bb, mais il y a beaucoup \u00e0 faire dans certains d\u00e9partements, dont certains n\u2019ont m\u00eame pas un seul terrain disponible, priv\u00e9 comme associatif !<\/p>\n\n\n<a href=\"#\" class=\"_3d-flip-book  fb3d-link-lightbox-mode\" data-id=\"599\" data-mode=\"link-lightbox\" data-title=\"false\" data-template=\"short-white-book-view\" data-lightbox=\"dark\" data-urlparam=\"fb3d-page\" data-page-n=\"0\" data-pdf=\"\" data-tax=\"null\" data-thumbnail=\"\" data-cols=\"3\" data-query=\"\"><img decoding=\"async\" src=\"http:\/\/www.in-magazines.com\/magazine\/wp-content\/uploads\/2021\/05\/btn.jpg\"><\/a>\n\n\n\n<p><\/p>\n","protected":false},"excerpt":{"rendered":"<p>Il faut s&rsquo;attendre &agrave; une explosion de la pratique du Padel dans la r&eacute;gion. Christian Collange, Pr&eacute;sident de la commission R&eacute;gionale Padel PACA, nous explique les signes avant-coureurs de cette d&eacute;flagration&hellip; Christian, pr&eacute;sentez-vous &agrave; nos lecteurs : J&rsquo;ai commenc&eacute; par le tennis, c&rsquo;est devenu une passion aux c&ocirc;t&eacute;s de Michel et Louis Borfi ga &agrave;&hellip; <a class=\"more-link\" href=\"https:\/\/www.in-magazines.com\/magazine\/sommaire\/inmagazine-20\/padel-vers-une-explosion-du-nombre-de-pratiquants\/\">Poursuivre la lecture <span class=\"screen-reader-text\">PADEL &#8211; VERS UNE EXPLOSION du nombre de pratiquants<\/span><\/a><\/p>\n","protected":false},"author":1,"featured_media":669,"comment_status":"open","ping_status":"open","sticky":false,"template":"","format":"standard","meta":{"footnotes":""},"categories":[30,7],"tags":[162,165,744,808,809],"yoast_head":"<!-- This site is optimized with the Yoast SEO plugin v16.2 - https:\/\/yoast.com\/wordpress\/plugins\/seo\/ -->\n<title>PADEL - VERS UNE EXPLOSION du nombre de pratiquants - In Magazines<\/title>\n<meta name=\"robots\" content=\"index, follow, max-snippet:-1, max-image-preview:large, max-video-preview:-1\" \/>\n<link rel=\"canonical\" href=\"https:\/\/www.in-magazines.com\/magazine\/sommaire\/inmagazine-20\/padel-vers-une-explosion-du-nombre-de-pratiquants\/\" \/>\n<meta property=\"og:locale\" content=\"fr_FR\" \/>\n<meta property=\"og:type\" content=\"article\" \/>\n<meta property=\"og:title\" content=\"PADEL - VERS UNE EXPLOSION du nombre de pratiquants - In Magazines\" \/>\n<meta property=\"og:description\" content=\"Il faut s&rsquo;attendre &agrave; une explosion de la pratique du Padel dans la r&eacute;gion. Christian Collange, Pr&eacute;sident de la commission R&eacute;gionale Padel PACA, nous explique les signes avant-coureurs de cette d&eacute;flagration&hellip; Christian, pr&eacute;sentez-vous &agrave; nos lecteurs : J&rsquo;ai commenc&eacute; par le tennis, c&rsquo;est devenu une passion aux c&ocirc;t&eacute;s de Michel et Louis Borfi ga &agrave;&hellip; Poursuivre la lecture PADEL &#8211; VERS UNE EXPLOSION du nombre de pratiquants\" \/>\n<meta property=\"og:url\" content=\"https:\/\/www.in-magazines.com\/magazine\/sommaire\/inmagazine-20\/padel-vers-une-explosion-du-nombre-de-pratiquants\/\" \/>\n<meta property=\"og:site_name\" content=\"In Magazines\" \/>\n<meta property=\"article:published_time\" content=\"2021-05-20T05:41:00+00:00\" \/>\n<meta property=\"article:modified_time\" content=\"2021-06-03T07:03:58+00:00\" \/>\n<meta property=\"og:image\" content=\"https:\/\/www.in-magazines.com\/magazine\/wp-content\/uploads\/2021\/05\/img45.jpg\" \/>\n\t<meta property=\"og:image:width\" content=\"499\" \/>\n\t<meta property=\"og:image:height\" content=\"688\" \/>\n<meta name=\"twitter:label1\" content=\"Dur\u00e9e de lecture est.\">\n\t<meta name=\"twitter:data1\" content=\"2 minutes\">\n<script type=\"application\/ld+json\" class=\"yoast-schema-graph\">{\"@context\":\"https:\/\/schema.org\",\"@graph\":[{\"@type\":\"WebSite\",\"@id\":\"https:\/\/www.in-magazines.com\/magazine\/#website\",\"url\":\"https:\/\/www.in-magazines.com\/magazine\/\",\"name\":\"In Magazines\",\"description\":\"\",\"potentialAction\":[{\"@type\":\"SearchAction\",\"target\":\"https:\/\/www.in-magazines.com\/magazine\/?s={search_term_string}\",\"query-input\":\"required name=search_term_string\"}],\"inLanguage\":\"fr-FR\"},{\"@type\":\"ImageObject\",\"@id\":\"https:\/\/www.in-magazines.com\/magazine\/sommaire\/inmagazine-20\/padel-vers-une-explosion-du-nombre-de-pratiquants\/#primaryimage\",\"inLanguage\":\"fr-FR\",\"url\":\"https:\/\/www.in-magazines.com\/magazine\/wp-content\/uploads\/2021\/05\/img45.jpg\",\"contentUrl\":\"https:\/\/www.in-magazines.com\/magazine\/wp-content\/uploads\/2021\/05\/img45.jpg\",\"width\":499,\"height\":688},{\"@type\":\"WebPage\",\"@id\":\"https:\/\/www.in-magazines.com\/magazine\/sommaire\/inmagazine-20\/padel-vers-une-explosion-du-nombre-de-pratiquants\/#webpage\",\"url\":\"https:\/\/www.in-magazines.com\/magazine\/sommaire\/inmagazine-20\/padel-vers-une-explosion-du-nombre-de-pratiquants\/\",\"name\":\"PADEL - VERS UNE EXPLOSION du nombre de pratiquants - In Magazines\",\"isPartOf\":{\"@id\":\"https:\/\/www.in-magazines.com\/magazine\/#website\"},\"primaryImageOfPage\":{\"@id\":\"https:\/\/www.in-magazines.com\/magazine\/sommaire\/inmagazine-20\/padel-vers-une-explosion-du-nombre-de-pratiquants\/#primaryimage\"},\"datePublished\":\"2021-05-20T05:41:00+00:00\",\"dateModified\":\"2021-06-03T07:03:58+00:00\",\"author\":{\"@id\":\"https:\/\/www.in-magazines.com\/magazine\/#\/schema\/person\/c27e7dabb9a1ef380814bdd5636d07e3\"},\"breadcrumb\":{\"@id\":\"https:\/\/www.in-magazines.com\/magazine\/sommaire\/inmagazine-20\/padel-vers-une-explosion-du-nombre-de-pratiquants\/#breadcrumb\"},\"inLanguage\":\"fr-FR\",\"potentialAction\":[{\"@type\":\"ReadAction\",\"target\":[\"https:\/\/www.in-magazines.com\/magazine\/sommaire\/inmagazine-20\/padel-vers-une-explosion-du-nombre-de-pratiquants\/\"]}]},{\"@type\":\"BreadcrumbList\",\"@id\":\"https:\/\/www.in-magazines.com\/magazine\/sommaire\/inmagazine-20\/padel-vers-une-explosion-du-nombre-de-pratiquants\/#breadcrumb\",\"itemListElement\":[{\"@type\":\"ListItem\",\"position\":1,\"item\":{\"@id\":\"https:\/\/www.in-magazines.com\/magazine\/sommaire\/inmagazine-20\/padel-vers-une-explosion-du-nombre-de-pratiquants\/#webpage\"}}]},{\"@type\":\"Person\",\"@id\":\"https:\/\/www.in-magazines.com\/magazine\/#\/schema\/person\/c27e7dabb9a1ef380814bdd5636d07e3\",\"name\":\"backinmag\",\"image\":{\"@type\":\"ImageObject\",\"@id\":\"https:\/\/www.in-magazines.com\/magazine\/#personlogo\",\"inLanguage\":\"fr-FR\",\"url\":\"https:\/\/secure.gravatar.com\/avatar\/13a234bb19dc4fd04793d73c3472fbdb?s=96&d=mm&r=g\",\"contentUrl\":\"https:\/\/secure.gravatar.com\/avatar\/13a234bb19dc4fd04793d73c3472fbdb?s=96&d=mm&r=g\",\"caption\":\"backinmag\"},\"sameAs\":[\"http:\/\/www.in-magazines.com\/magazin\"]}]}<\/script>\n<!-- \/ Yoast SEO plugin. -->","_links":{"self":[{"href":"https:\/\/www.in-magazines.com\/magazine\/wp-json\/wp\/v2\/posts\/595"}],"collection":[{"href":"https:\/\/www.in-magazines.com\/magazine\/wp-json\/wp\/v2\/posts"}],"about":[{"href":"https:\/\/www.in-magazines.com\/magazine\/wp-json\/wp\/v2\/types\/post"}],"author":[{"embeddable":true,"href":"https:\/\/www.in-magazines.com\/magazine\/wp-json\/wp\/v2\/users\/1"}],"replies":[{"embeddable":true,"href":"https:\/\/www.in-magazines.com\/magazine\/wp-json\/wp\/v2\/comments?post=595"}],"version-history":[{"count":3,"href":"https:\/\/www.in-magazines.com\/magazine\/wp-json\/wp\/v2\/posts\/595\/revisions"}],"predecessor-version":[{"id":2751,"href":"https:\/\/www.in-magazines.com\/magazine\/wp-json\/wp\/v2\/posts\/595\/revisions\/2751"}],"wp:featuredmedia":[{"embeddable":true,"href":"https:\/\/www.in-magazines.com\/magazine\/wp-json\/wp\/v2\/media\/669"}],"wp:attachment":[{"href":"https:\/\/www.in-magazines.com\/magazine\/wp-json\/wp\/v2\/media?parent=595"}],"wp:term":[{"taxonomy":"category","embeddable":true,"href":"https:\/\/www.in-magazines.com\/magazine\/wp-json\/wp\/v2\/categories?post=595"},{"taxonomy":"post_tag","embeddable":true,"href":"https:\/\/www.in-magazines.com\/magazine\/wp-json\/wp\/v2\/tags?post=595"}],"curies":[{"name":"wp","href":"https:\/\/api.w.org\/{rel}","templated":true}]}}