

{"id":6561,"date":"2021-10-02T10:45:00","date_gmt":"2021-10-02T10:45:00","guid":{"rendered":"https:\/\/www.in-magazines.com\/magazine\/?p=6561"},"modified":"2021-10-06T08:50:00","modified_gmt":"2021-10-06T08:50:00","slug":"mp-production-soignez-votre-image-en-video","status":"publish","type":"post","link":"https:\/\/www.in-magazines.com\/magazine\/categories\/in-le-dossier\/mp-production-soignez-votre-image-en-video\/","title":{"rendered":"MP PRODUCTION &#8211; Soignez votre IMAGE EN VID\u00c9O"},"content":{"rendered":"\n<p>Votre image a besoin d\u2019\u00eatre dynamis\u00e9e ? Vous ne disposez pas d\u2019outil de communication visuelle adapt\u00e9 \u00e0 vos nouveaux projets de d\u00e9veloppement commercial ? Avez-vous pens\u00e9 \u00e0 la vid\u00e9o ?<\/p>\n\n\n\n<p>Pour mettre en valeur les atouts de votre entreprise, de votre activit\u00e9, la vid\u00e9o constitue un outil incontournable sur lequel baser votre communication.<\/p>\n\n\n\n<p>A Sophia Antipolis, Mathieu Pesini, fondateur de MP Production, travaille sur des projets tr\u00e8s diff\u00e9rents\u00a0: un atout qui lui permet de vous proposer des formats vari\u00e9s et inspir\u00e9s, de qualit\u00e9 professionnelle. Vous organisez des plateaux, des conf\u00e9rences, vous projetez de <strong>faire du direct<\/strong> ? Votre entreprise n\u00e9cessite la r\u00e9alisation d\u2019un <strong>documentaire interne,<\/strong> d\u2019un <strong>film publicitaire,<\/strong> d\u2019une <strong>vid\u00e9o de pr\u00e9sentation,<\/strong> d\u2019un <strong>teasing \u00e9v\u00e9nementiel,<\/strong> d\u2019un <strong>clip<\/strong>\u2026 ? MP Production adapte son format \u00e0 tous vos besoins.<\/p>\n\n\n\n<p>Dans les Alpes-Maritimes, son port d\u2019attache, mais aussi en France et \u00e0 l\u2019international, Matthieu accompagne tous vos projets vid\u00e9o et met en sc\u00e8ne votre histoire depuis 2019. La logistique de son infrastructure lui permet une grande r\u00e9activit\u00e9, en phase avec vos contraintes de d\u00e9lais, d\u2019organisation comme de budget. Et sa cr\u00e9ativit\u00e9, sa bonne humeur, s\u2019ajoutent encore \u00e0 ses talents pour que votre projet vid\u00e9o soit r\u00e9ellement \u00e0 votre image. Rencontrez Mathieu pour d\u00e9couvrir son travail et envisager une collaboration.<\/p>\n\n\n<a href=\"#\" class=\"_3d-flip-book  fb3d-link-lightbox-mode\" data-id=\"6564\" data-mode=\"link-lightbox\" data-title=\"false\" data-template=\"short-white-book-view\" data-lightbox=\"dark\" data-urlparam=\"fb3d-page\" data-page-n=\"0\" data-pdf=\"\" data-tax=\"null\" data-thumbnail=\"\" data-cols=\"3\" data-query=\"\"><img decoding=\"async\" src=\"http:\/\/www.in-magazines.com\/magazine\/wp-content\/uploads\/2021\/05\/btn.jpg\"><\/a>\n","protected":false},"excerpt":{"rendered":"<p>Votre image a besoin d&rsquo;&ecirc;tre dynamis&eacute;e ? Vous ne disposez pas d&rsquo;outil de communication visuelle adapt&eacute; &agrave; vos nouveaux projets de d&eacute;veloppement commercial ? Avez-vous pens&eacute; &agrave; la vid&eacute;o ? Pour mettre en valeur les atouts de votre entreprise, de votre activit&eacute;, la vid&eacute;o constitue un outil incontournable sur lequel baser votre communication. A Sophia&hellip; <a class=\"more-link\" href=\"https:\/\/www.in-magazines.com\/magazine\/categories\/in-le-dossier\/mp-production-soignez-votre-image-en-video\/\">Poursuivre la lecture <span class=\"screen-reader-text\">MP PRODUCTION &#8211; Soignez votre IMAGE EN VID\u00c9O<\/span><\/a><\/p>\n","protected":false},"author":1,"featured_media":6562,"comment_status":"open","ping_status":"open","sticky":false,"template":"","format":"standard","meta":{"footnotes":""},"categories":[1516,141],"tags":[31,480],"yoast_head":"<!-- This site is optimized with the Yoast SEO plugin v16.2 - https:\/\/yoast.com\/wordpress\/plugins\/seo\/ -->\n<title>MP PRODUCTION - Soignez votre IMAGE EN VID\u00c9O - In Magazines<\/title>\n<meta name=\"robots\" content=\"index, follow, max-snippet:-1, max-image-preview:large, max-video-preview:-1\" \/>\n<link rel=\"canonical\" href=\"https:\/\/www.in-magazines.com\/magazine\/categories\/in-le-dossier\/mp-production-soignez-votre-image-en-video\/\" \/>\n<meta property=\"og:locale\" content=\"fr_FR\" \/>\n<meta property=\"og:type\" content=\"article\" \/>\n<meta property=\"og:title\" content=\"MP PRODUCTION - Soignez votre IMAGE EN VID\u00c9O - In Magazines\" \/>\n<meta property=\"og:description\" content=\"Votre image a besoin d&rsquo;&ecirc;tre dynamis&eacute;e ? Vous ne disposez pas d&rsquo;outil de communication visuelle adapt&eacute; &agrave; vos nouveaux projets de d&eacute;veloppement commercial ? Avez-vous pens&eacute; &agrave; la vid&eacute;o ? Pour mettre en valeur les atouts de votre entreprise, de votre activit&eacute;, la vid&eacute;o constitue un outil incontournable sur lequel baser votre communication. A Sophia&hellip; Poursuivre la lecture MP PRODUCTION &#8211; Soignez votre IMAGE EN VID\u00c9O\" \/>\n<meta property=\"og:url\" content=\"https:\/\/www.in-magazines.com\/magazine\/categories\/in-le-dossier\/mp-production-soignez-votre-image-en-video\/\" \/>\n<meta property=\"og:site_name\" content=\"In Magazines\" \/>\n<meta property=\"article:published_time\" content=\"2021-10-02T10:45:00+00:00\" \/>\n<meta property=\"article:modified_time\" content=\"2021-10-06T08:50:00+00:00\" \/>\n<meta property=\"og:image\" content=\"https:\/\/www.in-magazines.com\/magazine\/wp-content\/uploads\/2021\/10\/img59-1.jpg\" \/>\n\t<meta property=\"og:image:width\" content=\"270\" \/>\n\t<meta property=\"og:image:height\" content=\"405\" \/>\n<meta name=\"twitter:label1\" content=\"Dur\u00e9e de lecture est.\">\n\t<meta name=\"twitter:data1\" content=\"2 minutes\">\n<script type=\"application\/ld+json\" class=\"yoast-schema-graph\">{\"@context\":\"https:\/\/schema.org\",\"@graph\":[{\"@type\":\"WebSite\",\"@id\":\"https:\/\/www.in-magazines.com\/magazine\/#website\",\"url\":\"https:\/\/www.in-magazines.com\/magazine\/\",\"name\":\"In Magazines\",\"description\":\"\",\"potentialAction\":[{\"@type\":\"SearchAction\",\"target\":\"https:\/\/www.in-magazines.com\/magazine\/?s={search_term_string}\",\"query-input\":\"required name=search_term_string\"}],\"inLanguage\":\"fr-FR\"},{\"@type\":\"ImageObject\",\"@id\":\"https:\/\/www.in-magazines.com\/magazine\/categories\/in-le-dossier\/mp-production-soignez-votre-image-en-video\/#primaryimage\",\"inLanguage\":\"fr-FR\",\"url\":\"https:\/\/www.in-magazines.com\/magazine\/wp-content\/uploads\/2021\/10\/img59-1.jpg\",\"contentUrl\":\"https:\/\/www.in-magazines.com\/magazine\/wp-content\/uploads\/2021\/10\/img59-1.jpg\",\"width\":270,\"height\":405},{\"@type\":\"WebPage\",\"@id\":\"https:\/\/www.in-magazines.com\/magazine\/categories\/in-le-dossier\/mp-production-soignez-votre-image-en-video\/#webpage\",\"url\":\"https:\/\/www.in-magazines.com\/magazine\/categories\/in-le-dossier\/mp-production-soignez-votre-image-en-video\/\",\"name\":\"MP PRODUCTION - Soignez votre IMAGE EN VID\\u00c9O - In Magazines\",\"isPartOf\":{\"@id\":\"https:\/\/www.in-magazines.com\/magazine\/#website\"},\"primaryImageOfPage\":{\"@id\":\"https:\/\/www.in-magazines.com\/magazine\/categories\/in-le-dossier\/mp-production-soignez-votre-image-en-video\/#primaryimage\"},\"datePublished\":\"2021-10-02T10:45:00+00:00\",\"dateModified\":\"2021-10-06T08:50:00+00:00\",\"author\":{\"@id\":\"https:\/\/www.in-magazines.com\/magazine\/#\/schema\/person\/c27e7dabb9a1ef380814bdd5636d07e3\"},\"breadcrumb\":{\"@id\":\"https:\/\/www.in-magazines.com\/magazine\/categories\/in-le-dossier\/mp-production-soignez-votre-image-en-video\/#breadcrumb\"},\"inLanguage\":\"fr-FR\",\"potentialAction\":[{\"@type\":\"ReadAction\",\"target\":[\"https:\/\/www.in-magazines.com\/magazine\/categories\/in-le-dossier\/mp-production-soignez-votre-image-en-video\/\"]}]},{\"@type\":\"BreadcrumbList\",\"@id\":\"https:\/\/www.in-magazines.com\/magazine\/categories\/in-le-dossier\/mp-production-soignez-votre-image-en-video\/#breadcrumb\",\"itemListElement\":[{\"@type\":\"ListItem\",\"position\":1,\"item\":{\"@id\":\"https:\/\/www.in-magazines.com\/magazine\/categories\/in-le-dossier\/mp-production-soignez-votre-image-en-video\/#webpage\"}}]},{\"@type\":\"Person\",\"@id\":\"https:\/\/www.in-magazines.com\/magazine\/#\/schema\/person\/c27e7dabb9a1ef380814bdd5636d07e3\",\"name\":\"backinmag\",\"image\":{\"@type\":\"ImageObject\",\"@id\":\"https:\/\/www.in-magazines.com\/magazine\/#personlogo\",\"inLanguage\":\"fr-FR\",\"url\":\"https:\/\/secure.gravatar.com\/avatar\/13a234bb19dc4fd04793d73c3472fbdb?s=96&d=mm&r=g\",\"contentUrl\":\"https:\/\/secure.gravatar.com\/avatar\/13a234bb19dc4fd04793d73c3472fbdb?s=96&d=mm&r=g\",\"caption\":\"backinmag\"},\"sameAs\":[\"http:\/\/www.in-magazines.com\/magazin\"]}]}<\/script>\n<!-- \/ Yoast SEO plugin. -->","_links":{"self":[{"href":"https:\/\/www.in-magazines.com\/magazine\/wp-json\/wp\/v2\/posts\/6561"}],"collection":[{"href":"https:\/\/www.in-magazines.com\/magazine\/wp-json\/wp\/v2\/posts"}],"about":[{"href":"https:\/\/www.in-magazines.com\/magazine\/wp-json\/wp\/v2\/types\/post"}],"author":[{"embeddable":true,"href":"https:\/\/www.in-magazines.com\/magazine\/wp-json\/wp\/v2\/users\/1"}],"replies":[{"embeddable":true,"href":"https:\/\/www.in-magazines.com\/magazine\/wp-json\/wp\/v2\/comments?post=6561"}],"version-history":[{"count":7,"href":"https:\/\/www.in-magazines.com\/magazine\/wp-json\/wp\/v2\/posts\/6561\/revisions"}],"predecessor-version":[{"id":6829,"href":"https:\/\/www.in-magazines.com\/magazine\/wp-json\/wp\/v2\/posts\/6561\/revisions\/6829"}],"wp:featuredmedia":[{"embeddable":true,"href":"https:\/\/www.in-magazines.com\/magazine\/wp-json\/wp\/v2\/media\/6562"}],"wp:attachment":[{"href":"https:\/\/www.in-magazines.com\/magazine\/wp-json\/wp\/v2\/media?parent=6561"}],"wp:term":[{"taxonomy":"category","embeddable":true,"href":"https:\/\/www.in-magazines.com\/magazine\/wp-json\/wp\/v2\/categories?post=6561"},{"taxonomy":"post_tag","embeddable":true,"href":"https:\/\/www.in-magazines.com\/magazine\/wp-json\/wp\/v2\/tags?post=6561"}],"curies":[{"name":"wp","href":"https:\/\/api.w.org\/{rel}","templated":true}]}}