

{"id":6966,"date":"2021-12-01T10:26:00","date_gmt":"2021-12-01T10:26:00","guid":{"rendered":"https:\/\/www.in-magazines.com\/magazine\/?p=6966"},"modified":"2021-12-01T11:32:22","modified_gmt":"2021-12-01T11:32:22","slug":"cariviera-le-trio-aux-commandes","status":"publish","type":"post","link":"https:\/\/www.in-magazines.com\/magazine\/sommaire\/inmagazine-24\/cariviera-le-trio-aux-commandes\/","title":{"rendered":"CARIVIERA : le trio aux commandes"},"content":{"rendered":"\n<p>Au sein du groupe VGRF (Volkswagen Group Retail France), l\u2019ensemble des concessions Cariviera repr\u00e9sentent un march\u00e9 d\u2019importance strat\u00e9gique. Ils sont les hommes forts du groupe : Laurent Autr\u00e9au en est directeur r\u00e9gional, Christophe Massa dirige CAR \u00e0 Nice et Patrice Relland, Riviera Technic \u00e0 Mougins. Pr\u00e9sentation d\u2019une \u00e9quipe de direction au service des meilleures solutions de mobilit\u00e9 pour les azur\u00e9ens.<\/p>\n\n\n\n<p><strong>LAURENT AUTREAU<\/strong><\/p>\n\n\n\n<p>Laurent Autr\u00e9au, dont le parcours s\u2019\u00e9crit en r\u00e9gion parisienne, a d\u00e9but\u00e9 \u00e0 diff\u00e9rents postes dans les services financiers, toujours dans le milieu automobile. Entre 2000 et 2005, il est amen\u00e9 \u00e0 devenir contr\u00f4leur de gestion pour un groupe r\u00e9gional azur\u00e9en qui compte 15 marques automobiles. Entr\u00e9 dans le giron de Volkswagen France, son r\u00f4le a par la suite \u00e9volu\u00e9 vers la supervision de toutes les activit\u00e9s de VGRF (Volkswagen Group Retail France) pour le sud de la France. Il se d\u00e9finit comme \u00ab cart\u00e9sien et r\u00e9fl\u00e9chi \u00bb, des qualit\u00e9s indispensables pour diriger un p\u00e9rim\u00e8tre qui compte aujourd\u2019hui 500 collaborateurs et se r\u00e9partit sur 14 sites. IL AIME&#8230; Le volley-ball, les voyages (et particuli\u00e8rement les USA)<\/p>\n\n\n\n<p><strong>CHRISTOPHE MASSA<\/strong><\/p>\n\n\n\n<p>Christophe Massa est le r\u00e9gional de l\u2019\u00e9tape : ni\u00e7ois, apr\u00e8s des \u00e9tudes dans le Management strat\u00e9gique des entreprises \u00e0 Montpellier, il \u00e9volue en grand distribution puis dans l\u2019automobile \u00e0 partir de 1996. Pour VGRF, Christophe dirige les marques commerce et Apr\u00e8s-vente pour 5 marques, sur 4 sites et deux labels VO (V\u00e9hicules d\u2019Occasion). Pour mener \u00e0 bien ses missions, en homme de terrain d\u00e9cisionnaire et proche de ses \u00e9quipes, il privil\u00e9gie \u00ab l&rsquo;\u00e9change, l&rsquo;\u00e9coute et la force de proposition. J&rsquo;ai tendance \u00e0 responsabiliser au maximum mes collaborateurs, afin qu&rsquo;ils soient gestionnaires de leur centre de profit \u00bb. IL AIME&#8230; La moto, la gastronomie, le foot et les voyages.<\/p>\n\n\n\n<p><strong>PATRICE RELLAND<\/strong><\/p>\n\n\n\n<p>Passionn\u00e9 par l\u2019automobile, il semblait logique que Patrice Relland y fasse une carri\u00e8re remarqu\u00e9e, d\u00e8s 1998 en r\u00e9gion parisienne, comme vendeur, puis responsable commercial, chef des ventes, avant de devenir responsable du site Riviera Technic de Mougins en 2014 et depuis 2021, directeur des sites de Mandelieu, Antibes et Mougins, pour lesquels il d\u00e9termine la strat\u00e9gie globale, veille \u00e0 sa bonne mise en \u0153uvre tout en manageant et en formant les hommes et femmes de l\u2019entreprise.<\/p>\n\n\n<a href=\"#\" class=\"_3d-flip-book  fb3d-link-lightbox-mode\" data-id=\"6968\" data-mode=\"link-lightbox\" data-title=\"false\" data-template=\"short-white-book-view\" data-lightbox=\"dark\" data-urlparam=\"fb3d-page\" data-page-n=\"0\" data-pdf=\"\" data-tax=\"null\" data-thumbnail=\"\" data-cols=\"3\" data-query=\"\"><img decoding=\"async\" src=\"http:\/\/www.in-magazines.com\/magazine\/wp-content\/uploads\/2021\/05\/btn.jpg\"><\/a>\n","protected":false},"excerpt":{"rendered":"<p>Au sein du groupe VGRF (Volkswagen Group Retail France), l&rsquo;ensemble des concessions Cariviera repr&eacute;sentent un march&eacute; d&rsquo;importance strat&eacute;gique. Ils sont les hommes forts du groupe : Laurent Autr&eacute;au en est directeur r&eacute;gional, Christophe Massa dirige CAR &agrave; Nice et Patrice Relland, Riviera Technic &agrave; Mougins. Pr&eacute;sentation d&rsquo;une &eacute;quipe de direction au service des meilleures solutions&hellip; <a class=\"more-link\" href=\"https:\/\/www.in-magazines.com\/magazine\/sommaire\/inmagazine-24\/cariviera-le-trio-aux-commandes\/\">Poursuivre la lecture <span class=\"screen-reader-text\">CARIVIERA : le trio aux commandes<\/span><\/a><\/p>\n","protected":false},"author":1,"featured_media":6971,"comment_status":"open","ping_status":"open","sticky":false,"template":"","format":"standard","meta":{"footnotes":""},"categories":[455,1519],"tags":[289,1531],"yoast_head":"<!-- This site is optimized with the Yoast SEO plugin v16.2 - https:\/\/yoast.com\/wordpress\/plugins\/seo\/ -->\n<title>CARIVIERA : le trio aux commandes - In Magazines<\/title>\n<meta name=\"robots\" content=\"index, follow, max-snippet:-1, max-image-preview:large, max-video-preview:-1\" \/>\n<link rel=\"canonical\" href=\"https:\/\/www.in-magazines.com\/magazine\/categories\/portraits\/cariviera-le-trio-aux-commandes\/\" \/>\n<meta property=\"og:locale\" content=\"fr_FR\" \/>\n<meta property=\"og:type\" content=\"article\" \/>\n<meta property=\"og:title\" content=\"CARIVIERA : le trio aux commandes - In Magazines\" \/>\n<meta property=\"og:description\" content=\"Au sein du groupe VGRF (Volkswagen Group Retail France), l&rsquo;ensemble des concessions Cariviera repr&eacute;sentent un march&eacute; d&rsquo;importance strat&eacute;gique. Ils sont les hommes forts du groupe : Laurent Autr&eacute;au en est directeur r&eacute;gional, Christophe Massa dirige CAR &agrave; Nice et Patrice Relland, Riviera Technic &agrave; Mougins. Pr&eacute;sentation d&rsquo;une &eacute;quipe de direction au service des meilleures solutions&hellip; Poursuivre la lecture CARIVIERA : le trio aux commandes\" \/>\n<meta property=\"og:url\" content=\"https:\/\/www.in-magazines.com\/magazine\/categories\/portraits\/cariviera-le-trio-aux-commandes\/\" \/>\n<meta property=\"og:site_name\" content=\"In Magazines\" \/>\n<meta property=\"article:published_time\" content=\"2021-12-01T10:26:00+00:00\" \/>\n<meta property=\"article:modified_time\" content=\"2021-12-01T11:32:22+00:00\" \/>\n<meta property=\"og:image\" content=\"https:\/\/www.in-magazines.com\/magazine\/wp-content\/uploads\/2021\/11\/magazine_og.jpg\" \/>\n\t<meta property=\"og:image:width\" content=\"1000\" \/>\n\t<meta property=\"og:image:height\" content=\"523\" \/>\n<meta name=\"twitter:label1\" content=\"Dur\u00e9e de lecture est.\">\n\t<meta name=\"twitter:data1\" content=\"2 minutes\">\n<script type=\"application\/ld+json\" class=\"yoast-schema-graph\">{\"@context\":\"https:\/\/schema.org\",\"@graph\":[{\"@type\":\"WebSite\",\"@id\":\"https:\/\/www.in-magazines.com\/magazine\/#website\",\"url\":\"https:\/\/www.in-magazines.com\/magazine\/\",\"name\":\"In Magazines\",\"description\":\"\",\"potentialAction\":[{\"@type\":\"SearchAction\",\"target\":\"https:\/\/www.in-magazines.com\/magazine\/?s={search_term_string}\",\"query-input\":\"required name=search_term_string\"}],\"inLanguage\":\"fr-FR\"},{\"@type\":\"ImageObject\",\"@id\":\"https:\/\/www.in-magazines.com\/magazine\/categories\/portraits\/cariviera-le-trio-aux-commandes\/#primaryimage\",\"inLanguage\":\"fr-FR\",\"url\":\"https:\/\/www.in-magazines.com\/magazine\/wp-content\/uploads\/2021\/12\/CARIVIERA-le-trio-aux-commandes-1-pdf.jpg\",\"contentUrl\":\"https:\/\/www.in-magazines.com\/magazine\/wp-content\/uploads\/2021\/12\/CARIVIERA-le-trio-aux-commandes-1-pdf.jpg\"},{\"@type\":\"WebPage\",\"@id\":\"https:\/\/www.in-magazines.com\/magazine\/categories\/portraits\/cariviera-le-trio-aux-commandes\/#webpage\",\"url\":\"https:\/\/www.in-magazines.com\/magazine\/categories\/portraits\/cariviera-le-trio-aux-commandes\/\",\"name\":\"CARIVIERA : le trio aux commandes - In Magazines\",\"isPartOf\":{\"@id\":\"https:\/\/www.in-magazines.com\/magazine\/#website\"},\"primaryImageOfPage\":{\"@id\":\"https:\/\/www.in-magazines.com\/magazine\/categories\/portraits\/cariviera-le-trio-aux-commandes\/#primaryimage\"},\"datePublished\":\"2021-12-01T10:26:00+00:00\",\"dateModified\":\"2021-12-01T11:32:22+00:00\",\"author\":{\"@id\":\"https:\/\/www.in-magazines.com\/magazine\/#\/schema\/person\/c27e7dabb9a1ef380814bdd5636d07e3\"},\"breadcrumb\":{\"@id\":\"https:\/\/www.in-magazines.com\/magazine\/categories\/portraits\/cariviera-le-trio-aux-commandes\/#breadcrumb\"},\"inLanguage\":\"fr-FR\",\"potentialAction\":[{\"@type\":\"ReadAction\",\"target\":[\"https:\/\/www.in-magazines.com\/magazine\/categories\/portraits\/cariviera-le-trio-aux-commandes\/\"]}]},{\"@type\":\"BreadcrumbList\",\"@id\":\"https:\/\/www.in-magazines.com\/magazine\/categories\/portraits\/cariviera-le-trio-aux-commandes\/#breadcrumb\",\"itemListElement\":[{\"@type\":\"ListItem\",\"position\":1,\"item\":{\"@id\":\"https:\/\/www.in-magazines.com\/magazine\/categories\/portraits\/cariviera-le-trio-aux-commandes\/#webpage\"}}]},{\"@type\":\"Person\",\"@id\":\"https:\/\/www.in-magazines.com\/magazine\/#\/schema\/person\/c27e7dabb9a1ef380814bdd5636d07e3\",\"name\":\"backinmag\",\"image\":{\"@type\":\"ImageObject\",\"@id\":\"https:\/\/www.in-magazines.com\/magazine\/#personlogo\",\"inLanguage\":\"fr-FR\",\"url\":\"https:\/\/secure.gravatar.com\/avatar\/13a234bb19dc4fd04793d73c3472fbdb?s=96&d=mm&r=g\",\"contentUrl\":\"https:\/\/secure.gravatar.com\/avatar\/13a234bb19dc4fd04793d73c3472fbdb?s=96&d=mm&r=g\",\"caption\":\"backinmag\"},\"sameAs\":[\"http:\/\/www.in-magazines.com\/magazin\"]}]}<\/script>\n<!-- \/ Yoast SEO plugin. -->","_links":{"self":[{"href":"https:\/\/www.in-magazines.com\/magazine\/wp-json\/wp\/v2\/posts\/6966"}],"collection":[{"href":"https:\/\/www.in-magazines.com\/magazine\/wp-json\/wp\/v2\/posts"}],"about":[{"href":"https:\/\/www.in-magazines.com\/magazine\/wp-json\/wp\/v2\/types\/post"}],"author":[{"embeddable":true,"href":"https:\/\/www.in-magazines.com\/magazine\/wp-json\/wp\/v2\/users\/1"}],"replies":[{"embeddable":true,"href":"https:\/\/www.in-magazines.com\/magazine\/wp-json\/wp\/v2\/comments?post=6966"}],"version-history":[{"count":6,"href":"https:\/\/www.in-magazines.com\/magazine\/wp-json\/wp\/v2\/posts\/6966\/revisions"}],"predecessor-version":[{"id":7201,"href":"https:\/\/www.in-magazines.com\/magazine\/wp-json\/wp\/v2\/posts\/6966\/revisions\/7201"}],"wp:featuredmedia":[{"embeddable":true,"href":"https:\/\/www.in-magazines.com\/magazine\/wp-json\/wp\/v2\/media\/6971"}],"wp:attachment":[{"href":"https:\/\/www.in-magazines.com\/magazine\/wp-json\/wp\/v2\/media?parent=6966"}],"wp:term":[{"taxonomy":"category","embeddable":true,"href":"https:\/\/www.in-magazines.com\/magazine\/wp-json\/wp\/v2\/categories?post=6966"},{"taxonomy":"post_tag","embeddable":true,"href":"https:\/\/www.in-magazines.com\/magazine\/wp-json\/wp\/v2\/tags?post=6966"}],"curies":[{"name":"wp","href":"https:\/\/api.w.org\/{rel}","templated":true}]}}