

{"id":7248,"date":"2021-12-01T10:01:00","date_gmt":"2021-12-01T10:01:00","guid":{"rendered":"https:\/\/www.in-magazines.com\/magazine\/?p=7248"},"modified":"2021-12-01T11:39:48","modified_gmt":"2021-12-01T11:39:48","slug":"bymycar-flex-labonnement-auto-sans-engagement-en-toute-liberte","status":"publish","type":"post","link":"https:\/\/www.in-magazines.com\/magazine\/sommaire\/inmagazine-24\/bymycar-flex-labonnement-auto-sans-engagement-en-toute-liberte\/","title":{"rendered":"BYMYCAR FLEX : l\u2019abonnement auto sans engagement, en toute libert\u00e9 !"},"content":{"rendered":"\n<p>BYmyCAR, pionnier de l&rsquo;innovation sur les questions de mobilit\u00e9, lance l&rsquo;abonnement auto, sans engagement et sans apport : une r\u00e9volution ! Le groupe soutient \u00e9galement l&rsquo;arriv\u00e9e \u00e0 Nice de Marcel, le r\u00e9seau de VTC \u00e0 la fran\u00e7aise, \u00e9thique vis-\u00e0-vis de ses collaborateurs, de ses clients, comme de la plan\u00e8te. Elise Potola, qui dirige BYmyCAR sur la C\u00f4te d&rsquo;Azur, fait le point sur ces nouveaut\u00e9s.<\/p>\n\n\n\n<p><strong>Elise, en quoi consiste le lancement de cette nouvelle offre d&rsquo;abonnement auto, unique en son genre sur la C\u00f4te d&rsquo;Azur ?<\/strong><\/p>\n\n\n\n<p>Nous r\u00e9fl\u00e9chissions depuis longtemps \u00e0 apporter une r\u00e9ponse simple et concr\u00e8te \u00e0 la question de la flexibilit\u00e9 de la mobilit\u00e9 en voiture. Avec \u00ab&nbsp;BYmyCAR Flex \u00bb, nous lan\u00e7ons une formule unique d\u2019abonnement auto, de 1 \u00e0 12 mois, sans aucun engagement de dur\u00e9e, \u00e0 loyer mensuel fixe, sans apport et compl\u00e8te&nbsp;: location de la voiture, entretien, assurance, rapatriement. Cette offre est disponible dans 5 concessions fran\u00e7aises de BYmyCAR, dont Mercedes Villeneuve-Loubet, o\u00f9 nous proposons une s\u00e9lection de v\u00e9hicules Mercedes et SMART de notre parc de VO. Elle peut \u00eatre contract\u00e9e par un particulier comme par une entreprise et en 5 minutes en concession, vous savez si vous y \u00eates \u00e9ligible. Seules conditions obligatoires : avoir au minimum 21 ans et deux ans de permis de conduire.<\/p>\n\n\n\n<p><strong>Que comprend-elle, par rapport au seul leasing ?<\/strong><\/p>\n\n\n\n<p>Outre le non-engagement et l\u2019offre compl\u00e8te, vous avez droit \u00e0 une journ\u00e9e de location courte dur\u00e9e de v\u00e9hicule par mois, cumulable sur deux mois. Ce qui vous permet de disposer temporairement, d\u2019un autre type de v\u00e9hicule&nbsp;: fourgon, utilitaire, van, pour une utilisation diff\u00e9rente de la voiture. Avec l\u2019abonnement, vous avez \u00e9galement droit \u00e0 10 % de r\u00e9duction sur le service de Marcel\u2026<\/p>\n\n\n\n<p><strong>Mais qui est donc ce Marcel, VTC \u00e0 la Fran\u00e7aise ?<\/strong><\/p>\n\n\n\n<p>BYmyCAR a investi dans cette entreprise de VTC, qui, en plus d\u2019offrir un service de qualit\u00e9 accessible \u00e0 tous, r\u00e9pond aux pr\u00e9occupations sociales et environnementales des citoyens.<\/p>\n\n\n<a href=\"#\" class=\"_3d-flip-book  fb3d-link-lightbox-mode\" data-id=\"7252\" data-mode=\"link-lightbox\" data-title=\"false\" data-template=\"short-white-book-view\" data-lightbox=\"dark\" data-urlparam=\"fb3d-page\" data-page-n=\"0\" data-pdf=\"\" data-tax=\"null\" data-thumbnail=\"\" data-cols=\"3\" data-query=\"\"><img decoding=\"async\" src=\"http:\/\/www.in-magazines.com\/magazine\/wp-content\/uploads\/2021\/05\/btn.jpg\"><\/a>\n","protected":false},"excerpt":{"rendered":"<p>BYmyCAR, pionnier de l&rsquo;innovation sur les questions de mobilit&eacute;, lance l&rsquo;abonnement auto, sans engagement et sans apport : une r&eacute;volution ! Le groupe soutient &eacute;galement l&rsquo;arriv&eacute;e &agrave; Nice de Marcel, le r&eacute;seau de VTC &agrave; la fran&ccedil;aise, &eacute;thique vis-&agrave;-vis de ses collaborateurs, de ses clients, comme de la plan&egrave;te. Elise Potola, qui dirige BYmyCAR sur&hellip; <a class=\"more-link\" href=\"https:\/\/www.in-magazines.com\/magazine\/sommaire\/inmagazine-24\/bymycar-flex-labonnement-auto-sans-engagement-en-toute-liberte\/\">Poursuivre la lecture <span class=\"screen-reader-text\">BYMYCAR FLEX : l\u2019abonnement auto sans engagement, en toute libert\u00e9 !<\/span><\/a><\/p>\n","protected":false},"author":1,"featured_media":7254,"comment_status":"open","ping_status":"open","sticky":false,"template":"","format":"standard","meta":{"footnotes":""},"categories":[1519,30],"tags":[147,406],"yoast_head":"<!-- This site is optimized with the Yoast SEO plugin v16.2 - https:\/\/yoast.com\/wordpress\/plugins\/seo\/ -->\n<title>BYMYCAR FLEX : l\u2019abonnement auto sans engagement, en toute libert\u00e9 ! - In Magazines<\/title>\n<meta name=\"robots\" content=\"index, follow, max-snippet:-1, max-image-preview:large, max-video-preview:-1\" \/>\n<link rel=\"canonical\" href=\"https:\/\/www.in-magazines.com\/magazine\/categories\/intensite\/bymycar-flex-labonnement-auto-sans-engagement-en-toute-liberte\/\" \/>\n<meta property=\"og:locale\" content=\"fr_FR\" \/>\n<meta property=\"og:type\" content=\"article\" \/>\n<meta property=\"og:title\" content=\"BYMYCAR FLEX : l\u2019abonnement auto sans engagement, en toute libert\u00e9 ! - In Magazines\" \/>\n<meta property=\"og:description\" content=\"BYmyCAR, pionnier de l&rsquo;innovation sur les questions de mobilit&eacute;, lance l&rsquo;abonnement auto, sans engagement et sans apport : une r&eacute;volution ! Le groupe soutient &eacute;galement l&rsquo;arriv&eacute;e &agrave; Nice de Marcel, le r&eacute;seau de VTC &agrave; la fran&ccedil;aise, &eacute;thique vis-&agrave;-vis de ses collaborateurs, de ses clients, comme de la plan&egrave;te. Elise Potola, qui dirige BYmyCAR sur&hellip; Poursuivre la lecture BYMYCAR FLEX : l\u2019abonnement auto sans engagement, en toute libert\u00e9 !\" \/>\n<meta property=\"og:url\" content=\"https:\/\/www.in-magazines.com\/magazine\/categories\/intensite\/bymycar-flex-labonnement-auto-sans-engagement-en-toute-liberte\/\" \/>\n<meta property=\"og:site_name\" content=\"In Magazines\" \/>\n<meta property=\"article:published_time\" content=\"2021-12-01T10:01:00+00:00\" \/>\n<meta property=\"article:modified_time\" content=\"2021-12-01T11:39:48+00:00\" \/>\n<meta property=\"og:image\" content=\"http:\/\/www.in-magazines.com\/magazine\/wp-content\/uploads\/2021\/12\/img85.jpg\" \/>\n\t<meta property=\"og:image:width\" content=\"414\" \/>\n\t<meta property=\"og:image:height\" content=\"621\" \/>\n<meta name=\"twitter:label1\" content=\"Dur\u00e9e de lecture est.\">\n\t<meta name=\"twitter:data1\" content=\"2 minutes\">\n<script type=\"application\/ld+json\" class=\"yoast-schema-graph\">{\"@context\":\"https:\/\/schema.org\",\"@graph\":[{\"@type\":\"WebSite\",\"@id\":\"https:\/\/www.in-magazines.com\/magazine\/#website\",\"url\":\"https:\/\/www.in-magazines.com\/magazine\/\",\"name\":\"In Magazines\",\"description\":\"\",\"potentialAction\":[{\"@type\":\"SearchAction\",\"target\":\"https:\/\/www.in-magazines.com\/magazine\/?s={search_term_string}\",\"query-input\":\"required name=search_term_string\"}],\"inLanguage\":\"fr-FR\"},{\"@type\":\"ImageObject\",\"@id\":\"https:\/\/www.in-magazines.com\/magazine\/categories\/intensite\/bymycar-flex-labonnement-auto-sans-engagement-en-toute-liberte\/#primaryimage\",\"inLanguage\":\"fr-FR\",\"url\":\"https:\/\/www.in-magazines.com\/magazine\/wp-content\/uploads\/2021\/12\/img85.jpg\",\"contentUrl\":\"https:\/\/www.in-magazines.com\/magazine\/wp-content\/uploads\/2021\/12\/img85.jpg\",\"width\":414,\"height\":621},{\"@type\":\"WebPage\",\"@id\":\"https:\/\/www.in-magazines.com\/magazine\/categories\/intensite\/bymycar-flex-labonnement-auto-sans-engagement-en-toute-liberte\/#webpage\",\"url\":\"https:\/\/www.in-magazines.com\/magazine\/categories\/intensite\/bymycar-flex-labonnement-auto-sans-engagement-en-toute-liberte\/\",\"name\":\"BYMYCAR FLEX : l\\u2019abonnement auto sans engagement, en toute libert\\u00e9 ! - In Magazines\",\"isPartOf\":{\"@id\":\"https:\/\/www.in-magazines.com\/magazine\/#website\"},\"primaryImageOfPage\":{\"@id\":\"https:\/\/www.in-magazines.com\/magazine\/categories\/intensite\/bymycar-flex-labonnement-auto-sans-engagement-en-toute-liberte\/#primaryimage\"},\"datePublished\":\"2021-12-01T10:01:00+00:00\",\"dateModified\":\"2021-12-01T11:39:48+00:00\",\"author\":{\"@id\":\"https:\/\/www.in-magazines.com\/magazine\/#\/schema\/person\/c27e7dabb9a1ef380814bdd5636d07e3\"},\"breadcrumb\":{\"@id\":\"https:\/\/www.in-magazines.com\/magazine\/categories\/intensite\/bymycar-flex-labonnement-auto-sans-engagement-en-toute-liberte\/#breadcrumb\"},\"inLanguage\":\"fr-FR\",\"potentialAction\":[{\"@type\":\"ReadAction\",\"target\":[\"https:\/\/www.in-magazines.com\/magazine\/categories\/intensite\/bymycar-flex-labonnement-auto-sans-engagement-en-toute-liberte\/\"]}]},{\"@type\":\"BreadcrumbList\",\"@id\":\"https:\/\/www.in-magazines.com\/magazine\/categories\/intensite\/bymycar-flex-labonnement-auto-sans-engagement-en-toute-liberte\/#breadcrumb\",\"itemListElement\":[{\"@type\":\"ListItem\",\"position\":1,\"item\":{\"@id\":\"https:\/\/www.in-magazines.com\/magazine\/categories\/intensite\/bymycar-flex-labonnement-auto-sans-engagement-en-toute-liberte\/#webpage\"}}]},{\"@type\":\"Person\",\"@id\":\"https:\/\/www.in-magazines.com\/magazine\/#\/schema\/person\/c27e7dabb9a1ef380814bdd5636d07e3\",\"name\":\"backinmag\",\"image\":{\"@type\":\"ImageObject\",\"@id\":\"https:\/\/www.in-magazines.com\/magazine\/#personlogo\",\"inLanguage\":\"fr-FR\",\"url\":\"https:\/\/secure.gravatar.com\/avatar\/13a234bb19dc4fd04793d73c3472fbdb?s=96&d=mm&r=g\",\"contentUrl\":\"https:\/\/secure.gravatar.com\/avatar\/13a234bb19dc4fd04793d73c3472fbdb?s=96&d=mm&r=g\",\"caption\":\"backinmag\"},\"sameAs\":[\"http:\/\/www.in-magazines.com\/magazin\"]}]}<\/script>\n<!-- \/ Yoast SEO plugin. -->","_links":{"self":[{"href":"https:\/\/www.in-magazines.com\/magazine\/wp-json\/wp\/v2\/posts\/7248"}],"collection":[{"href":"https:\/\/www.in-magazines.com\/magazine\/wp-json\/wp\/v2\/posts"}],"about":[{"href":"https:\/\/www.in-magazines.com\/magazine\/wp-json\/wp\/v2\/types\/post"}],"author":[{"embeddable":true,"href":"https:\/\/www.in-magazines.com\/magazine\/wp-json\/wp\/v2\/users\/1"}],"replies":[{"embeddable":true,"href":"https:\/\/www.in-magazines.com\/magazine\/wp-json\/wp\/v2\/comments?post=7248"}],"version-history":[{"count":7,"href":"https:\/\/www.in-magazines.com\/magazine\/wp-json\/wp\/v2\/posts\/7248\/revisions"}],"predecessor-version":[{"id":7295,"href":"https:\/\/www.in-magazines.com\/magazine\/wp-json\/wp\/v2\/posts\/7248\/revisions\/7295"}],"wp:featuredmedia":[{"embeddable":true,"href":"https:\/\/www.in-magazines.com\/magazine\/wp-json\/wp\/v2\/media\/7254"}],"wp:attachment":[{"href":"https:\/\/www.in-magazines.com\/magazine\/wp-json\/wp\/v2\/media?parent=7248"}],"wp:term":[{"taxonomy":"category","embeddable":true,"href":"https:\/\/www.in-magazines.com\/magazine\/wp-json\/wp\/v2\/categories?post=7248"},{"taxonomy":"post_tag","embeddable":true,"href":"https:\/\/www.in-magazines.com\/magazine\/wp-json\/wp\/v2\/tags?post=7248"}],"curies":[{"name":"wp","href":"https:\/\/api.w.org\/{rel}","templated":true}]}}